{"id":102465,"date":"2023-11-15T08:37:50","date_gmt":"2023-11-15T11:37:50","guid":{"rendered":"https:\/\/corrientesdetarde.com\/?p=102465"},"modified":"2023-11-15T08:38:02","modified_gmt":"2023-11-15T11:38:02","slug":"conferencia-de-lionel-scaloni-y-entrenamiento-por-la-tarde-el-minuto-a-minuto-de-la-seleccion-argentina","status":"publish","type":"post","link":"https:\/\/corrientesdetarde.com\/index.php\/deportes\/conferencia-de-lionel-scaloni-y-entrenamiento-por-la-tarde-el-minuto-a-minuto-de-la-seleccion-argentina\/","title":{"rendered":"Conferencia de Lionel Scaloni y entrenamiento por la tarde: el minuto a minuto de la Selecci\u00f3n argentina"},"content":{"rendered":"\n<p>La\u00a0<strong>Selecci\u00f3n argentina<\/strong>afrontar\u00e1 una doble fecha de Eliminatorias de alto voltaje. Con el objetivo de dar un paso m\u00e1s rumbo al Mundial 2026, el combinado campe\u00f3n del mundo<strong>\u00a0recibir\u00e1 este jueves a Uruguay en la Bombonera<\/strong>y visitar\u00e1 el\u00a0<strong>martes a Brasil<\/strong>\u00a0en el Maracan\u00e1. Dos rivales de mucha categor\u00eda.<\/p>\n\n\n\n<p>Este mi\u00e9rcoles ser\u00e1 un d\u00eda clave, el \u00faltimo antes de enfrentar al seleccionado charr\u00faa. Un d\u00eda en el que<strong>&nbsp;Lionel Scaloni hablar\u00e1 en conferencia<\/strong>&nbsp;<strong>de prensa<\/strong>&nbsp;poco antes del mediod\u00eda y en el que, ya por la tarde, a las 17.50, se realizar\u00e1 un<strong>&nbsp;entrenamiento a puertas cerradas&nbsp;<\/strong>para terminar de definir el equipo para este jueves.<\/p>\n\n\n\n<h2 class=\"wp-block-heading\">La probable formaci\u00f3n de la Selecci\u00f3n argentina para enfrentar a Uruguay<\/h2>\n\n\n\n<p>Scaloni ya tiene en mente una\u00a0<strong>formaci\u00f3n muy avanzada<\/strong>\u00a0para el duelo ante Uruguay, que terminar\u00e1 de definir en el ensayo de esta tarde. Solo hay dos dudas que quedar\u00e1n resueltas en este mismo entrenamiento. El capit\u00e1n y l\u00edder, est\u00e1 claro, ser\u00e1\u00a0<strong>Lionel Messi<\/strong>.<\/p>\n\n\n\n<p>El probable equipo:&nbsp;<strong>Emiliano Mart\u00ednez; Nahuel Molina, Cristian Romero, Nicol\u00e1s Otamendi, Nicol\u00e1s Tagliafico; Rodrigo De Paul, Alexis Mac Allister, Enzo Fern\u00e1ndez; Lionel Messi, Juli\u00e1n \u00c1lvarez o Lautaro Mart\u00ednez y \u00c1ngel Di Mar\u00eda o Nicol\u00e1s Gonz\u00e1lez.<\/strong><\/p>\n\n\n\n<figure class=\"wp-block-image\"><img decoding=\"async\" src=\"https:\/\/tn.com.ar\/resizer\/p8WDO3l0P9pSsnvEDTTf4H12nro=\/767x0\/smart\/filters:format(webp)\/cloudfront-us-east-1.images.arcpublishing.com\/artear\/QF4CTFMIYZGWZCFC5T66YB7YEM.jpg\" alt=\"Lionel Messi y Rodrigo De Paul se r\u00eden luego de un fuerte, pero divertido cruce en el entrenamiento de la Selecci\u00f3n argentina. (Foto: AFP)\"\/><figcaption>Lionel Messi y Rodrigo De Paul se r\u00eden luego de un fuerte, pero divertido cruce en el entrenamiento de la Selecci\u00f3n argentina. (Foto: AFP)<\/figcaption><\/figure>\n\n\n\n<h2 class=\"wp-block-heading\">A qu\u00e9 hora juega la Selecci\u00f3n Argentina vs Uruguay por Eliminatorias Sudamericanas<\/h2>\n\n\n\n<p>La&nbsp;<strong>Selecci\u00f3n Argentina se medir\u00e1 este jueves a partir de las 21 horas ante Uruguay en La Bombonera<\/strong>, en la misi\u00f3n de ganar para seguir como l\u00edder de las&nbsp;<strong>Eliminatorias Sudamericanas<\/strong>.<\/p>\n\n\n\n<h2 class=\"wp-block-heading\">La lista de los convocados por Lionel Scaloni en la Selecci\u00f3n Argentina, para enfrentar a Uruguay y Brasil<\/h2>\n\n\n\n<ul class=\"wp-block-list\"><li><strong>Emiliano Mart\u00ednez<\/strong>, de Aston Villa (Inglaterra)<\/li><li><strong>Franco Armani<\/strong>, de River Plate<\/li><li><strong>Juan Musso<\/strong>, de Atalanta (Italia)<\/li><li><strong>Walter Ben\u00edtez<\/strong>, de PSV (Pa\u00edses Bajos)<\/li><li><strong>Gonzalo Montiel<\/strong>, de Nottingham Forest (Inglaterra)<\/li><li><strong>Pablo Maffeo<\/strong>, de Mallorca (Espa\u00f1a)<\/li><li><strong>Nahuel Molina<\/strong>, de Atl\u00e9tico de Madrid (Espa\u00f1a)<\/li><li><strong>Germ\u00e1n Pezzella<\/strong>, de Real Betis (Espa\u00f1a)<\/li><li><strong>Cristian Romero<\/strong>, de Tottenham (Inglaterra)<\/li><li><strong>Lucas Mart\u00ednez Quarta<\/strong>, de Fiorentina (Italia)<\/li><li><strong>Nicol\u00e1s Otamendi<\/strong>, de Benfica (Portugal)<\/li><li><strong>Marcos Acu\u00f1a<\/strong>, de Sevilla (Espa\u00f1a)<\/li><li><strong>Francisco Ortega<\/strong>, de Olympiacos (Grecia)<\/li><li><strong>Nicol\u00e1s Tagliafico<\/strong>, de Lyon (Francia)<\/li><li><strong>Leandro Paredes<\/strong>, de Roma (Italia)<\/li><li><strong>Guido Rodr\u00edguez<\/strong>, de Real Betis (Espa\u00f1a)<\/li><li><strong>Enzo Fern\u00e1ndez<\/strong>, de Chelsea (Inglaterra)<\/li><li><strong>Rodrigo De Paul<\/strong>, de Atl\u00e9tico de Madrid (Espa\u00f1a)<\/li><li><strong>Exequiel Palacios<\/strong>, de Bayer Leverkusen (Alemania)<\/li><li><strong>Giovani Lo Celso<\/strong>, de Tottenham (Inglaterra)<\/li><li><strong>Alexis Mac Allister<\/strong>, de Liverpool (Inglaterra)<\/li><li><strong>Paulo Dybala<\/strong>, de Roma (Italia)<\/li><li><strong>\u00c1ngel Di Mar\u00eda<\/strong>, de Benfica (Portugal)<\/li><li><strong>Lionel Messi<\/strong>, de Inter Miami (Estados Unidos)<\/li><li><strong>Juli\u00e1n \u00c1lvarez<\/strong>, de Manchester City (Inglaterra)<\/li><li><strong>Lautaro Mart\u00ednez<\/strong>, de Inter de Mil\u00e1n (Italia)<\/li><li><strong>Nicol\u00e1s Gonz\u00e1lez<\/strong>, de Fiorentina (Italia)<\/li><li><strong>Lucas Ocampos<\/strong>, de Sevilla (Espa\u00f1a)<\/li><\/ul>\n","protected":false},"excerpt":{"rendered":"<p>La\u00a0Selecci\u00f3n argentinaafrontar\u00e1 una doble fecha de Eliminatorias de alto voltaje. Con el objetivo de dar un paso m\u00e1s rumbo al Mundial 2026, el combinado campe\u00f3n del mundo\u00a0recibir\u00e1 este jueves a&hellip; <\/p>\n","protected":false},"author":12,"featured_media":102483,"comment_status":"closed","ping_status":"open","sticky":false,"template":"","format":"standard","meta":{"footnotes":""},"categories":[4],"tags":[],"class_list":["post-102465","post","type-post","status-publish","format-standard","has-post-thumbnail","hentry","category-deportes"],"_links":{"self":[{"href":"https:\/\/corrientesdetarde.com\/index.php\/wp-json\/wp\/v2\/posts\/102465","targetHints":{"allow":["GET"]}}],"collection":[{"href":"https:\/\/corrientesdetarde.com\/index.php\/wp-json\/wp\/v2\/posts"}],"about":[{"href":"https:\/\/corrientesdetarde.com\/index.php\/wp-json\/wp\/v2\/types\/post"}],"author":[{"embeddable":true,"href":"https:\/\/corrientesdetarde.com\/index.php\/wp-json\/wp\/v2\/users\/12"}],"replies":[{"embeddable":true,"href":"https:\/\/corrientesdetarde.com\/index.php\/wp-json\/wp\/v2\/comments?post=102465"}],"version-history":[{"count":1,"href":"https:\/\/corrientesdetarde.com\/index.php\/wp-json\/wp\/v2\/posts\/102465\/revisions"}],"predecessor-version":[{"id":102484,"href":"https:\/\/corrientesdetarde.com\/index.php\/wp-json\/wp\/v2\/posts\/102465\/revisions\/102484"}],"wp:featuredmedia":[{"embeddable":true,"href":"https:\/\/corrientesdetarde.com\/index.php\/wp-json\/wp\/v2\/media\/102483"}],"wp:attachment":[{"href":"https:\/\/corrientesdetarde.com\/index.php\/wp-json\/wp\/v2\/media?parent=102465"}],"wp:term":[{"taxonomy":"category","embeddable":true,"href":"https:\/\/corrientesdetarde.com\/index.php\/wp-json\/wp\/v2\/categories?post=102465"},{"taxonomy":"post_tag","embeddable":true,"href":"https:\/\/corrientesdetarde.com\/index.php\/wp-json\/wp\/v2\/tags?post=102465"}],"curies":[{"name":"wp","href":"https:\/\/api.w.org\/{rel}","templated":true}]}}