{"id":102489,"date":"2023-11-15T09:19:05","date_gmt":"2023-11-15T12:19:05","guid":{"rendered":"https:\/\/corrientesdetarde.com\/?p=102489"},"modified":"2023-11-15T09:19:06","modified_gmt":"2023-11-15T12:19:06","slug":"un-chico-de-13-anos-fue-brutalmente-atacado-a-ladrillazos-por-una-patota-y-esta-en-coma","status":"publish","type":"post","link":"https:\/\/corrientesdetarde.com\/index.php\/informacion-general\/un-chico-de-13-anos-fue-brutalmente-atacado-a-ladrillazos-por-una-patota-y-esta-en-coma\/","title":{"rendered":"Un chico de 13 a\u00f1os fue brutalmente atacado a ladrillazos por una patota y est\u00e1 en coma"},"content":{"rendered":"\n<p>Un chico de 13 a\u00f1os fue\u00a0<strong>atacado brutalmente por una patota\u00a0de adolescentes\u00a0<\/strong>mientras estaba con sus amigos. Le pegaron\u00a0<strong>patadas en la cabeza y hasta un ladrillazo\u00a0<\/strong>que le provocaron hundimiento de cr\u00e1neo. Se encuentra internado en coma y el \u00faltimo parte inform\u00f3 que tiene\u00a0<strong>da\u00f1o cerebral irreversible.<\/strong><\/p>\n\n\n\n<p>El violento episodio ocurri\u00f3 el domingo cerca de las 21:30 en la plaza Jer\u00f3nimo del Barco, en la intersecci\u00f3n de la avenida Col\u00f3n y Garz\u00f3n Maceda, en el barrio Alto Alberdi de\u00a0C\u00f3rdoba.<\/p>\n\n\n\n<p>Fue all\u00ed donde L\u00e1zaro, la v\u00edctima, fue&nbsp;<strong>emboscado&nbsp;<\/strong>por m\u00e1s de&nbsp;<strong>una docena de adolescentes&nbsp;<\/strong>que lo golpearon con brutalidad. De acuerdo al relato de sus padres en di\u00e1logo con T<em>elenoche C\u00f3rdoba<\/em>, en ese momento el chico se encontraba con dos amigos, de los cuales uno de ellos tambi\u00e9n fue agredido, en tanto que el otro logr\u00f3 escapar.<\/p>\n\n\n\n<p>Sin embargo, su hijo fue quien sufri\u00f3 la peor parte.&nbsp;<strong>\u201cLo golpearon hasta provocarle hundimiento de cr\u00e1neo y lo dejaron en coma.&nbsp;<\/strong>Est\u00e1 grave, luchando por su vida.&nbsp;<strong>Uno le peg\u00f3 con un ladrillo en la cabeza y se lo dej\u00f3 marcado\u201d<\/strong>, relat\u00f3 Mariela Cardozo, su mam\u00e1. \u201cNo puedo decir si pele\u00f3 o no, pero supongo que hab\u00eda querido defenderse y uno de los chicos vino y le peg\u00f3 con un ladrillo en la cabeza\u201d, detall\u00f3 la mujer.<\/p>\n\n\n\n<figure class=\"wp-block-image\"><img decoding=\"async\" src=\"https:\/\/tn.com.ar\/resizer\/R9jYs1a_RZT-ZOczSDi9FFJMZj4=\/767x0\/smart\/filters:format(webp)\/cloudfront-us-east-1.images.arcpublishing.com\/artear\/UM46ZMNBP5H2HB2PJUDT4A7M5A.jpg\" alt=\"A L\u00e1zaro lo emboscaron en una plaza cuando estaba con los amigos. (Foto: Google Street View)\"\/><figcaption>A L\u00e1zaro lo emboscaron en una plaza cuando estaba con los amigos. (Foto: Google Street View)<\/figcaption><\/figure>\n\n\n\n<p>En el mismo sentido, manifest\u00f3 no entender a qu\u00e9 se debi\u00f3 el salvaje ataque: \u201cNo hab\u00eda porqu\u00e9. Quisiera pregunt\u00e1rselo a \u00e9l, pero lamentablemente no me lo puede decir\u201d, sostuvo.<\/p>\n\n\n\n<p>Por su parte, el pap\u00e1 de L\u00e1zaro, Fabi\u00e1n Rivarola, expres\u00f3: \u201cLo que hicieron no tiene nombre. No solo le pegaron el ladrillazo, sino que tambi\u00e9n&nbsp;<strong>le pegaron una patada en la cabeza\u201d.<\/strong><\/p>\n\n\n\n<p>En el mismo sentido sostuvo que todos los agresores est\u00e1n identificados por lo que \u201ctarde o temprano van a caer\u201d. Adem\u00e1s, detall\u00f3 que lograron individualizarlos gracias a las c\u00e1maras de seguridad de la plaza y de los comercios de la zona. Sin embargo, hasta el momento<strong>\u00a0no hay ning\u00fan detenido.<\/strong><\/p>\n\n\n\n<p>Con respecto a la salud de su hijo, el hombre se\u00f1al\u00f3 que el panorama no es bueno.<strong>&nbsp;\u201cEn el \u00faltimo parte dijeron que el da\u00f1o cerebral es irreversible.&nbsp;<\/strong>Hay un alto riesgo de que pierda la vida, aunque me aseguraron que van a hacer todo lo que est\u00e9 a su alcance para que eso no pase\u201d, se\u00f1al\u00f3.<\/p>\n\n\n\n<p>\u201cSiguieron hablando los m\u00e9dicos, pero yo qued\u00e9 en otro mundo. Hoy en d\u00eda no s\u00e9 si estoy vivo o si estoy muerto\u201d, lament\u00f3.<\/p>\n\n\n\n<p>Los familiares y amigos de L\u00e1zaro se reunieron en los \u00faltimos d\u00edas en las afueras del Hospital de Ni\u00f1os, donde permanece internado, para pedir por su salud. \u201cLa esperanza est\u00e1 en todos los que los queremos, en todos los que vinieron a hacer el aguante\u201d, expres\u00f3 su madre.<\/p>\n","protected":false},"excerpt":{"rendered":"<p>Un chico de 13 a\u00f1os fue\u00a0atacado brutalmente por una patota\u00a0de adolescentes\u00a0mientras estaba con sus amigos. Le pegaron\u00a0patadas en la cabeza y hasta un ladrillazo\u00a0que le provocaron hundimiento de cr\u00e1neo. Se&hellip; <\/p>\n","protected":false},"author":12,"featured_media":102496,"comment_status":"closed","ping_status":"open","sticky":false,"template":"","format":"standard","meta":{"footnotes":""},"categories":[1,33],"tags":[],"class_list":["post-102489","post","type-post","status-publish","format-standard","has-post-thumbnail","hentry","category-informacion-general","category-policiales"],"_links":{"self":[{"href":"https:\/\/corrientesdetarde.com\/index.php\/wp-json\/wp\/v2\/posts\/102489","targetHints":{"allow":["GET"]}}],"collection":[{"href":"https:\/\/corrientesdetarde.com\/index.php\/wp-json\/wp\/v2\/posts"}],"about":[{"href":"https:\/\/corrientesdetarde.com\/index.php\/wp-json\/wp\/v2\/types\/post"}],"author":[{"embeddable":true,"href":"https:\/\/corrientesdetarde.com\/index.php\/wp-json\/wp\/v2\/users\/12"}],"replies":[{"embeddable":true,"href":"https:\/\/corrientesdetarde.com\/index.php\/wp-json\/wp\/v2\/comments?post=102489"}],"version-history":[{"count":1,"href":"https:\/\/corrientesdetarde.com\/index.php\/wp-json\/wp\/v2\/posts\/102489\/revisions"}],"predecessor-version":[{"id":102497,"href":"https:\/\/corrientesdetarde.com\/index.php\/wp-json\/wp\/v2\/posts\/102489\/revisions\/102497"}],"wp:featuredmedia":[{"embeddable":true,"href":"https:\/\/corrientesdetarde.com\/index.php\/wp-json\/wp\/v2\/media\/102496"}],"wp:attachment":[{"href":"https:\/\/corrientesdetarde.com\/index.php\/wp-json\/wp\/v2\/media?parent=102489"}],"wp:term":[{"taxonomy":"category","embeddable":true,"href":"https:\/\/corrientesdetarde.com\/index.php\/wp-json\/wp\/v2\/categories?post=102489"},{"taxonomy":"post_tag","embeddable":true,"href":"https:\/\/corrientesdetarde.com\/index.php\/wp-json\/wp\/v2\/tags?post=102489"}],"curies":[{"name":"wp","href":"https:\/\/api.w.org\/{rel}","templated":true}]}}