{"id":102491,"date":"2023-11-15T09:21:11","date_gmt":"2023-11-15T12:21:11","guid":{"rendered":"https:\/\/corrientesdetarde.com\/?p=102491"},"modified":"2023-11-15T09:21:15","modified_gmt":"2023-11-15T12:21:15","slug":"un-ladron-simulo-ser-pasajero-y-asesino-a-punaladas-a-un-taxista-en-parque-avellaneda","status":"publish","type":"post","link":"https:\/\/corrientesdetarde.com\/index.php\/policiales\/un-ladron-simulo-ser-pasajero-y-asesino-a-punaladas-a-un-taxista-en-parque-avellaneda\/","title":{"rendered":"Un ladr\u00f3n simul\u00f3 ser pasajero y asesin\u00f3 a pu\u00f1aladas a un taxista en Parque Avellaneda"},"content":{"rendered":"\n<p>Un taxista de 67 a\u00f1os fue&nbsp;<strong>asesinado a pu\u00f1aladas&nbsp;<\/strong>por un delincuente que se hizo pasar por un pasajero para abordarlo y en medio del viaje, a la altura del barrio porte\u00f1o de Parque Avellaneda,&nbsp;<strong>lo atac\u00f3 para robarle&nbsp;<\/strong>el celular y el dinero de la recaudaci\u00f3n.<\/p>\n\n\n\n<p>El hecho que se conoci\u00f3 en las \u00faltimas horas ocurri\u00f3 en la madrugada del lunes en el cruce de la<strong>\u00a0avenida Eva Per\u00f3n y la calle Laguna<\/strong>, cerca de la autopista Perito Moreno. All\u00ed fue donde el supuesto cliente que la v\u00edctima, identificado como Luis Edgar Fuentes, hab\u00eda dejado subir a su taxi unos minutos antes, revel\u00f3 sus verdaderas intenciones y arremeti\u00f3 contra \u00e9l con un arma blanca.<\/p>\n\n\n\n<p>Mientras el taxista agonizaba dentro de su propio , el delincuente se escap\u00f3 corriendo del lugar y unos<strong>&nbsp;vecinos que advirtieron la situaci\u00f3n&nbsp;<\/strong>llamaron al 911 para pedir ayuda. Fuentes fue traslado de&nbsp;<strong>urgencia al hospital Pi\u00f1ero,<\/strong>&nbsp;en el barrio de Flores, pero el da\u00f1o que hab\u00eda sufrido era irreversible.<\/p>\n\n\n\n<p>Los m\u00e9dicos decidieron operar al chofer debido a que presentaba un&nbsp;<strong>neumot\u00f3rax en el pulm\u00f3n derecho,&nbsp;<\/strong>pero unas horas m\u00e1s tarde, ya durante la noche, muri\u00f3 por la gravedad del cuadro.<\/p>\n\n\n\n<figure class=\"wp-block-image\"><img decoding=\"async\" src=\"https:\/\/tn.com.ar\/resizer\/TOprbUqxFGFrc6gA2R9yaRkWS7Q=\/767x0\/smart\/filters:format(webp)\/cloudfront-us-east-1.images.arcpublishing.com\/artear\/KYNZM5GGVJBVLFRAX2TMJ6ZQMM.JPG\" alt=\"La v\u00edctima muri\u00f3 en el hospital Pi\u00f1ero, tras ser operado de urgencia por un neumot\u00f3rax en el pulm\u00f3n derecho. (Foto: Facebook).\"\/><figcaption>La v\u00edctima muri\u00f3 en el hospital Pi\u00f1ero, tras ser operado de urgencia por un neumot\u00f3rax en el pulm\u00f3n derecho. (Foto: Facebook).<\/figcaption><\/figure>\n\n\n\n<p>Pese al fatal desenlace, durante los \u00faltimos&nbsp;<strong>minutos que estuvo consciente,&nbsp;<\/strong>Fuentes lleg\u00f3 a contar que hab\u00eda sufrido un asalto y apunt\u00f3 contra el pasajero, por lo que ahora la Justicia trabaja para ubicarlo.<\/p>\n\n\n\n<p>\u201cSe est\u00e1 intentando\u00a0<strong>encontrar huellas dactilares\u00a0<\/strong>del agresor que puedan servir para cotejo y, de esa manera, quiz\u00e1 se logre identificarlo\u201d, explic\u00f3 a\u00a0<em>T\u00e9lam\u00a0<\/em>una fuente cercana a la causa, que lleva adelante el fiscal Mart\u00edn L\u00f3pez Perrando, a cargo de la Fiscal\u00eda Nacional en lo Criminal y Correccional 12.<\/p>\n\n\n\n<p>Adem\u00e1s, Perrando dispuso que se realice un&nbsp;<strong>relevamiento de c\u00e1maras de seguridad<\/strong>&nbsp;en la zona, ya que la avenida Eva Per\u00f3n es comercial y es probable que existan filmaciones del&nbsp;<strong>momento en el que el auto se detiene<\/strong>&nbsp;y el homicida escapa.<\/p>\n\n\n\n<p>Si bien el fiscal le hab\u00eda encomendado las tareas a los efectivos de la comisar\u00eda Vecinal 9C,&nbsp;<strong>tras la muerte del taxista<\/strong>&nbsp;se le dio intervenci\u00f3n a los detectives de la Divisi\u00f3n Homicidios de la fuerza porte\u00f1a.<\/p>\n","protected":false},"excerpt":{"rendered":"<p>Un taxista de 67 a\u00f1os fue&nbsp;asesinado a pu\u00f1aladas&nbsp;por un delincuente que se hizo pasar por un pasajero para abordarlo y en medio del viaje, a la altura del barrio porte\u00f1o&hellip; <\/p>\n","protected":false},"author":12,"featured_media":102498,"comment_status":"closed","ping_status":"open","sticky":false,"template":"","format":"standard","meta":{"footnotes":""},"categories":[33],"tags":[],"class_list":["post-102491","post","type-post","status-publish","format-standard","has-post-thumbnail","hentry","category-policiales"],"_links":{"self":[{"href":"https:\/\/corrientesdetarde.com\/index.php\/wp-json\/wp\/v2\/posts\/102491","targetHints":{"allow":["GET"]}}],"collection":[{"href":"https:\/\/corrientesdetarde.com\/index.php\/wp-json\/wp\/v2\/posts"}],"about":[{"href":"https:\/\/corrientesdetarde.com\/index.php\/wp-json\/wp\/v2\/types\/post"}],"author":[{"embeddable":true,"href":"https:\/\/corrientesdetarde.com\/index.php\/wp-json\/wp\/v2\/users\/12"}],"replies":[{"embeddable":true,"href":"https:\/\/corrientesdetarde.com\/index.php\/wp-json\/wp\/v2\/comments?post=102491"}],"version-history":[{"count":1,"href":"https:\/\/corrientesdetarde.com\/index.php\/wp-json\/wp\/v2\/posts\/102491\/revisions"}],"predecessor-version":[{"id":102499,"href":"https:\/\/corrientesdetarde.com\/index.php\/wp-json\/wp\/v2\/posts\/102491\/revisions\/102499"}],"wp:featuredmedia":[{"embeddable":true,"href":"https:\/\/corrientesdetarde.com\/index.php\/wp-json\/wp\/v2\/media\/102498"}],"wp:attachment":[{"href":"https:\/\/corrientesdetarde.com\/index.php\/wp-json\/wp\/v2\/media?parent=102491"}],"wp:term":[{"taxonomy":"category","embeddable":true,"href":"https:\/\/corrientesdetarde.com\/index.php\/wp-json\/wp\/v2\/categories?post=102491"},{"taxonomy":"post_tag","embeddable":true,"href":"https:\/\/corrientesdetarde.com\/index.php\/wp-json\/wp\/v2\/tags?post=102491"}],"curies":[{"name":"wp","href":"https:\/\/api.w.org\/{rel}","templated":true}]}}