{"id":102492,"date":"2023-11-15T09:26:02","date_gmt":"2023-11-15T12:26:02","guid":{"rendered":"https:\/\/corrientesdetarde.com\/?p=102492"},"modified":"2023-11-15T09:26:06","modified_gmt":"2023-11-15T12:26:06","slug":"la-escalofriante-carta-que-cambia-la-version-de-la-docente-denunciada-en-la-plata-por-abuso-te-voy-a-matar","status":"publish","type":"post","link":"https:\/\/corrientesdetarde.com\/index.php\/policiales\/la-escalofriante-carta-que-cambia-la-version-de-la-docente-denunciada-en-la-plata-por-abuso-te-voy-a-matar\/","title":{"rendered":"La escalofriante carta que cambia la versi\u00f3n de la docente denunciada en La Plata por abuso: \u201cTe voy a matar\u201d"},"content":{"rendered":"\n<p>La situaci\u00f3n judicial de la maestra\u00a0denunciada por acoso virtual y grooming en La Plata\u00a0es cada vez m\u00e1s complicada. En las \u00faltimas horas, una carta que habr\u00eda sido escrita a mano por\u00a0<strong>Daniela Mujica<\/strong>, la docente de 33 a\u00f1os,\u00a0<strong>revelar\u00eda otra faceta del v\u00ednculo que manten\u00eda con sus alumnos.<\/strong><\/p>\n\n\n\n<p>El comportamiento expresado en la hoja cuadriculada exhibe una amenaza a J., uno de los denunciantes:<strong>\u00a0\u201cQu\u00e9 suerte tengo de tenerte siempre. Ojal\u00e1 siempre sea as\u00ed, sab\u00e9s que te amo con todo mi coraz\u00f3n. Siempre sos el n\u00famero 1 para m\u00ed\u201d.<\/strong><\/p>\n\n\n\n<p>Antes de culminar la carta con un&nbsp;<strong>\u201cte amo\u201d<\/strong>&nbsp;y un&nbsp;<strong>\u201csiempre m\u00edo\u201d<\/strong>, la nueva prueba concluye:&nbsp;<strong>\u201cY si me lleg\u00e1s a cambiar una vez m\u00e1s, te voy a matar\u201d.<\/strong><\/p>\n\n\n\n<p>La carta es parte del expediente que se tramita en la Unidad Funcional de Instrucci\u00f3n N\u00b018 de La Plata, a cargo del fiscal Hugo Tess\u00f3n, y el Juzgado de Garant\u00edas N\u00b02, comandado por el doctor Eduardo Silva Pelosi, en donde&nbsp;<strong>la Justicia investiga el accionar de la maestra que daba clases de Ciencias Sociales en dos cursos de la Escuela N\u00b058.<\/strong><\/p>\n\n\n\n<figure class=\"wp-block-image\"><img decoding=\"async\" src=\"https:\/\/tn.com.ar\/resizer\/E8SkVZDeBiF-VQWF86XK9VSXsAo=\/767x0\/smart\/filters:format(webp)\/cloudfront-us-east-1.images.arcpublishing.com\/artear\/5IYS6RU65VGA7D3XLMT2XYNGIU.jpg\" alt=\"La carta presentada en la investigaci\u00f3n ser\u00e1 sometida a una pericia caligr\u00e1fica.\"\/><figcaption>La carta presentada en la investigaci\u00f3n ser\u00e1 sometida a una pericia caligr\u00e1fica.<\/figcaption><\/figure>\n\n\n\n<p>La carta, aportada por los padres del menor,&nbsp;<strong>no ser\u00eda la \u00fanica que la docente le habr\u00eda escrito a sus alumnos.<\/strong>&nbsp;Mar\u00eda, madre de otra denunciante, le cont\u00f3 a&nbsp;<strong>TN&nbsp;<\/strong>que su hija guardaba una en su mochila y que ya fue incorporada en la investigaci\u00f3n.<\/p>\n\n\n\n<p>Para constatar si la carta fue escrita de pu\u00f1o y letra por Mujica, tanto su defensa como el abogado de las familias denunciantes pedir\u00e1n una&nbsp;<strong>pericia caligr\u00e1fica<\/strong>, la cual permitir\u00e1 determinar si la docente efectivamente le dedicaba este tipo de textos a sus alumnos.<\/p>\n\n\n\n<p>El lunes, Mujica rompiera el silencio en una entrevista con&nbsp;<em>Telenoche<\/em>&nbsp;(<em>eltrece<\/em>): \u201c<strong>Los nenes me ten\u00edan agendada como \u00b4mami\u00b4, me dec\u00edan \u00b4mam\u00e1\u00b4<\/strong>, me ven\u00edan a saludar todos los d\u00edas en la puerta del colegio y&nbsp;<strong>los abrazaba enfrente de sus familias\u201d.<\/strong><\/p>\n\n\n\n<figure class=\"wp-block-image\"><img decoding=\"async\" src=\"https:\/\/tn.com.ar\/resizer\/T3ulrCZW5o-TI-j3I3zoh5wioTM=\/767x0\/smart\/filters:format(webp)\/cloudfront-us-east-1.images.arcpublishing.com\/artear\/R4B6OZBYMZAJJNZJDNMNSKLNUE.jpeg\" alt=\"Daniela Mujica es docente y tiene 33 a\u00f1os (Foto: TN).\"\/><figcaption>Daniela Mujica es docente y tiene 33 a\u00f1os (Foto: TN).<\/figcaption><\/figure>\n\n\n\n<p>Acompa\u00f1ada por su abogado&nbsp;<strong>\u00c1lvaro N\u00fa\u00f1ez<\/strong>, remarc\u00f3 que con respecto a los chats&nbsp;<strong>\u201chab\u00eda un exceso de confianza con los chicos\u201d por la forma en la que les hablaba.<\/strong><\/p>\n\n\n\n<p>Brenda, mam\u00e1 del primer denunciante, dijo a&nbsp;<strong>TN<\/strong>: \u201cElla se pisa con sus propias mentiras. Dijo que la amenazamos, eso jam\u00e1s pas\u00f3. Incluso&nbsp;<strong>quer\u00edan que vayamos a su domicilio, pero nosotros no vamos a hacerlo<\/strong>&nbsp;porque sabemos que tiene un hijo con autismo y si hacemos l\u00edo lo podemos perjudicar. Nosotros s\u00ed pensamos en los chicos\u201d.<\/p>\n\n\n\n<figure class=\"wp-block-image\"><img decoding=\"async\" src=\"https:\/\/tn.com.ar\/resizer\/ADn9deIRy1y9yFcDi6Ef30ptCPA=\/767x0\/smart\/filters:format(webp)\/cloudfront-us-east-1.images.arcpublishing.com\/artear\/TGUYLD5YNZDTFEJW6S3FD3RI5I.jpeg\" alt=\"Uno de los chats que la docente habr\u00eda mantenido con un alumno.\"\/><figcaption>Uno de los chats que la docente habr\u00eda mantenido con un alumno.<\/figcaption><\/figure>\n\n\n\n<p>Brenda detall\u00f3 que el contacto que ten\u00edan con ella era a trav\u00e9s de las reuniones que la propia docente convocaba: \u201cNos dec\u00eda que ten\u00eda un grado maravilloso y que se portaban excelente.&nbsp;<strong>Por eso nos decepcion\u00f3 tanto todo esto, porque la quer\u00edamos<\/strong>\u201d.<\/p>\n\n\n\n<p>\u201cMir\u00e1 si vamos a inventar todo esto por un examen desaprobado. No tiene l\u00f3gica.&nbsp;<strong>Jam\u00e1s har\u00eda pasar a mi hijo por una situaci\u00f3n tan lamentable<\/strong>\u201d, agreg\u00f3.<\/p>\n\n\n\n<h2 class=\"wp-block-heading\">La sospecha detr\u00e1s de un accionar de la docente que angustia a los padres denunciantes<\/h2>\n\n\n\n<p>Brenda, a la distancia, siente tristeza por no haberse dado cuenta de que Mujica \u201c<strong>no era una maestra copada como cre\u00edamos.<\/strong>&nbsp;La compar\u00e1bamos con otras docentes y nos gustaba que no era seria como las dem\u00e1s\u201d.<\/p>\n\n\n\n<p>Por estas horas, la sospecha que atraviesa e interpela a los padres tiene que ver con la decisi\u00f3n que tomaba Mujica ante cada paro docente:&nbsp;<strong>\u201cElla no se adher\u00eda a ninguna medida de fuerza. Nos dimos cuenta ahora\u201d.<\/strong><\/p>\n\n\n\n<figure class=\"wp-block-image\"><img decoding=\"async\" src=\"https:\/\/tn.com.ar\/resizer\/XQKpkyRT3HLHoAdQtJRgu98UxnA=\/767x0\/smart\/filters:format(webp)\/cloudfront-us-east-1.images.arcpublishing.com\/artear\/OMZURGO5VZAWRGTMBIFBMBKOJE.jpg\" alt=\"Mujica rompi\u00f3 el silencio y neg\u00f3 todas las acusaciones en su contra: los padres de los alumnos no le creen (Foto: Telenoche).\n\"\/><figcaption>Mujica rompi\u00f3 el silencio y neg\u00f3 todas las acusaciones en su contra: los padres de los alumnos no le creen (Foto: Telenoche).<\/figcaption><\/figure>\n\n\n\n<p>\u201cEra toda buena onda,&nbsp;<strong>nos daba a entender que no lo hac\u00eda para que los chicos no perdieran horas de clases.<\/strong>&nbsp;Imaginate que estamos en una escuela p\u00fablica, donde los paros son moneda corriente. Entonces est\u00e1bamos contentos de que ella nos dijera eso.<strong>&nbsp;Not\u00e1bamos buenas intenciones en cuanto a la ense\u00f1anza<\/strong>\u201d, precis\u00f3 Brenda.<\/p>\n\n\n\n<p>Luego agreg\u00f3: \u201cDec\u00eda que estaba de acuerdo con las medidas de fuerza, pero que no quer\u00eda perder d\u00edas de clases porque los nenes ya estaban por pasar a secundaria y ella ten\u00eda que prepararlos para eso. Sin embargo, es mentira, porque hoy&nbsp;<strong>mi hijo lee un texto y despu\u00e9s no te sabe contestar una pregunta.<\/strong>&nbsp;As\u00ed que mucho de lo que ten\u00eda que ense\u00f1ar no lo hizo\u201d.<\/p>\n\n\n\n<p>\u201cAhora que veo todo lo que pas\u00f3, tambi\u00e9n recuerdo que ella ten\u00eda el sal\u00f3n arriba, donde normalmente no pasa nadie.&nbsp;<strong>Con menos maestras calculo que pod\u00eda hacer lo que quer\u00eda<\/strong>\u201d, complet\u00f3 Brenda.<\/p>\n","protected":false},"excerpt":{"rendered":"<p>La situaci\u00f3n judicial de la maestra\u00a0denunciada por acoso virtual y grooming en La Plata\u00a0es cada vez m\u00e1s complicada. En las \u00faltimas horas, una carta que habr\u00eda sido escrita a mano&hellip; <\/p>\n","protected":false},"author":12,"featured_media":102500,"comment_status":"closed","ping_status":"open","sticky":false,"template":"","format":"standard","meta":{"footnotes":""},"categories":[33],"tags":[],"class_list":["post-102492","post","type-post","status-publish","format-standard","has-post-thumbnail","hentry","category-policiales"],"_links":{"self":[{"href":"https:\/\/corrientesdetarde.com\/index.php\/wp-json\/wp\/v2\/posts\/102492","targetHints":{"allow":["GET"]}}],"collection":[{"href":"https:\/\/corrientesdetarde.com\/index.php\/wp-json\/wp\/v2\/posts"}],"about":[{"href":"https:\/\/corrientesdetarde.com\/index.php\/wp-json\/wp\/v2\/types\/post"}],"author":[{"embeddable":true,"href":"https:\/\/corrientesdetarde.com\/index.php\/wp-json\/wp\/v2\/users\/12"}],"replies":[{"embeddable":true,"href":"https:\/\/corrientesdetarde.com\/index.php\/wp-json\/wp\/v2\/comments?post=102492"}],"version-history":[{"count":1,"href":"https:\/\/corrientesdetarde.com\/index.php\/wp-json\/wp\/v2\/posts\/102492\/revisions"}],"predecessor-version":[{"id":102501,"href":"https:\/\/corrientesdetarde.com\/index.php\/wp-json\/wp\/v2\/posts\/102492\/revisions\/102501"}],"wp:featuredmedia":[{"embeddable":true,"href":"https:\/\/corrientesdetarde.com\/index.php\/wp-json\/wp\/v2\/media\/102500"}],"wp:attachment":[{"href":"https:\/\/corrientesdetarde.com\/index.php\/wp-json\/wp\/v2\/media?parent=102492"}],"wp:term":[{"taxonomy":"category","embeddable":true,"href":"https:\/\/corrientesdetarde.com\/index.php\/wp-json\/wp\/v2\/categories?post=102492"},{"taxonomy":"post_tag","embeddable":true,"href":"https:\/\/corrientesdetarde.com\/index.php\/wp-json\/wp\/v2\/tags?post=102492"}],"curies":[{"name":"wp","href":"https:\/\/api.w.org\/{rel}","templated":true}]}}