{"id":102493,"date":"2023-11-15T09:28:55","date_gmt":"2023-11-15T12:28:55","guid":{"rendered":"https:\/\/corrientesdetarde.com\/?p=102493"},"modified":"2023-11-15T09:28:59","modified_gmt":"2023-11-15T12:28:59","slug":"la-inesperada-confesion-de-paulo-dybala-sobre-jose-mourinho-que-involucra-a-lionel-messi","status":"publish","type":"post","link":"https:\/\/corrientesdetarde.com\/index.php\/deportes\/la-inesperada-confesion-de-paulo-dybala-sobre-jose-mourinho-que-involucra-a-lionel-messi\/","title":{"rendered":"La inesperada confesi\u00f3n de Paulo Dybala sobre Jos\u00e9 Mourinho que involucra a Lionel Messi"},"content":{"rendered":"\n<p>Este jueves<strong>\u00a0la selecci\u00f3n Argentina enfrentar\u00e1 a Uruguay<\/strong>\u00a0por las Eliminatorias rumbo al Mundial 2026. El partido se jugar\u00e1 en\u00a0<strong>La Bombonera<\/strong>\u00a0y ser\u00e1 el \u00faltimo encuentro de local del a\u00f1o para el equipo dirigido por\u00a0<strong>Lionel Scaloni<\/strong>. Este martes por la tarde, los jugadores entrenaron en\u00a0<strong>Ezeiza\u00a0<\/strong>y ajustaron detalles de cara al compromiso con la selecci\u00f3n charr\u00faa.<\/p>\n\n\n\n<p>Despu\u00e9s de la pr\u00e1ctica, algunos futbolistas charlaron en zona mixta con los periodistas que estaban esper\u00e1ndolos. Uno de ellos fue&nbsp;<strong>Paulo Dybala<\/strong>, que en un momento determinado hizo una tremenda confesi\u00f3n sobre su entrenador en la Roma,&nbsp;<strong>Jos\u00e9 Mourinho<\/strong>,yque involucra a&nbsp;<strong>Lionel Messi<\/strong>.<\/p>\n\n\n\n<figure class=\"wp-block-image\"><img decoding=\"async\" src=\"https:\/\/tn.com.ar\/resizer\/7jOG18H2e2vA7q3ThTiBsa0H4Ag=\/767x0\/smart\/filters:format(webp)\/thumbs.vodgc.net\/1-14-3Rt5oV1700037757844-1700038063.jpg\" alt=\"Video Placeholder\"\/><\/figure>\n\n\n\n<p>La Joya cont\u00f3 c\u00f3mo es la relaci\u00f3n del portugu\u00e9s con los argentinos. (Video: ESPN)<\/p>\n\n\n\n<p>\u201cReci\u00e9n hablamos con Leo y hac\u00eda referencia a su entrenador. Mourinho te adora a vos, te ama y te pregunto: \u00bfqu\u00e9 te dice cuando ven\u00eds a este lugar que es el m\u00e1s lindo del mundo?\u201d, pregunt\u00f3 uno de los periodistas. \u201c<strong>Tiene mucho aprecio por nosotros, porque trabajamos con \u00e9l pero en realidad es con todos<\/strong>\u201d, dijo el cordob\u00e9s.<\/p>\n\n\n\n<p>\u201cTambi\u00e9n con Gio que lo tuvo, Angelito (Di Mar\u00eda)&#8230;\u00a0<strong>a Leo tambi\u00e9n lo ama<\/strong>, siempre habla bien de todos\u201d, agreg\u00f3 en su respuesta. \u201c\u00c9l quiere mucho a los argentinos, siempre le rindieron y le dieron algo m\u00e1s en su equipo, por eso nos quiere tanto\u201d, cerr\u00f3 Dybala.<\/p>\n\n\n\n<h2 class=\"wp-block-heading\">El sugestivo gesto de Messi y la \u201cmesa chica\u201d con Pablo Maffeo, el espa\u00f1ol convocado a la Selecci\u00f3n argentina<\/h2>\n\n\n\n<p>La\u00a0<strong>Selecci\u00f3n argentina<\/strong>\u00a0se prepara para la pr\u00f3xima doble fecha de Eliminatorias rumbo al Mundial 2026. Este jueves, el<strong>combinado campe\u00f3n del mundo<\/strong>\u00a0enfrentar\u00e1 a Uruguay en la Bombonera, mientras que el martes de la semana que viene visitar\u00e1 a Brasil en el Maracan\u00e1. Dos partidos de alto voltaje.<\/p>\n\n\n\n<p>Los jugadores ya se entrenan en el predio de la AFA bajo las \u00f3rdenes de\u00a0<strong>Lionel Scaloni<\/strong>. Entre los convocados hubo dos grandes sorpresas:\u00a0<strong>Pablo Maffeo<\/strong>\u00a0(lateral derecho espa\u00f1ol, hijo de madre argentina, que juega en el Mallorca y\u00a0<strong>Francisco Ortega<\/strong>\u00a0(ex V\u00e9lez, actual lateral izquierdo del Olympiacos).<\/p>\n\n\n\n<p>Justamente Maffeo fue uno de los grandes protagonistas en las \u00faltimas horas por el\u00a0<strong>gran gesto que tuvieron\u00a0Lionel Messi\u00a0y la \u201cmesa chica\u201d de la Selecci\u00f3n argentina<\/strong>. El espa\u00f1ol fue recibido de la mejor manera por el capit\u00e1n y sus compa\u00f1eros.\u00a0<strong>Todo eso qued\u00f3 en claro en una serie de fotos<\/strong>.<\/p>\n\n\n\n<figure class=\"wp-block-image\"><img decoding=\"async\" src=\"https:\/\/tn.com.ar\/resizer\/IYo4dk6nHoClAw1KukWOCjrxnjk=\/767x0\/smart\/filters:format(webp)\/cloudfront-us-east-1.images.arcpublishing.com\/artear\/QHPBSWPRV5DJJL4AO4EPZ34Y5E.jfif\" alt=\"La imagen fue publicada por el propio Messi en sus redes sociales (Foto: Selecci\u00f3n argentina - @leomessi).\"\/><figcaption>La imagen fue publicada por el propio Messi en sus redes sociales (Foto: Selecci\u00f3n argentina &#8211; @leomessi).<\/figcaption><\/figure>\n\n\n\n<p>En una de las fotos publicadas por la Selecci\u00f3n se puede ver que todos los l\u00edderes, incluido el propio capit\u00e1n, le dieron una gran bienvenida a Maffeo. De hecho, el espa\u00f1ol form\u00f3 parte del equipo reducido junto a<strong>\u00a0Paredes, Messi, De Paul y Lo Celso<\/strong>.<\/p>\n\n\n\n<figure class=\"wp-block-image\"><img decoding=\"async\" src=\"https:\/\/tn.com.ar\/resizer\/_tcXsupKubizCgF0zho1swIyDH4=\/767x0\/smart\/filters:format(webp)\/cloudfront-us-east-1.images.arcpublishing.com\/artear\/ZQUCJFN56BGG7K2NMJEZ3AWD2M.JPG\" alt=\"Messi, a pura risa, con Maffeo muy cerca (Foto: Selecci\u00f3n argentina).\"\/><figcaption>Messi, a pura risa, con Maffeo muy cerca (Foto: Selecci\u00f3n argentina).<\/figcaption><\/figure>\n","protected":false},"excerpt":{"rendered":"<p>Este jueves\u00a0la selecci\u00f3n Argentina enfrentar\u00e1 a Uruguay\u00a0por las Eliminatorias rumbo al Mundial 2026. El partido se jugar\u00e1 en\u00a0La Bombonera\u00a0y ser\u00e1 el \u00faltimo encuentro de local del a\u00f1o para el equipo&hellip; <\/p>\n","protected":false},"author":12,"featured_media":102502,"comment_status":"closed","ping_status":"open","sticky":false,"template":"","format":"standard","meta":{"footnotes":""},"categories":[4],"tags":[],"class_list":["post-102493","post","type-post","status-publish","format-standard","has-post-thumbnail","hentry","category-deportes"],"_links":{"self":[{"href":"https:\/\/corrientesdetarde.com\/index.php\/wp-json\/wp\/v2\/posts\/102493","targetHints":{"allow":["GET"]}}],"collection":[{"href":"https:\/\/corrientesdetarde.com\/index.php\/wp-json\/wp\/v2\/posts"}],"about":[{"href":"https:\/\/corrientesdetarde.com\/index.php\/wp-json\/wp\/v2\/types\/post"}],"author":[{"embeddable":true,"href":"https:\/\/corrientesdetarde.com\/index.php\/wp-json\/wp\/v2\/users\/12"}],"replies":[{"embeddable":true,"href":"https:\/\/corrientesdetarde.com\/index.php\/wp-json\/wp\/v2\/comments?post=102493"}],"version-history":[{"count":1,"href":"https:\/\/corrientesdetarde.com\/index.php\/wp-json\/wp\/v2\/posts\/102493\/revisions"}],"predecessor-version":[{"id":102503,"href":"https:\/\/corrientesdetarde.com\/index.php\/wp-json\/wp\/v2\/posts\/102493\/revisions\/102503"}],"wp:featuredmedia":[{"embeddable":true,"href":"https:\/\/corrientesdetarde.com\/index.php\/wp-json\/wp\/v2\/media\/102502"}],"wp:attachment":[{"href":"https:\/\/corrientesdetarde.com\/index.php\/wp-json\/wp\/v2\/media?parent=102493"}],"wp:term":[{"taxonomy":"category","embeddable":true,"href":"https:\/\/corrientesdetarde.com\/index.php\/wp-json\/wp\/v2\/categories?post=102493"},{"taxonomy":"post_tag","embeddable":true,"href":"https:\/\/corrientesdetarde.com\/index.php\/wp-json\/wp\/v2\/tags?post=102493"}],"curies":[{"name":"wp","href":"https:\/\/api.w.org\/{rel}","templated":true}]}}