{"id":102516,"date":"2023-11-15T10:24:22","date_gmt":"2023-11-15T13:24:22","guid":{"rendered":"https:\/\/corrientesdetarde.com\/?p=102516"},"modified":"2023-11-15T10:24:34","modified_gmt":"2023-11-15T13:24:34","slug":"precios-justos-las-cuatro-frutas-y-verduras-que-se-podran-comprar-a-valores-fijos-en-noviembre","status":"publish","type":"post","link":"https:\/\/corrientesdetarde.com\/index.php\/economia\/precios-justos-las-cuatro-frutas-y-verduras-que-se-podran-comprar-a-valores-fijos-en-noviembre\/","title":{"rendered":"Precios Justos: las cuatro frutas y verduras que se podr\u00e1n comprar a valores fijos en noviembre"},"content":{"rendered":"\n<p>La Secretar\u00eda de Comercio renov\u00f3 el acuerdo de la\u00a0<strong>canasta de frutas y verduras<\/strong>\u00a0de estaci\u00f3n a<strong>\u00a0precios fijos hasta el 30 de noviembre<\/strong>. La medida forma parte de\u00a0<strong>Precios Justos<\/strong>, una de las herramientas con las que el Gobierno busca\u00a0<strong>contener la\u00a0inflaci\u00f3n de los alimentos<\/strong>, el rubro de mayor incidencia en todos los sectores, especialmente los m\u00e1s relegados.<\/p>\n\n\n\n<p>La canasta est\u00e1 disponible en supermercados del\u00a0<strong>\u00c1rea Metropolitana de Buenos Aires\u00a0<\/strong>(AMBA) y est\u00e1 compuesta por\u00a0<strong>cinco productos<\/strong>: papa, tomate, cebolla, manzana y banana ecuatoriana. Los precios van desde $279 a $899.<\/p>\n\n\n\n<p>Solo uno de los cinco productos que integran la canasta se mantuvo estable a comparaci\u00f3n con octubre. Los cuatro restantes tuvieron una incremento de hasta $90. Por su parte, el INDEC revel\u00f3 que los alimentos aumentaron un&nbsp;<strong>7,7<\/strong>% en el d\u00e9cimo mes del a\u00f1o y alcanz\u00f3 un alza del&nbsp;<strong>153,8%<\/strong>&nbsp;interanual.<\/p>\n\n\n\n<h2 class=\"wp-block-heading\">Precios Justos: cu\u00e1les son los productos que tendr\u00e1n valor fijo en noviembre de 2023<\/h2>\n\n\n\n<p>Los precios y productos de la<strong>&nbsp;canasta de frutas y verduras&nbsp;<\/strong>de estaci\u00f3n est\u00e1n vigentes desde el<strong>&nbsp;1 hasta el 30 de noviembre de 2023<\/strong>:<\/p>\n\n\n\n<ul class=\"wp-block-list\"><li><strong>Papa negra<\/strong>&nbsp;$559 kg;<\/li><li><strong>Tomate redondo o perita:<\/strong>&nbsp;$649 kg;<\/li><li><strong>Cebolla<\/strong>&nbsp;$279 kg;<\/li><li><strong>Manzana&nbsp;<\/strong>$599 kg;<\/li><li><strong>Banana ecuatoriana<\/strong>&nbsp;$899 kg;<\/li><\/ul>\n\n\n\n<p>La canasta de frutas y verduras de estaci\u00f3n se consiguen en las&nbsp;<strong>grandes cadenas de supermercados&nbsp;<\/strong>del \u00c1rea Metropolitana de Buenos Aires (<strong>AMBA<\/strong>).<\/p>\n\n\n\n<figure class=\"wp-block-image\"><img decoding=\"async\" src=\"https:\/\/tn.com.ar\/resizer\/1kA3Jtm4J_vzim9rc_8qLxc9Wxk=\/767x0\/smart\/filters:format(webp)\/cloudfront-us-east-1.images.arcpublishing.com\/artear\/QQKV5D3OUVC4LJURWN4QF7XR2Q.jfif\" alt=\"Los cinco productos a precio fijo desde el 1 hasta el 30 de noviembre de 2023 (Foto: Secretar\u00eda de Comercio)\"\/><figcaption>Los cinco productos a precio fijo desde el 1 hasta el 30 de noviembre de 2023 (Foto: Secretar\u00eda de Comercio)<\/figcaption><\/figure>\n\n\n\n<p>En esta nueva edici\u00f3n, se observa la\u00a0<strong>aceleraci\u00f3n de los precios<\/strong>\u00a0en solo\u00a0<strong>cuatro productos\u00a0<\/strong>con respecto al mes pasado. Por ejemplo, la\u00a0<strong>banana ecuatoriana\u00a0<\/strong>se increment\u00f3 en\u00a0<strong>$86\u00a0<\/strong>y la<strong>\u00a0manzana $89\u00a0<\/strong>frente a la canasta anterior.<\/p>\n\n\n\n<h2 class=\"wp-block-heading\">Precios Justos: los siete cortes de carne que tendr\u00e1n valor fijo hasta diciembre de 2023<\/h2>\n\n\n\n<p>El precio por kilo de cada corte de\u00a0<strong>carne<\/strong>\u00a0hasta el<strong>\u00a030 de noviembre<\/strong>\u00a0de 2023 ser\u00e1:<\/p>\n\n\n\n<ul class=\"wp-block-list\"><li><strong>Asado<\/strong>: $1616 kg;<\/li><li><strong>Tapa de asado<\/strong>: $1616 kg;<\/li><li><strong>Vac\u00edo<\/strong>: $2110 kg;<\/li><li><strong>Nalga<\/strong>: $2146 kg;<\/li><li><strong>Matambre<\/strong>: $2045 kg;<\/li><li><strong>Falda<\/strong>: $1052 kg;<\/li><li><strong>Paleta<\/strong>: $1737 kg.<\/li><\/ul>\n","protected":false},"excerpt":{"rendered":"<p>La Secretar\u00eda de Comercio renov\u00f3 el acuerdo de la\u00a0canasta de frutas y verduras\u00a0de estaci\u00f3n a\u00a0precios fijos hasta el 30 de noviembre. La medida forma parte de\u00a0Precios Justos, una de las&hellip; <\/p>\n","protected":false},"author":12,"featured_media":102517,"comment_status":"closed","ping_status":"open","sticky":false,"template":"","format":"standard","meta":{"footnotes":""},"categories":[20],"tags":[],"class_list":["post-102516","post","type-post","status-publish","format-standard","has-post-thumbnail","hentry","category-economia"],"_links":{"self":[{"href":"https:\/\/corrientesdetarde.com\/index.php\/wp-json\/wp\/v2\/posts\/102516","targetHints":{"allow":["GET"]}}],"collection":[{"href":"https:\/\/corrientesdetarde.com\/index.php\/wp-json\/wp\/v2\/posts"}],"about":[{"href":"https:\/\/corrientesdetarde.com\/index.php\/wp-json\/wp\/v2\/types\/post"}],"author":[{"embeddable":true,"href":"https:\/\/corrientesdetarde.com\/index.php\/wp-json\/wp\/v2\/users\/12"}],"replies":[{"embeddable":true,"href":"https:\/\/corrientesdetarde.com\/index.php\/wp-json\/wp\/v2\/comments?post=102516"}],"version-history":[{"count":1,"href":"https:\/\/corrientesdetarde.com\/index.php\/wp-json\/wp\/v2\/posts\/102516\/revisions"}],"predecessor-version":[{"id":102518,"href":"https:\/\/corrientesdetarde.com\/index.php\/wp-json\/wp\/v2\/posts\/102516\/revisions\/102518"}],"wp:featuredmedia":[{"embeddable":true,"href":"https:\/\/corrientesdetarde.com\/index.php\/wp-json\/wp\/v2\/media\/102517"}],"wp:attachment":[{"href":"https:\/\/corrientesdetarde.com\/index.php\/wp-json\/wp\/v2\/media?parent=102516"}],"wp:term":[{"taxonomy":"category","embeddable":true,"href":"https:\/\/corrientesdetarde.com\/index.php\/wp-json\/wp\/v2\/categories?post=102516"},{"taxonomy":"post_tag","embeddable":true,"href":"https:\/\/corrientesdetarde.com\/index.php\/wp-json\/wp\/v2\/tags?post=102516"}],"curies":[{"name":"wp","href":"https:\/\/api.w.org\/{rel}","templated":true}]}}