{"id":102530,"date":"2023-11-15T11:35:22","date_gmt":"2023-11-15T14:35:22","guid":{"rendered":"https:\/\/corrientesdetarde.com\/?p=102530"},"modified":"2023-11-15T11:39:06","modified_gmt":"2023-11-15T14:39:06","slug":"rodrigo-de-paul-aparecio-con-un-look-homeless-chic-y-lo-aniquilaron-en-las-redes-es-el-trapito","status":"publish","type":"post","link":"https:\/\/corrientesdetarde.com\/index.php\/deportes\/rodrigo-de-paul-aparecio-con-un-look-homeless-chic-y-lo-aniquilaron-en-las-redes-es-el-trapito\/","title":{"rendered":"Rodrigo De Paul apareci\u00f3 con un look homeless chic y lo aniquilaron en las redes: \u201cEs el trapito\u201d"},"content":{"rendered":"\n<p>Recientemente,\u00a0<strong>Rodrigo de Paul<\/strong>lleg\u00f3 a la Argentina para jugar los partidos ante Uruguay y Brasil por las Eliminatorias Sudamericanas rumbo al\u00a0<strong>Mundial 2026<\/strong>, y su apariencia llam\u00f3 la atenci\u00f3n. El futbolista dej\u00f3 atr\u00e1s su color de pelo natural y volvi\u00f3 al\u00a0<strong>rubio platinado<\/strong>.<\/p>\n\n\n\n<p>Sin embargo, eso no fue todo. El \u00bfex novio? de\u00a0<strong>Tini Stoessel<\/strong>tambi\u00e9n sorprendi\u00f3 con su vestuario en las redes sociales, donde lo siguen casi 13 millones de personas de alrededor del mundo.<\/p>\n\n\n\n<h2 class=\"wp-block-heading\">El pol\u00e9mico look de Rodrigo De Paul<\/h2>\n\n\n\n<p>El deportista se luci\u00f3 en Instagram con un arriesgado conjunto de&nbsp;<strong>bermuda de&nbsp;<\/strong><em><strong>jogging<\/strong><\/em><strong>&nbsp;y<\/strong><em><strong>&nbsp;sweater<\/strong><\/em><strong>&nbsp;escote en V<\/strong>. Ambas prendas est\u00e1n confeccionadas en algod\u00f3n,&nbsp;<strong>son holgadas, cuentan con recortes y algunas roturas<\/strong>.<\/p>\n\n\n\n<figure class=\"wp-block-image\"><img decoding=\"async\" src=\"https:\/\/tn.com.ar\/resizer\/fzuwsZG0aEAscK8NPrP9DUPFb_g=\/767x0\/smart\/filters:format(webp)\/cloudfront-us-east-1.images.arcpublishing.com\/artear\/RS6MPK2LRVEQXNLVKXE7LQ3D3E.jpg\" alt=\"Rodrigo De Paul con look homeless. (Foto: Instagram\/@rodridepaul).\"\/><figcaption>Rodrigo De Paul con look homeless. (Foto: Instagram\/@rodridepaul).<\/figcaption><\/figure>\n\n\n\n<p>Complet\u00f3 la apuesta de moda -inspirada en la&nbsp;<strong>tendencia<\/strong><em><strong>&nbsp;homeless<\/strong><\/em>que arrasa entre los famosos- con un par de&nbsp;<strong>zapatillas deportivas estilo Jordan en celeste y blanco<\/strong>&nbsp;y una&nbsp;<strong>gorra tipo<\/strong><em><strong>&nbsp;cap<\/strong><\/em><strong>&nbsp;puesta hacia atr\u00e1s en total&nbsp;<\/strong><em><strong>black<\/strong><\/em>.<\/p>\n\n\n\n<p>Un<strong>&nbsp;collar de perlas blancas<\/strong>&nbsp;fue el toque final del estilismo, que lleg\u00f3 a coleccionar&nbsp;<strong>1 mill\u00f3n de \u201cMe gusta\u201d<\/strong>&nbsp;en la aplicaci\u00f3n de fotos. Los internautas no dudaron en opinar acerca de su nuevo look y dejaron todo tipo de comentarios en el posteo: \u201c<strong>El trapito esperando que le des plata<\/strong>\u201d, \u201c<strong>El campe\u00f3n del mundo se viste y se ti\u00f1e como quiere<\/strong>\u201d, \u201c<strong>Decime que volviste con Tini, sin decirme que volviste con Tini<\/strong>\u201d; son algunos de los mensajes que dejaron.<\/p>\n\n\n\n<h2 class=\"wp-block-heading\">El lujoso look \u201ctrapito\u201d de Rodrigo De Paul: los precios<\/h2>\n\n\n\n<p><strong>Rodrigo De Paul lleg\u00f3 con un pullover de Dolce &amp; Gabbana<\/strong>, valuado en<strong>&nbsp;927 euros<\/strong>, que al cambio del euro blue (986.98 para la venta) son&nbsp;<strong>914 mil pesos argentinos<\/strong>.<\/p>\n\n\n\n<figure class=\"wp-block-image\"><img decoding=\"async\" src=\"https:\/\/tn.com.ar\/resizer\/mbHQf3Dh_zMf8ZQjedobZh3PHvA=\/767x0\/smart\/filters:format(webp)\/cloudfront-us-east-1.images.arcpublishing.com\/artear\/EH55JHTEGRBBZNPG2DP5H2X5UU.jpg\" alt=\"Rodrigo De Paul luci\u00f3 uno en Ezeiza.\"\/><figcaption>Rodrigo De Paul luci\u00f3 uno en Ezeiza.Por:&nbsp;<strong>twitter<\/strong><\/figcaption><\/figure>\n\n\n\n<p>Su bermuda es del dise\u00f1ador de moda japon\u00e9s, Mihara Yasuhiro, y&nbsp;<strong>cuesta unos 470 euros<\/strong>, que al cambio blue ser\u00edan unos 463 mil pesos argentinos. No s\u00f3lo eso, sino que el color que tiene est\u00e1 agotado en la tienda y s\u00f3lo queda negro.<\/p>\n\n\n\n<figure class=\"wp-block-image\"><img decoding=\"async\" src=\"https:\/\/tn.com.ar\/resizer\/EpmisVX-3b5VsYAucrRkxQebkPk=\/767x0\/smart\/filters:format(webp)\/cloudfront-us-east-1.images.arcpublishing.com\/artear\/SCSLP77MSNC4ZAHAH4ZZZ7QNEU.PNG\" alt=\"El valor de la bermuda de Rodrigo De Paul, en otro color porque la suya est\u00e1 agotada. (Foto: Mihara Yasuhiro)\"\/><figcaption>El valor de la bermuda de Rodrigo De Paul, en otro color porque la suya est\u00e1 agotada. (Foto: Mihara Yasuhiro)<\/figcaption><\/figure>\n\n\n\n<h2 class=\"wp-block-heading\">Cu\u00e1l es el valor total del conjunto de Rodrigo De Paul<\/h2>\n\n\n\n<p>El&nbsp;<strong>valor total del conjunto de Rodrigo De Paul es de 1.377.000 pesos argentinos<\/strong>.<\/p>\n\n\n\n<h2 class=\"wp-block-heading\">Tini Stoessel se hizo un audaz cambio de look<\/h2>\n\n\n\n<p>Siempre arriesgada y audaz,\u00a0<strong>Tini Stoessel<\/strong>reapareci\u00f3 en Instagram con un\u00a0<em>beauty look<\/em>\u00a0de alto impacto y dej\u00f3 a sus 21 millones de seguidores con la boca abierta. La cantante pas\u00f3 por el sal\u00f3n de su estilista de confianza y se hizo un osado y radical\u00a0<strong>cambio de look<\/strong>.<\/p>\n\n\n\n<p>Al igual que De Paul, la<em>&nbsp;Triple T<\/em>&nbsp;<strong>se ti\u00f1\u00f3 el pelo de color rubio platinado<\/strong>&nbsp;y encandil\u00f3 a todos sus fans a trav\u00e9s de un video que comparti\u00f3 en su perfil oficial de la aplicaci\u00f3n de fotos.<\/p>\n\n\n\n<figure class=\"wp-block-image\"><img decoding=\"async\" src=\"https:\/\/tn.com.ar\/resizer\/jStYX7X5TjBh-yqyRHCXf9fj8SM=\/767x0\/smart\/filters:format(webp)\/thumbs.vodgc.net\/1-14-awpvMx1699909880253_1080P.jpg\" alt=\"Video Placeholder\"\/><\/figure>\n\n\n\n<p>Tini Stoessel se hizo un audaz cambio de look. (Video: Instagram\/@tinistoessel).<\/p>\n\n\n\n<p>Acompa\u00f1\u00f3 su nuevo estilismo con un<strong>\u00a0gorro de lana negro con bordados blancos<\/strong>, un par de lentes de sol superopacos y una camisa total<em>\u00a0black<\/em>.<\/p>\n\n\n\n<p><\/p>\n","protected":false},"excerpt":{"rendered":"<p>Recientemente,\u00a0Rodrigo de Paullleg\u00f3 a la Argentina para jugar los partidos ante Uruguay y Brasil por las Eliminatorias Sudamericanas rumbo al\u00a0Mundial 2026, y su apariencia llam\u00f3 la atenci\u00f3n. El futbolista dej\u00f3&hellip; <\/p>\n","protected":false},"author":12,"featured_media":102548,"comment_status":"closed","ping_status":"open","sticky":false,"template":"","format":"standard","meta":{"footnotes":""},"categories":[4],"tags":[],"class_list":["post-102530","post","type-post","status-publish","format-standard","has-post-thumbnail","hentry","category-deportes"],"_links":{"self":[{"href":"https:\/\/corrientesdetarde.com\/index.php\/wp-json\/wp\/v2\/posts\/102530","targetHints":{"allow":["GET"]}}],"collection":[{"href":"https:\/\/corrientesdetarde.com\/index.php\/wp-json\/wp\/v2\/posts"}],"about":[{"href":"https:\/\/corrientesdetarde.com\/index.php\/wp-json\/wp\/v2\/types\/post"}],"author":[{"embeddable":true,"href":"https:\/\/corrientesdetarde.com\/index.php\/wp-json\/wp\/v2\/users\/12"}],"replies":[{"embeddable":true,"href":"https:\/\/corrientesdetarde.com\/index.php\/wp-json\/wp\/v2\/comments?post=102530"}],"version-history":[{"count":2,"href":"https:\/\/corrientesdetarde.com\/index.php\/wp-json\/wp\/v2\/posts\/102530\/revisions"}],"predecessor-version":[{"id":102550,"href":"https:\/\/corrientesdetarde.com\/index.php\/wp-json\/wp\/v2\/posts\/102530\/revisions\/102550"}],"wp:featuredmedia":[{"embeddable":true,"href":"https:\/\/corrientesdetarde.com\/index.php\/wp-json\/wp\/v2\/media\/102548"}],"wp:attachment":[{"href":"https:\/\/corrientesdetarde.com\/index.php\/wp-json\/wp\/v2\/media?parent=102530"}],"wp:term":[{"taxonomy":"category","embeddable":true,"href":"https:\/\/corrientesdetarde.com\/index.php\/wp-json\/wp\/v2\/categories?post=102530"},{"taxonomy":"post_tag","embeddable":true,"href":"https:\/\/corrientesdetarde.com\/index.php\/wp-json\/wp\/v2\/tags?post=102530"}],"curies":[{"name":"wp","href":"https:\/\/api.w.org\/{rel}","templated":true}]}}