{"id":102531,"date":"2023-11-15T11:32:20","date_gmt":"2023-11-15T14:32:20","guid":{"rendered":"https:\/\/corrientesdetarde.com\/?p=102531"},"modified":"2023-11-15T11:32:32","modified_gmt":"2023-11-15T14:32:32","slug":"maluma-confeso-que-sintio-al-enterarse-el-sexo-de-su-bebe-es-mi-karma","status":"publish","type":"post","link":"https:\/\/corrientesdetarde.com\/index.php\/espectaculos\/maluma-confeso-que-sintio-al-enterarse-el-sexo-de-su-bebe-es-mi-karma\/","title":{"rendered":"Maluma confes\u00f3 qu\u00e9 sinti\u00f3 al enterarse el sexo de su beb\u00e9: \u201cEs mi karma\u201d"},"content":{"rendered":"\n<p><strong>Maluma<\/strong>se muestra como el tipo m\u00e1s feliz del mundo. Desde que el artista colombiano anunci\u00f3 que\u00a0<strong>tendr\u00e1 una beba junto a su novia Susana G\u00f3mez<\/strong>, la vida gira en torno a eso. Ahora, el cantante confes\u00f3 qu\u00e9 dijo al enterarse del sexo de su primog\u00e9nita:<strong>\u00a0\u201cEs mi karma\u201d<\/strong>.<\/p>\n\n\n\n<p>La llegada de\u00a0<strong>Par\u00eds\u00a0<\/strong>conmocion\u00f3 al entorno del cantante. Y el habl\u00f3 de eso: : \u201cTe voy a ser sincero. Yo al principio cuando supe yo dije: juep\u2026 va a ser una ni\u00f1a. Yo dije as\u00ed porque dije, ese es mi karma, \u00bfme entend\u00e9s?\u201d.<\/p>\n\n\n\n<p>Y agreg\u00f3: \u201cYo voy a pagar. Entonces yo dije,&nbsp;<strong>es ni\u00f1a, pero me voy a quitar esa idea de la cabeza que era una ni\u00f1a. Me niego a que sea ni\u00f1a.<\/strong>&nbsp;Es un ni\u00f1o y empec\u00e9: ni\u00f1o, ni\u00f1o, ni\u00f1o. Tambi\u00e9n se iba a llamar Par\u00eds\u201d.<\/p>\n\n\n\n<figure class=\"wp-block-image\"><img decoding=\"async\" src=\"https:\/\/tn.com.ar\/resizer\/fW-VK6yUut-zZSX3LPfD0FRDAT0=\/767x0\/smart\/filters:format(webp)\/thumbs.vodgc.net\/1-14-EOKMsf1700053307826_480P.jpg\" alt=\"Video Placeholder\"\/><\/figure>\n\n\n\n<p>El video de la explicaci\u00f3n se viraliz\u00f3 en segundos y ahora recorre el mundo. M\u00e1s all\u00e1 de las declaraciones,&nbsp;<strong>Maluma presume de su hija y se muestra en uno de los mejores momentos.&nbsp;<\/strong>Recordemos que el embarazo lleva cinco meses y, seg\u00fan el pap\u00e1, la beb\u00e9 nacer\u00eda para a mediados de marzo.<\/p>\n\n\n\n<figure class=\"wp-block-image\"><img decoding=\"async\" src=\"https:\/\/tn.com.ar\/resizer\/XpE86wkC2Wd8bIXBtgjrcLlXZYc=\/767x0\/smart\/filters:format(webp)\/cloudfront-us-east-1.images.arcpublishing.com\/artear\/ZCJWLGQH2JCEJIL44ZGF3KVLVM.jpg\" alt=\"Maluma sube a redes constantes muestras de cari\u00f1o por su embarazo. (Foto: Instagram)\"\/><figcaption>Maluma sube a redes constantes muestras de cari\u00f1o por su embarazo. (Foto: Instagram)<\/figcaption><\/figure>\n\n\n\n<h2 class=\"wp-block-heading\">Qui\u00e9n es Susana G\u00f3mez, la novia de Maluma que est\u00e1 embarazada<\/h2>\n\n\n\n<p><strong>Maluma anunci\u00f3 hace m\u00e1s de un mes que ser\u00e1 pap\u00e1 por primera vez junto a Susana G\u00f3mez<\/strong>. El m\u00fasico mostr\u00f3 con felicidad las primeras im\u00e1genes celebrando la noticia con su novia a trav\u00e9s de Instagram.<\/p>\n\n\n\n<p><strong>Susana G\u00f3mez\u00a0es pareja de Maluma desde 2021. Es arquitecta<\/strong>\u00a0y, a pesar de estar en una relaci\u00f3n con una de las figuras m\u00e1s famosas de la m\u00fasica latinoamericana, mantiene un bajo perfil tanto para con los medios como en sus redes sociales.<\/p>\n\n\n\n<figure class=\"wp-block-image\"><img decoding=\"async\" src=\"https:\/\/tn.com.ar\/resizer\/0oZAONIx8VbG12MjOjKWQkhibE8=\/767x0\/smart\/filters:format(webp)\/cloudfront-us-east-1.images.arcpublishing.com\/artear\/IQBM6ZLWXJG2ZA5EIGCHMBAHQA.jpg\" alt=\"El sugestivo posteo de Maluma que hizo estallar las redes sociales\"\/><figcaption>El sugestivo posteo de Maluma que hizo estallar las redes sociales<\/figcaption><\/figure>\n\n\n\n<p>Si bien apareci\u00f3 en publicaciones e historias de Maluma,<strong>&nbsp;la cuenta de Instagram de G\u00f3mez se mantiene privada<\/strong>&nbsp;y solo cuenta con mil seguidores y 750 seguidos.<\/p>\n\n\n\n<p>La relaci\u00f3n de Maluma y Susana se hizo p\u00fablica el 25 de diciembre de 2021 mediante una foto borrosa que subi\u00f3 el cantante en sus redes en donde se los puede ver bes\u00e1ndose y escribi\u00f3:&nbsp;<strong>\u201cGracias, Santa\u201d.<\/strong><\/p>\n\n\n\n<figure class=\"wp-block-image\"><img decoding=\"async\" src=\"https:\/\/tn.com.ar\/resizer\/ElGHGEBzfpAENvw9RSRoX8bFv-A=\/767x0\/smart\/filters:format(webp)\/cloudfront-us-east-1.images.arcpublishing.com\/artear\/BCHBJQXCFVBJDONYWWLOEB7EYE.jpg\" alt=\"Maluma y Susana Gomez\"\/><figcaption>Maluma y Susana Gomez<\/figcaption><\/figure>\n\n\n\n<p>El posteo no tard\u00f3 en superar los 2 millones de \u201cme gusta\u201d y recibi\u00f3 miles de comentarios. Entre las figuras que festejaron el noviazgo estuvieron&nbsp;<strong>Don Omar<\/strong>,&nbsp;<strong>Jos\u00e9 Fern\u00e1ndez<\/strong>,&nbsp;<strong>Stefano Alc\u00e1ntara<\/strong>,&nbsp;<strong>Edgar Barrera<\/strong>,&nbsp;<strong>Kevin ADG&nbsp;<\/strong>y&nbsp;<strong>Vibarco<\/strong>.<\/p>\n\n\n\n<p><strong>G\u00f3mez no est\u00e1 vinculada de ninguna manera a los medios&nbsp;<\/strong>de comunicaci\u00f3n. Hace a\u00f1os que son amigos con Maluma, pero varios portales colombianos se\u00f1alaron que el divorcio de ella en 2021 fue fundamental para que empezaran a pasar m\u00e1s tiempo juntos. Incluso,&nbsp;<strong>compartieron gran parte de la cuarentena<\/strong>.<\/p>\n","protected":false},"excerpt":{"rendered":"<p>Malumase muestra como el tipo m\u00e1s feliz del mundo. Desde que el artista colombiano anunci\u00f3 que\u00a0tendr\u00e1 una beba junto a su novia Susana G\u00f3mez, la vida gira en torno a&hellip; <\/p>\n","protected":false},"author":12,"featured_media":102546,"comment_status":"closed","ping_status":"open","sticky":false,"template":"","format":"standard","meta":{"footnotes":""},"categories":[19],"tags":[],"class_list":["post-102531","post","type-post","status-publish","format-standard","has-post-thumbnail","hentry","category-espectaculos"],"_links":{"self":[{"href":"https:\/\/corrientesdetarde.com\/index.php\/wp-json\/wp\/v2\/posts\/102531","targetHints":{"allow":["GET"]}}],"collection":[{"href":"https:\/\/corrientesdetarde.com\/index.php\/wp-json\/wp\/v2\/posts"}],"about":[{"href":"https:\/\/corrientesdetarde.com\/index.php\/wp-json\/wp\/v2\/types\/post"}],"author":[{"embeddable":true,"href":"https:\/\/corrientesdetarde.com\/index.php\/wp-json\/wp\/v2\/users\/12"}],"replies":[{"embeddable":true,"href":"https:\/\/corrientesdetarde.com\/index.php\/wp-json\/wp\/v2\/comments?post=102531"}],"version-history":[{"count":1,"href":"https:\/\/corrientesdetarde.com\/index.php\/wp-json\/wp\/v2\/posts\/102531\/revisions"}],"predecessor-version":[{"id":102547,"href":"https:\/\/corrientesdetarde.com\/index.php\/wp-json\/wp\/v2\/posts\/102531\/revisions\/102547"}],"wp:featuredmedia":[{"embeddable":true,"href":"https:\/\/corrientesdetarde.com\/index.php\/wp-json\/wp\/v2\/media\/102546"}],"wp:attachment":[{"href":"https:\/\/corrientesdetarde.com\/index.php\/wp-json\/wp\/v2\/media?parent=102531"}],"wp:term":[{"taxonomy":"category","embeddable":true,"href":"https:\/\/corrientesdetarde.com\/index.php\/wp-json\/wp\/v2\/categories?post=102531"},{"taxonomy":"post_tag","embeddable":true,"href":"https:\/\/corrientesdetarde.com\/index.php\/wp-json\/wp\/v2\/tags?post=102531"}],"curies":[{"name":"wp","href":"https:\/\/api.w.org\/{rel}","templated":true}]}}