{"id":102591,"date":"2023-11-15T14:18:27","date_gmt":"2023-11-15T17:18:27","guid":{"rendered":"https:\/\/corrientesdetarde.com\/?p=102591"},"modified":"2023-11-15T14:18:32","modified_gmt":"2023-11-15T17:18:32","slug":"wanda-nara-revelo-la-jugada-propuesta-que-le-hizo-mauro-icardi-cuando-le-diagnosticaron-leucemia","status":"publish","type":"post","link":"https:\/\/corrientesdetarde.com\/index.php\/espectaculos\/wanda-nara-revelo-la-jugada-propuesta-que-le-hizo-mauro-icardi-cuando-le-diagnosticaron-leucemia\/","title":{"rendered":"Wanda Nara revel\u00f3 la jugada propuesta que le hizo Mauro Icardi cuando le diagnosticaron leucemia"},"content":{"rendered":"\n<p>La medi\u00e1tica volvi\u00f3 a referirse a su enfermedad y no pudo ocultar la alegr\u00eda al mencionar las palabras de su marido, que le ofreci\u00f3 algo que jam\u00e1s olvidar\u00e1.<\/p>\n\n\n\n<p>Wanda Nara Y Mauro Icardi volver\u00e1n a casarse. As\u00ed lo anunci\u00f3 la medi\u00e1tica en una entrevista con\u00a0<em>Gente<\/em>, donde explic\u00f3 que el ofrecimiento lleg\u00f3 en medio de su enfermedad y<strong>\u00a0para celebrar los 10 a\u00f1os en pareja<\/strong>. \u201cNo definimos nada todav\u00eda, pero fue hermoso recibir su propuesta\u201d, reconoci\u00f3 emocionada.<\/p>\n\n\n\n<p>La medi\u00e1tica sostuvo que todav\u00eda no tuvieron tiempo de sentarse a organizar la boda, aunque se\u00f1al\u00f3 que seguramente se realice en la Argentina porque all\u00ed est\u00e1n todos sus seres queridos. \u201cLa realidad es que yo hasta el 23 de diciembre sigo con esta rutina Roma-Estambul porque ese d\u00eda es la \u00faltima gala de\u00a0<em>Ballando con le stelle<\/em>\u00a0as\u00ed que, lo \u00fanico definido por el momento, es que\u00a0<strong>pasaremos Navidad en Europa<\/strong>\u201d, agreg\u00f3.<\/p>\n\n\n\n<p>Por \u00faltimo, detall\u00f3 c\u00f3mo cambi\u00f3 su vida desde que le diagnosticaron leucemia. \u201cAlgo que aprend\u00ed en este \u00faltimo tiempo&nbsp;<strong>es a disfrutar mucho del presente y proyectar menos<\/strong>. Yo siempre fui muy relajada y optimista, pero el tema de salud que estoy viviendo me ayud\u00f3 a reflexionar y valorar m\u00e1s los momentos de felicidad que tengo. A lo mejor suena a frase hecha pero es lo que siento. Muchas personas me preguntan si no es demasiada exigencia f\u00edsica ensayar 8 horas por d\u00eda para el programa, pero a m\u00ed me hace bien, me permite tener la mente ocupada y&nbsp;<strong>creo que trabajar siempre es saludable<\/strong>\u201d, cerr\u00f3.<\/p>\n\n\n\n<figure class=\"wp-block-image\"><img decoding=\"async\" src=\"https:\/\/tn.com.ar\/resizer\/2qlKdf-WnmC6IXPxwyPST-l4I_8=\/767x0\/smart\/filters:format(webp)\/cloudfront-us-east-1.images.arcpublishing.com\/artear\/RPJ2SZET2BHJTCKTA5ZD5INO44.JPG\" alt=\"Wanda Nara anunci\u00f3 que se casar\u00e1 por segunda vez con Mauro Icardi. (Foto: Gente)\"\/><\/figure>\n\n\n\n<h2 class=\"wp-block-heading\">El romance entre Wanda Nara y Mauro Icardi, y la traici\u00f3n a Maxi L\u00f3pez<\/h2>\n\n\n\n<p>En febrero,\u00a0Mauro Icardi salud\u00f3 a Wanda Nara por sus diez a\u00f1os juntos y dej\u00f3 expuesta\u00a0la traici\u00f3n a Maxi L\u00f3pez.\u00a0La empresaria confirm\u00f3 su separaci\u00f3n del ex River en noviembre de 2013, cuando a trav\u00e9s de Twitter dispar\u00f3: \u201cHasta ac\u00e1 lleg\u00f3 mi amor\u201d. El mensaje del rosarino dej\u00f3 entrever que el\u00a0<em>affaire\u00a0<\/em>entre ellos naci\u00f3 meses antes, en la \u00e9poca que \u00e9l frecuentaba la casa de quien lo consideraba un buen compa\u00f1ero de equipo.<\/p>\n\n\n\n<p>\u201c<strong>Ella, mi mujer, mi \u00fanico amor,&nbsp;<\/strong>mi reina en este reino de la vida, la madre de mis hijas. Te amo. 10 a\u00f1os de amor en los cuales tuvimos que pasar millones de cosas hermosas, otras no tan buenas, luchar contra la envidia, la mala onda, los insultos, bajar a muchos \u2018payasito\/as\u2019 que se quisieron subir a este tren que solo nosotros sabemos cuanto cost\u00f3, cu\u00e1nto entregamos de nosotros mismos para tener y ser lo que hoy en d\u00eda somos.&nbsp;<strong>\u00a1Te amo, y te amar\u00e9 toda mi vida mi reina hermosa!<\/strong>\u201d, le dijo en la publicaci\u00f3n que finalmente eligi\u00f3 borrar por las cr\u00edticas que recibi\u00f3.<\/p>\n\n\n\n<figure class=\"wp-block-image\"><img decoding=\"async\" src=\"https:\/\/tn.com.ar\/resizer\/Y6Qu36Kb8MzJ7fYLD5LiKKchsOw=\/767x0\/smart\/filters:format(webp)\/cloudfront-us-east-1.images.arcpublishing.com\/artear\/GLSB6RNOFCKLNNDW5YGENXIUMM.jpg\" alt=\"Wanda Nara y Mauro Icardi cumplieron 10 a\u00f1os juntos. (Foto: instagram\/mauroicardi)\"\/><\/figure>\n\n\n\n<p>En su momento, Wanda dio los motivos que la llevaron a pedirle el divorcio al padre de sus tres varones, y se pregunt\u00f3 por qu\u00e9 no pod\u00eda volver a apostar al amor despu\u00e9s de semejante desilusi\u00f3n. \u201cMe separo por motivos personales.&nbsp;<strong>Jam\u00e1s enga\u00f1\u00e9 a nadie, eso est\u00e1 m\u00e1s que claro.&nbsp;<\/strong>Mi matrimonio se rompi\u00f3 por repetidas infidelidades que perdon\u00e9 justamente por mis hijos\u201d, expuso.<\/p>\n\n\n\n<figure class=\"wp-block-image\"><img decoding=\"async\" src=\"https:\/\/tn.com.ar\/resizer\/ASvOh7kHcyxX_aN85Z3ZFr_XSq0=\/767x0\/smart\/filters:format(webp)\/cloudfront-us-east-1.images.arcpublishing.com\/artear\/F4MYSDNS2JNA3OTNLQMT4HBG4A.jpg\" alt=\"Wanda Nara y Maxi L\u00f3pez se separaron en medio de un esc\u00e1ndalo.\"\/><figcaption>Wanda Nara y Maxi L\u00f3pez se separaron en medio de un esc\u00e1ndalo.<\/figcaption><\/figure>\n","protected":false},"excerpt":{"rendered":"<p>La medi\u00e1tica volvi\u00f3 a referirse a su enfermedad y no pudo ocultar la alegr\u00eda al mencionar las palabras de su marido, que le ofreci\u00f3 algo que jam\u00e1s olvidar\u00e1. Wanda Nara&hellip; <\/p>\n","protected":false},"author":8,"featured_media":102592,"comment_status":"closed","ping_status":"open","sticky":false,"template":"","format":"standard","meta":{"footnotes":""},"categories":[19],"tags":[],"class_list":["post-102591","post","type-post","status-publish","format-standard","has-post-thumbnail","hentry","category-espectaculos"],"_links":{"self":[{"href":"https:\/\/corrientesdetarde.com\/index.php\/wp-json\/wp\/v2\/posts\/102591","targetHints":{"allow":["GET"]}}],"collection":[{"href":"https:\/\/corrientesdetarde.com\/index.php\/wp-json\/wp\/v2\/posts"}],"about":[{"href":"https:\/\/corrientesdetarde.com\/index.php\/wp-json\/wp\/v2\/types\/post"}],"author":[{"embeddable":true,"href":"https:\/\/corrientesdetarde.com\/index.php\/wp-json\/wp\/v2\/users\/8"}],"replies":[{"embeddable":true,"href":"https:\/\/corrientesdetarde.com\/index.php\/wp-json\/wp\/v2\/comments?post=102591"}],"version-history":[{"count":1,"href":"https:\/\/corrientesdetarde.com\/index.php\/wp-json\/wp\/v2\/posts\/102591\/revisions"}],"predecessor-version":[{"id":102593,"href":"https:\/\/corrientesdetarde.com\/index.php\/wp-json\/wp\/v2\/posts\/102591\/revisions\/102593"}],"wp:featuredmedia":[{"embeddable":true,"href":"https:\/\/corrientesdetarde.com\/index.php\/wp-json\/wp\/v2\/media\/102592"}],"wp:attachment":[{"href":"https:\/\/corrientesdetarde.com\/index.php\/wp-json\/wp\/v2\/media?parent=102591"}],"wp:term":[{"taxonomy":"category","embeddable":true,"href":"https:\/\/corrientesdetarde.com\/index.php\/wp-json\/wp\/v2\/categories?post=102591"},{"taxonomy":"post_tag","embeddable":true,"href":"https:\/\/corrientesdetarde.com\/index.php\/wp-json\/wp\/v2\/tags?post=102591"}],"curies":[{"name":"wp","href":"https:\/\/api.w.org\/{rel}","templated":true}]}}