{"id":102600,"date":"2023-11-15T14:38:21","date_gmt":"2023-11-15T17:38:21","guid":{"rendered":"https:\/\/corrientesdetarde.com\/?p=102600"},"modified":"2023-11-15T14:38:27","modified_gmt":"2023-11-15T17:38:27","slug":"el-gobierno-reanudo-las-microdevaluaciones-pero-hay-dudas-por-la-politica-cambiaria-tras-el-balotaje","status":"publish","type":"post","link":"https:\/\/corrientesdetarde.com\/index.php\/nacionales\/el-gobierno-reanudo-las-microdevaluaciones-pero-hay-dudas-por-la-politica-cambiaria-tras-el-balotaje\/","title":{"rendered":"el Gobierno reanud\u00f3 las microdevaluaciones, pero hay dudas por la pol\u00edtica cambiaria tras el balotaje"},"content":{"rendered":"\n<p>El tipo de cambio que regula el Banco Central estaba fijo desde la devaluaci\u00f3n del 14 de agosto, pero hoy volvi\u00f3 a deslizarse. Las opciones que maneja el oficialismo y el mercado para los pr\u00f3ximos d\u00edas.<\/p>\n\n\n\n<p><a href=\"https:\/\/tn.com.ar\/autor\/memanfredi\/\"><\/a>Tal como hab\u00eda anticipado Sergio Massa, el Gobierno volvi\u00f3 a deslizar el tipo de cambio oficial\u00a0, despu\u00e9s de tres meses de congelamiento. Este mi\u00e9rcoles, la cotizaci\u00f3n del mayorista pas\u00f3 de $350 a $353. El billete minorista, en Banco Naci\u00f3n, tambi\u00e9n subi\u00f3 tres pesos, a $368,50.<\/p>\n\n\n\n<p>El mercado esperaba esta movimiento, aunque todav\u00eda duda acerca de qu\u00e9 pasar\u00e1 en lo que resta del mes. En principio, el Gobierno habl\u00f3 de un deslizamiento mensual del 3%.\u00a0<strong>Fernando Marull<\/strong>, socio de\u00a0<em>FM&amp;A<\/em>, estim\u00f3 que ese ritmo de devaluaci\u00f3n\u00a0<strong>llevar\u00e1 al mayorista a los $358 al cierre de noviembre.<\/strong><\/p>\n\n\n\n<p>Tanto el ministro de Econom\u00eda,<strong>&nbsp;Sergio Massa<\/strong>, como su vice,&nbsp;<strong>Gabriel Rubinstein<\/strong>, hab\u00edan ratificado el plan de volver a las microdevaluaciones diarias varias veces en las \u00faltimas semanas. El titular del Palacio de Hacienda, incluso, dijo que cuando el precio del d\u00f3lar oficial mayorista se volviera a mover&nbsp;<strong>pasar\u00eda de los $350 actuales a $353 en el primer d\u00eda<\/strong>. Por su parte, Rubinstein hab\u00eda hablado de reanudar la devaluaci\u00f3n a un 3% mensual.<\/p>\n\n\n\n<figure class=\"wp-block-image\"><img decoding=\"async\" src=\"https:\/\/tn.com.ar\/resizer\/t3umH3peF1p5M1a3FMbcNy2nZpI=\/767x0\/smart\/filters:format(webp)\/cloudfront-us-east-1.images.arcpublishing.com\/artear\/PS4M6SVEFNAIFORKS72VKFVHVI.jpg\" alt=\"Gabriel Rubinstein, el secretario de Programaci\u00f3n Econ\u00f3mica, junto con el ministro Sergio Massa. (Foto: ministerio de Econom\u00eda).\"\/><\/figure>\n\n\n\n<p>Ante ese panorama, los analistas esperaban este\u00a0<strong>salto de $3 el primer d\u00eda<\/strong>\u00a0y, luego, un\u00a0<strong>deslizamiento controlado<\/strong>. Algunos consideran que esa suba ser\u00e1 similar a la inflaci\u00f3n semanal. Otros creen que ser\u00e1 del orden del 3% por mes y advierten que\u00a0se quedar\u00eda muy corta para corregir el atraso cambiario \u00a0acumulado desde agosto.<\/p>\n\n\n\n<h2 class=\"wp-block-heading\">El d\u00eda despu\u00e9s de las elecciones<\/h2>\n\n\n\n<p>M\u00e1s all\u00e1 de los planes del Gobierno, el\u00a0<strong>balotaje<\/strong>\u00a0de este domingo genera toda clase de incertidumbre con respecto a la din\u00e1mica cambiaria. Tanto los analistas como las mesas de dinero esperan que haya alguna\u00a0<strong>novedad en el esquema<\/strong>, aun si Massa resulta victorioso.<\/p>\n\n\n\n<p>\u201cEs evidente la necesidad de una&nbsp;<strong>correcci\u00f3n del tipo de cambio&nbsp;<\/strong>cualquiera sea el candidato que resulte electo en la segunda vuelta. De todas formas, esta correcci\u00f3n deber\u00e1 ser&nbsp;<strong>acompa\u00f1ada de medidas&nbsp;<\/strong>que permitan mejorar expectativas y generar confianza si se desean evitar resultados como los alcanzados con la \u00faltima devaluaci\u00f3n, con un traslado casi total a precios y la&nbsp;<strong>p\u00e9rdida de la competitividad&nbsp;<\/strong>ganada en cuesti\u00f3n de semanas\u201d, sostuvo un informe de&nbsp;<em>Invertir en Bolsa<\/em>.<\/p>\n\n\n\n<figure class=\"wp-block-image\"><img decoding=\"async\" src=\"https:\/\/tn.com.ar\/resizer\/U9D-Q6QXra-LCWeXwlOAliSK8N8=\/767x0\/smart\/filters:format(webp)\/cloudfront-us-east-1.images.arcpublishing.com\/artear\/FY5VOQFKABBQHK5W7DI7MS3YLU.jpeg\" alt=\"El ministro de Econom\u00eda, Sergio Massa, decidi\u00f3 extender el esquema del d\u00f3lar agro al resto de las exportaciones y ampliar a 30% la porci\u00f3n que se puede liquidar al contado con liquidaci\u00f3n. (Foto: Ministerio de Econom\u00eda).\"\/><\/figure>\n\n\n\n<p>Este viernes, adem\u00e1s,\u00a0 termina el programa de incentivo que permite a los exportadores de cualquier rubro<strong>\u00a0liquidar el 30% de lo que venden al exterior en el contado con liquidaci\u00f3n<\/strong>\u00a0(CCL) y el resto, en el oficial. Los economistas de la City tambi\u00e9n creen que puede haber novedades en ese aspecto.<\/p>\n\n\n\n<p>Si ganara el actual ministro de Econom\u00eda, la alternativa que m\u00e1s se repite entre los analistas es la de un desdoblamiento cambiario \u201cde hecho\u201d, esto es, la extensi\u00f3n y ampliaci\u00f3n del d\u00f3lar exportador. Por ejemplo, que el\u00a0<strong>esquema \u201c70-30%\u201d aumente gradualmente la porci\u00f3n<\/strong>\u00a0de lo que se puede liquidar al tipo de cambio financiero.<\/p>\n\n\n\n<p>\u201cLa extensi\u00f3n del esquema del antiguo d\u00f3lar soja a todas las exportaciones da la sensaci\u00f3n de que la modificaci\u00f3n del 70\/30,&nbsp;<strong>permitiendo mayores liquidaciones al CCL<\/strong>, podr\u00eda ser un mecanismo posible para mantener los incentivos de precio en las exportaciones sin necesidad de devaluar\u201d, analizaron desde&nbsp;<em>LCG<\/em>.<\/p>\n\n\n\n<figure class=\"wp-block-image\"><img decoding=\"async\" src=\"https:\/\/tn.com.ar\/resizer\/RZyQHAhOpOO6EgaZR_fmjTM4ynw=\/767x0\/smart\/filters:format(webp)\/cloudfront-us-east-1.images.arcpublishing.com\/artear\/WRY33FBDFVBA5LGIKNYKRR4XOE.jpg\" alt=\"A partir de este mi\u00e9rcoles, el Banco Central que conduce Miguel Pesce volvi\u00f3 a mover el tipo de cambio oficial. (Foto: NA).\"\/><\/figure>\n\n\n\n<p>Y agregaron: \u201cSi este fuera el caso,&nbsp;<strong>no se estar\u00eda yendo a un desdoblamiento formal<\/strong>, sino a una gradual unificaci\u00f3n cambiaria, dado que el d\u00f3lar oficial perder\u00eda relevancia. Esto no solo traer\u00eda aparejado una mejora del resultado comercial, sino que aumentar\u00eda el volumen y la oferta en el mercado de d\u00f3lares financieros, favoreciendo la reducci\u00f3n de los d\u00f3lares CCL y MEP\u201d.<\/p>\n\n\n\n<p>Por el lado libertario,\u00a0<em>LCG<\/em>\u00a0record\u00f3 que\u00a0<strong>Carlos Rodr\u00edguez<\/strong>, economista referente de ese espacio, coment\u00f3 que se podr\u00eda comenzar a derivar las exportaciones en un<strong>\u00a090% al contado con liquidaci\u00f3n\u00a0<\/strong>y que solo el 10% restante se liquide en el mercado oficial.<\/p>\n","protected":false},"excerpt":{"rendered":"<p>El tipo de cambio que regula el Banco Central estaba fijo desde la devaluaci\u00f3n del 14 de agosto, pero hoy volvi\u00f3 a deslizarse. Las opciones que maneja el oficialismo y&hellip; <\/p>\n","protected":false},"author":8,"featured_media":102601,"comment_status":"closed","ping_status":"open","sticky":false,"template":"","format":"standard","meta":{"footnotes":""},"categories":[10],"tags":[],"class_list":["post-102600","post","type-post","status-publish","format-standard","has-post-thumbnail","hentry","category-nacionales"],"_links":{"self":[{"href":"https:\/\/corrientesdetarde.com\/index.php\/wp-json\/wp\/v2\/posts\/102600","targetHints":{"allow":["GET"]}}],"collection":[{"href":"https:\/\/corrientesdetarde.com\/index.php\/wp-json\/wp\/v2\/posts"}],"about":[{"href":"https:\/\/corrientesdetarde.com\/index.php\/wp-json\/wp\/v2\/types\/post"}],"author":[{"embeddable":true,"href":"https:\/\/corrientesdetarde.com\/index.php\/wp-json\/wp\/v2\/users\/8"}],"replies":[{"embeddable":true,"href":"https:\/\/corrientesdetarde.com\/index.php\/wp-json\/wp\/v2\/comments?post=102600"}],"version-history":[{"count":1,"href":"https:\/\/corrientesdetarde.com\/index.php\/wp-json\/wp\/v2\/posts\/102600\/revisions"}],"predecessor-version":[{"id":102602,"href":"https:\/\/corrientesdetarde.com\/index.php\/wp-json\/wp\/v2\/posts\/102600\/revisions\/102602"}],"wp:featuredmedia":[{"embeddable":true,"href":"https:\/\/corrientesdetarde.com\/index.php\/wp-json\/wp\/v2\/media\/102601"}],"wp:attachment":[{"href":"https:\/\/corrientesdetarde.com\/index.php\/wp-json\/wp\/v2\/media?parent=102600"}],"wp:term":[{"taxonomy":"category","embeddable":true,"href":"https:\/\/corrientesdetarde.com\/index.php\/wp-json\/wp\/v2\/categories?post=102600"},{"taxonomy":"post_tag","embeddable":true,"href":"https:\/\/corrientesdetarde.com\/index.php\/wp-json\/wp\/v2\/tags?post=102600"}],"curies":[{"name":"wp","href":"https:\/\/api.w.org\/{rel}","templated":true}]}}