{"id":102603,"date":"2023-11-15T14:42:47","date_gmt":"2023-11-15T17:42:47","guid":{"rendered":"https:\/\/corrientesdetarde.com\/?p=102603"},"modified":"2023-11-15T14:43:00","modified_gmt":"2023-11-15T17:43:00","slug":"diputados-aprobo-con-modificaciones-la-creacion-de-la-oficina-de-conciliacion-laboral-obligatoria","status":"publish","type":"post","link":"https:\/\/corrientesdetarde.com\/index.php\/politica\/diputados-aprobo-con-modificaciones-la-creacion-de-la-oficina-de-conciliacion-laboral-obligatoria\/","title":{"rendered":"Diputados aprob\u00f3 con modificaciones la Creaci\u00f3n de la Oficina de Conciliaci\u00f3n Laboral Obligatoria"},"content":{"rendered":"\n<p><strong>La C\u00e1mara de Diputados aprob\u00f3 una serie de leyes, resoluciones y declaraciones. Entre otros, pasan al Ejecutivo para promulgaci\u00f3n: la Creaci\u00f3n de Reserva Ysor\u00f3 en Goya\u00a0\u00a0y un Juzgado de Familia en Saladas. Es resoluci\u00f3n la pr\u00f3rroga de Sesiones Ordinarias.<\/strong><\/p>\n\n\n\n<p>La C\u00e1mara de Diputados de la provincia de Corrientes, en su sesi\u00f3n 22, aprob\u00f3 \u201ccon modificaciones\u201d&nbsp;&nbsp;el proyecto de ley que Crea la Oficina de Conciliaci\u00f3n Laboral Obligatoria \u2013OCLO-, expediente que vuelve al Senado, para su tratamiento y sanci\u00f3n.<\/p>\n\n\n\n<p>La diputada Luc\u00eda Centuri\u00f3n, presidente de la Comisi\u00f3n de Asuntos Constitucionales,&nbsp;&nbsp;detall\u00f3 algunos de los cambios introducidos al expediente, haciendo referencia a la importancia del nuevo \u00e1mbito a crearse. \u201cSe trata de un procedimiento en donde las partes son convocadas por un conciliador, a fin de avenir a las mismas, para as\u00ed lograr a un acuerdo\u201d, sostuvo.<\/p>\n\n\n\n<p>El diputado miembro de la misma comisi\u00f3n Walter Ch\u00e1vez,&nbsp;&nbsp;sostuvo: \u201clo que se trata de garantizar son los derechos tanto de los trabajadores como de los contratantes\u201d y la diputada Alicia Meixner acot\u00f3 en el mismo contexto que despu\u00e9s de mucho trabajo se logr\u00f3 un consenso. Entre otros puntos, mencion\u00f3 que queda establecido, la \u201cconfidencialidad de los acuerdos entre trabajadores y empleadores\u201d, dijo Meixner, entre otros puntos importantes.<\/p>\n\n\n\n<p>\u201cSe trata de una herramienta muy buena para dirimir los conflictos labores\u201d, sentenci\u00f3 el diputado Javier S\u00e1ez.<\/p>\n\n\n\n<p>En efecto, en los fundamentos se menciona la meta de&nbsp;&nbsp;\u201creducir la llegada de los particulares a juicio mediante arreglos extrajudiciales, de una manera amistosa entre las partes y una considerable reducci\u00f3n de los tiempos, costos judiciales y la desvalorizaci\u00f3n monetaria que sufre el trabajador con respecto al d\u00e9bito reclamado\u201d.<\/p>\n\n\n\n<p>El expediente, autor\u00eda de varios senadores, vuelve a la c\u00e1mara Alta para la sanci\u00f3n respectiva.<\/p>\n\n\n\n<p><strong>RESERVA YSOR\u00d3<\/strong><\/p>\n\n\n\n<p>Por otra parte, la c\u00e1mara que preside Pedro Cassani&nbsp;&nbsp;&nbsp;convirti\u00f3 en ley un proyecto que a\u00f1os anteriores se inici\u00f3 y aprob\u00f3 en Diputados, pero que en Senado perdiera estado parlamentario: la Creaci\u00f3n de la Reserva Natural \u201cArroyo Ysor\u00f3\u201d, en Goya; en este caso, presentado por el senador Ignacio Osella.<\/p>\n\n\n\n<p>\u201cEl arroyo Ysor\u00f3 es parte de un delta situado entre las ciudades de Goya y Esquina, a 220 Kil\u00f3metros de la Capital Correntina y a 750 kil\u00f3metros de la Capital Federal, con una extensi\u00f3n de 90 kil\u00f3metros de longitud\u201d, se detalla en los fundamentos.<\/p>\n\n\n\n<p>\u201c\u2026En el proyecto original abarcada 100 mil hect\u00e1reas&nbsp;&nbsp;y despu\u00e9s con&nbsp;&nbsp;conversaci\u00f3n con distintos sectores&nbsp;&nbsp;hoy este proyecto&nbsp;&nbsp;de ley abarca aproximadamente&nbsp;&nbsp;70 mil&nbsp;&nbsp;hect\u00e1reas\u2026\u201d, coment\u00f3 el diputado goyano H\u00e9ctor L\u00f3pez, ante sus pares.<\/p>\n\n\n\n<p>\u201cPara que podamos entender, este arroyo tiene varias lagunas, que forman esta reserva\u2026 La idea de esta reserva es que todo tipo de pesca se pueda realizar siempre y cuando&nbsp;&nbsp;sea con devoluci\u00f3n. Nosotros en esta zona siempre&nbsp;&nbsp;decimos que es la cuna del surub\u00ed, porque ac\u00e1 es donde nace\u201d, explic\u00f3 para informar que est\u00e1n hechas distintas inversiones.<\/p>\n\n\n\n<p>\u201cCreemos que&nbsp;&nbsp;tiene un potencial enorme para el desarrollo tur\u00edstico&nbsp;&nbsp;en esta parte de la provincia. Involucra fundamentalmente&nbsp;&nbsp;a los municipios de Goya, San Isidro y no tengo dudas&nbsp;&nbsp;que tambi\u00e9n al municipio de Esquina\u201d, manifest\u00f3 para que indicar que \u201cla idea es instalar en un principio tres caba\u00f1as con guardaparques&nbsp;&nbsp;para que esta zona sea cuidada y preservada&nbsp;&nbsp;como corresponde porque creemos&nbsp;&nbsp;que ah\u00ed est\u00e1 el potencial tur\u00edstico\u201d.<\/p>\n\n\n\n<p>Bajo el n\u00famero 6655 la ley pas\u00f3 al Poder Ejecutivo.<\/p>\n\n\n\n<p><strong>JUZGADO DE FAMILIA<\/strong><\/p>\n\n\n\n<p>En la sesi\u00f3n 22, pas\u00f3 al Ejecutivo para promulgaci\u00f3n el proyecto de ley que crea un Juzgado de Familia, Ni\u00f1ez y Adolescencia en la localidad de Saladas con competencia en el departamento del mismo nombre y en el departamento de Mburucuy\u00e1.<\/p>\n\n\n\n<p>Se dispone que en el articulado que \u201cel Superior Tribunal de Justicia deber\u00e1 comunicar al Poder Ejecutivo, la estimaci\u00f3n de Partidas necesarias para implementar la presente ley, a fin de ser previstas en los respectivos presupuestos anuales del Poder Judicial y del Sector P\u00fablico Provincial\u201d.<\/p>\n\n\n\n<p>En los fundamentos se recuerda que \u201cSaladas actualmente cuenta con un solo juzgado con competencia Civil y Comercial\u201d y que la \u201centrada en vigencia del nuevo C\u00f3digo Procesal de Familia Ni\u00f1ez y Adolescencia, aprobado por ley N\u00ba 6580, tiene como objetivo principal lograr el abordaje integral del conflicto familiar y alcanzar la efectiva operatividad de las normas del derecho sustancial, en consonancia con la Constituci\u00f3n Nacional, la Constituci\u00f3n de la provincia de Corrientes, los instrumentos internacionales de Derechos Humanos en los que la Naci\u00f3n sea parte, el C\u00f3digo Civil y Comercial de la Naci\u00f3n y los principios generales de los procesos enunciados en el C\u00f3digo\u201d.<\/p>\n\n\n\n<p>La diputada Luc\u00eda Centuri\u00f3n indic\u00f3 antes de la sanci\u00f3n que \u201cde esta manera se reivindica el compromiso del Estado para mejor calidad de justicia\u201d.<\/p>\n\n\n\n<p><strong>PRORROGA DE SESIONES<\/strong><\/p>\n\n\n\n<p>La C\u00e1mara de Diputados tambi\u00e9n aprob\u00f3 la pr\u00f3rroga por el t\u00e9rmino de 10 d\u00edas del per\u00edodo de sesiones ordinarias, correspondiente al a\u00f1o 2023, conforme lo previsto por el art\u00edculo 99, in fine, de la Constituci\u00f3n Provincial.<\/p>\n\n\n\n<p>Cabe recordar que el Poder Legislativo debe expedirse sobre el proyecto de ley de Presupuesto, por lo que se esperan las reuniones habituales en este contexto y el debate respectivo.<\/p>\n\n\n\n<p><strong>DECLARACI\u00d3N DESTACADA<\/strong><\/p>\n\n\n\n<p>Entre otras iniciativas de \u00edndole Declarativas \u2013y despu\u00e9s de haberse sancionado leyes y la pr\u00f3rroga de sesiones ordinarias-, se aprob\u00f3 un reconocimiento al artista internacional que visita Corrientes Ricardo Arjona,&nbsp;&nbsp;autor del tema \u201cElla baila sola\u201d en homenaje a la correntina \u201cVero\u201d Luque; el cual se convirtiera en himno mundial de la lucha contra el C\u00e1ncer Infantil (tras haber acompa\u00f1ado la lucha de miles de familias argentinas y correntinas por las leyes de oncopediatr\u00eda).<\/p>\n\n\n\n<p>Cabe recordar que la provincia de Corrientes fue la segunda provincia en el pa\u00eds que tuvo una ley de protecci\u00f3n a las familias de ni\u00f1os y ni\u00f1as con c\u00e1ncer, aprob\u00e1ndose tiempo despu\u00e9s, en el Congreso Nacional. En ambos casos, la imagen de Vero Luque \u2013en esa canci\u00f3n-&nbsp;&nbsp;fue un \u00edcono de la lucha por las normativas, felizmente, en vigencia.<\/p>\n\n\n\n<p>\u201cEstas leyes, significan lisa y llanamente bajar los \u00edndices de mortalidad por esta enfermedad; posibilitando adem\u00e1s que los padres tengan menos burocracias en obras sociales \u2013para la cobertura respectiva- y acceso a una detecci\u00f3n m\u00e1s temprana (para atacar cuanto antes al tumor)\u201d, explicaron muchas veces los padres de \u201cVero\u201d: Jorge Luque y Griselda Castillo, quienes crearon una ONG en homenaje a su hija fallecida en 2019.&nbsp;&nbsp;<\/p>\n\n\n\n<p>La Declaraci\u00f3n aprobada por unanimidad, ser\u00e1 entregada por&nbsp;&nbsp;la \u201cFundaci\u00f3n Vero\u201d y significa un \u201cGRACIAS\u201d de la instituci\u00f3n C\u00e1mara de Diputados,&nbsp;&nbsp;donde se inici\u00f3 la ley que cont\u00f3 con la participaci\u00f3n de especialistas m\u00e9dicos, funcionarios del Ejecutivo Provinciales y fundamentalmente los interesados.<\/p>\n\n\n\n<p>En el recinto legislativo, el autor de la Ley Provincial&nbsp;&nbsp;6165 de Oncopediatr\u00eda Pedro Cassani explic\u00f3 los motivos que llevaron a presentar la Declaraci\u00f3n de Inter\u00e9s, resaltando que es un \u201csimple Gracias\u201d a quien ayud\u00f3 a la visibilizaci\u00f3n de la tem\u00e1tica \u2013con una correntina de protagonista-, permitiendo as\u00ed las leyes referidas.<\/p>\n\n\n\n<p>\u201cNuestra Vero Luque vive en las luchas que se dan en todo el mundo, en pos de la vida de los ni\u00f1os, ni\u00f1as y adolescentes\u201d, dijo Cassani para aclarar que una manera de decir Gracias es con la Declaraci\u00f3n de Benepl\u00e1cito.<\/p>\n\n\n\n<p>Desde la Fundaci\u00f3n Vero Luque, agradecieron una vez m\u00e1s, el gesto de acompa\u00f1ar a la permanente lucha (hoy, para que los beneficios de las leyes, lleguen a todos por igual).<\/p>\n\n\n\n<p>En el recinto, los Diputados, antes de votar, vieron un video acerca de las campa\u00f1as solidarias, en distintos pa\u00edses, con la imagen de la correntina Vero Luque como estandarte de las mismas;&nbsp;&nbsp;caso concreto de M\u00e9xico.<\/p>\n\n\n\n<p>\u201cEsto tiene que ver con el\u00a0\u00a0sentido y la contribuci\u00f3n que ha hecho este m\u00fasico para\u00a0\u00a0generar la concientizaci\u00f3n sobre el c\u00e1ncer infantil, no solo en Argentina, sino ahora, como vimos: en el mundo\u201d, concluy\u00f3 Cassani.<\/p>\n\n\n\n<figure class=\"wp-block-image size-large\"><img loading=\"lazy\" decoding=\"async\" width=\"1024\" height=\"1024\" src=\"https:\/\/corrientesdetarde.com\/wp-content\/uploads\/2023\/11\/declaracion-por-Vero-1024x1024.jpg\" alt=\"\" class=\"wp-image-102610\" srcset=\"https:\/\/corrientesdetarde.com\/wp-content\/uploads\/2023\/11\/declaracion-por-Vero-1024x1024.jpg 1024w, https:\/\/corrientesdetarde.com\/wp-content\/uploads\/2023\/11\/declaracion-por-Vero-300x300.jpg 300w, https:\/\/corrientesdetarde.com\/wp-content\/uploads\/2023\/11\/declaracion-por-Vero-150x150.jpg 150w, https:\/\/corrientesdetarde.com\/wp-content\/uploads\/2023\/11\/declaracion-por-Vero-768x768.jpg 768w, https:\/\/corrientesdetarde.com\/wp-content\/uploads\/2023\/11\/declaracion-por-Vero.jpg 1280w\" sizes=\"auto, (max-width: 1024px) 100vw, 1024px\" \/><\/figure>\n\n\n\n<figure class=\"wp-block-image size-large\"><img loading=\"lazy\" decoding=\"async\" width=\"1024\" height=\"1024\" src=\"https:\/\/corrientesdetarde.com\/wp-content\/uploads\/2023\/11\/juzgado-1024x1024.jpg\" alt=\"\" class=\"wp-image-102609\" srcset=\"https:\/\/corrientesdetarde.com\/wp-content\/uploads\/2023\/11\/juzgado-1024x1024.jpg 1024w, https:\/\/corrientesdetarde.com\/wp-content\/uploads\/2023\/11\/juzgado-300x300.jpg 300w, https:\/\/corrientesdetarde.com\/wp-content\/uploads\/2023\/11\/juzgado-150x150.jpg 150w, https:\/\/corrientesdetarde.com\/wp-content\/uploads\/2023\/11\/juzgado-768x768.jpg 768w, https:\/\/corrientesdetarde.com\/wp-content\/uploads\/2023\/11\/juzgado.jpg 1280w\" sizes=\"auto, (max-width: 1024px) 100vw, 1024px\" \/><\/figure>\n\n\n\n<figure class=\"wp-block-image size-full\"><img loading=\"lazy\" decoding=\"async\" width=\"1024\" height=\"683\" src=\"https:\/\/corrientesdetarde.com\/wp-content\/uploads\/2023\/11\/22-sesion-b.jpg\" alt=\"\" class=\"wp-image-102608\" srcset=\"https:\/\/corrientesdetarde.com\/wp-content\/uploads\/2023\/11\/22-sesion-b.jpg 1024w, https:\/\/corrientesdetarde.com\/wp-content\/uploads\/2023\/11\/22-sesion-b-300x200.jpg 300w, https:\/\/corrientesdetarde.com\/wp-content\/uploads\/2023\/11\/22-sesion-b-768x512.jpg 768w\" sizes=\"auto, (max-width: 1024px) 100vw, 1024px\" \/><\/figure>\n\n\n\n<figure class=\"wp-block-image size-full\"><img loading=\"lazy\" decoding=\"async\" width=\"1024\" height=\"683\" src=\"https:\/\/corrientesdetarde.com\/wp-content\/uploads\/2023\/11\/22-sesion-a.jpg\" alt=\"\" class=\"wp-image-102606\" srcset=\"https:\/\/corrientesdetarde.com\/wp-content\/uploads\/2023\/11\/22-sesion-a.jpg 1024w, https:\/\/corrientesdetarde.com\/wp-content\/uploads\/2023\/11\/22-sesion-a-300x200.jpg 300w, https:\/\/corrientesdetarde.com\/wp-content\/uploads\/2023\/11\/22-sesion-a-768x512.jpg 768w\" sizes=\"auto, (max-width: 1024px) 100vw, 1024px\" \/><\/figure>\n\n\n\n<figure class=\"wp-block-image size-large\"><img loading=\"lazy\" decoding=\"async\" width=\"1024\" height=\"1024\" src=\"https:\/\/corrientesdetarde.com\/wp-content\/uploads\/2023\/11\/resolucion-prorroga-1024x1024.jpg\" alt=\"\" class=\"wp-image-102612\" srcset=\"https:\/\/corrientesdetarde.com\/wp-content\/uploads\/2023\/11\/resolucion-prorroga-1024x1024.jpg 1024w, https:\/\/corrientesdetarde.com\/wp-content\/uploads\/2023\/11\/resolucion-prorroga-300x300.jpg 300w, https:\/\/corrientesdetarde.com\/wp-content\/uploads\/2023\/11\/resolucion-prorroga-150x150.jpg 150w, https:\/\/corrientesdetarde.com\/wp-content\/uploads\/2023\/11\/resolucion-prorroga-768x768.jpg 768w, https:\/\/corrientesdetarde.com\/wp-content\/uploads\/2023\/11\/resolucion-prorroga.jpg 1280w\" sizes=\"auto, (max-width: 1024px) 100vw, 1024px\" \/><\/figure>\n\n\n\n<figure class=\"wp-block-image size-large\"><img loading=\"lazy\" decoding=\"async\" width=\"1024\" height=\"1024\" src=\"https:\/\/corrientesdetarde.com\/wp-content\/uploads\/2023\/11\/Ysoro-es-ley-1024x1024.jpg\" alt=\"\" class=\"wp-image-102611\" srcset=\"https:\/\/corrientesdetarde.com\/wp-content\/uploads\/2023\/11\/Ysoro-es-ley-1024x1024.jpg 1024w, https:\/\/corrientesdetarde.com\/wp-content\/uploads\/2023\/11\/Ysoro-es-ley-300x300.jpg 300w, https:\/\/corrientesdetarde.com\/wp-content\/uploads\/2023\/11\/Ysoro-es-ley-150x150.jpg 150w, https:\/\/corrientesdetarde.com\/wp-content\/uploads\/2023\/11\/Ysoro-es-ley-768x768.jpg 768w, https:\/\/corrientesdetarde.com\/wp-content\/uploads\/2023\/11\/Ysoro-es-ley.jpg 1280w\" sizes=\"auto, (max-width: 1024px) 100vw, 1024px\" \/><\/figure>\n\n\n\n<figure class=\"wp-block-image size-full\"><img loading=\"lazy\" decoding=\"async\" width=\"1024\" height=\"683\" src=\"https:\/\/corrientesdetarde.com\/wp-content\/uploads\/2023\/11\/22-sesion-Ysoro.jpg\" alt=\"\" class=\"wp-image-102604\" srcset=\"https:\/\/corrientesdetarde.com\/wp-content\/uploads\/2023\/11\/22-sesion-Ysoro.jpg 1024w, https:\/\/corrientesdetarde.com\/wp-content\/uploads\/2023\/11\/22-sesion-Ysoro-300x200.jpg 300w, https:\/\/corrientesdetarde.com\/wp-content\/uploads\/2023\/11\/22-sesion-Ysoro-768x512.jpg 768w\" sizes=\"auto, (max-width: 1024px) 100vw, 1024px\" \/><\/figure>\n","protected":false},"excerpt":{"rendered":"<p>La C\u00e1mara de Diputados aprob\u00f3 una serie de leyes, resoluciones y declaraciones. Entre otros, pasan al Ejecutivo para promulgaci\u00f3n: la Creaci\u00f3n de Reserva Ysor\u00f3 en Goya\u00a0\u00a0y un Juzgado de Familia&hellip; <\/p>\n","protected":false},"author":8,"featured_media":102613,"comment_status":"closed","ping_status":"open","sticky":false,"template":"","format":"standard","meta":{"footnotes":""},"categories":[3],"tags":[],"class_list":["post-102603","post","type-post","status-publish","format-standard","has-post-thumbnail","hentry","category-politica"],"_links":{"self":[{"href":"https:\/\/corrientesdetarde.com\/index.php\/wp-json\/wp\/v2\/posts\/102603","targetHints":{"allow":["GET"]}}],"collection":[{"href":"https:\/\/corrientesdetarde.com\/index.php\/wp-json\/wp\/v2\/posts"}],"about":[{"href":"https:\/\/corrientesdetarde.com\/index.php\/wp-json\/wp\/v2\/types\/post"}],"author":[{"embeddable":true,"href":"https:\/\/corrientesdetarde.com\/index.php\/wp-json\/wp\/v2\/users\/8"}],"replies":[{"embeddable":true,"href":"https:\/\/corrientesdetarde.com\/index.php\/wp-json\/wp\/v2\/comments?post=102603"}],"version-history":[{"count":1,"href":"https:\/\/corrientesdetarde.com\/index.php\/wp-json\/wp\/v2\/posts\/102603\/revisions"}],"predecessor-version":[{"id":102614,"href":"https:\/\/corrientesdetarde.com\/index.php\/wp-json\/wp\/v2\/posts\/102603\/revisions\/102614"}],"wp:featuredmedia":[{"embeddable":true,"href":"https:\/\/corrientesdetarde.com\/index.php\/wp-json\/wp\/v2\/media\/102613"}],"wp:attachment":[{"href":"https:\/\/corrientesdetarde.com\/index.php\/wp-json\/wp\/v2\/media?parent=102603"}],"wp:term":[{"taxonomy":"category","embeddable":true,"href":"https:\/\/corrientesdetarde.com\/index.php\/wp-json\/wp\/v2\/categories?post=102603"},{"taxonomy":"post_tag","embeddable":true,"href":"https:\/\/corrientesdetarde.com\/index.php\/wp-json\/wp\/v2\/tags?post=102603"}],"curies":[{"name":"wp","href":"https:\/\/api.w.org\/{rel}","templated":true}]}}