{"id":102615,"date":"2023-11-15T15:30:09","date_gmt":"2023-11-15T18:30:09","guid":{"rendered":"https:\/\/corrientesdetarde.com\/?p=102615"},"modified":"2023-11-15T16:03:13","modified_gmt":"2023-11-15T19:03:13","slug":"los-empresarios-pidieron-al-proximo-presidente-bajar-la-inflacion-y-reclamaron-una-reforma-tributaria-y-fiscal","status":"publish","type":"post","link":"https:\/\/corrientesdetarde.com\/index.php\/politica\/los-empresarios-pidieron-al-proximo-presidente-bajar-la-inflacion-y-reclamaron-una-reforma-tributaria-y-fiscal\/","title":{"rendered":"Los empresarios pidieron al pr\u00f3ximo presidente bajar la inflaci\u00f3n y reclamaron una reforma tributaria y fiscal"},"content":{"rendered":"\n<p>Referentes del sector privado enviaron cartas a Sergio Massa y Javier Milei para transmitir sus preocupaciones para el a\u00f1o entrante. Hoy el libertario se present\u00f3 ante dirigentes y ma\u00f1ana har\u00e1 lo mismo el candidato oficialista.<\/p>\n\n\n\n<p>A tan solo cuatro d\u00edas del balotaje presidencial, los candidatos&nbsp;<strong>Sergio Massa&nbsp;<\/strong>(Uni\u00f3n por la Patria) y&nbsp;<strong>Javier Milei&nbsp;<\/strong>(La Libertad Avanza) ultiman detalles en el tramo final de la campa\u00f1a. Entre esos eventos, tienen pautadas reuniones con empresarios.<\/p>\n\n\n\n<p>Sin embargo, las principales entidades empresarias enviaron cartas a ambos para manifestar los puntos que quieren que sean atendidos por el pr\u00f3ximo gobierno, gane quien gane.<\/p>\n\n\n\n<p>\u201cAnte la falta de respuesta a dichos pedidos queremos comunicar los puntos que las entidades empresarias y otras organizaciones que forman el Foro de Convergencia Empresarial quer\u00edan presentar a los candidatos para que se tengan en cuenta en el pr\u00f3ximo Gobierno que resulte de las elecciones\u201d, se\u00f1alaron en un comunicado.<\/p>\n","protected":false},"excerpt":{"rendered":"<p>Referentes del sector privado enviaron cartas a Sergio Massa y Javier Milei para transmitir sus preocupaciones para el a\u00f1o entrante. Hoy el libertario se present\u00f3 ante dirigentes y ma\u00f1ana har\u00e1&hellip; <\/p>\n","protected":false},"author":8,"featured_media":102616,"comment_status":"closed","ping_status":"open","sticky":false,"template":"","format":"standard","meta":{"footnotes":""},"categories":[3],"tags":[],"class_list":["post-102615","post","type-post","status-publish","format-standard","has-post-thumbnail","hentry","category-politica"],"_links":{"self":[{"href":"https:\/\/corrientesdetarde.com\/index.php\/wp-json\/wp\/v2\/posts\/102615","targetHints":{"allow":["GET"]}}],"collection":[{"href":"https:\/\/corrientesdetarde.com\/index.php\/wp-json\/wp\/v2\/posts"}],"about":[{"href":"https:\/\/corrientesdetarde.com\/index.php\/wp-json\/wp\/v2\/types\/post"}],"author":[{"embeddable":true,"href":"https:\/\/corrientesdetarde.com\/index.php\/wp-json\/wp\/v2\/users\/8"}],"replies":[{"embeddable":true,"href":"https:\/\/corrientesdetarde.com\/index.php\/wp-json\/wp\/v2\/comments?post=102615"}],"version-history":[{"count":1,"href":"https:\/\/corrientesdetarde.com\/index.php\/wp-json\/wp\/v2\/posts\/102615\/revisions"}],"predecessor-version":[{"id":102617,"href":"https:\/\/corrientesdetarde.com\/index.php\/wp-json\/wp\/v2\/posts\/102615\/revisions\/102617"}],"wp:featuredmedia":[{"embeddable":true,"href":"https:\/\/corrientesdetarde.com\/index.php\/wp-json\/wp\/v2\/media\/102616"}],"wp:attachment":[{"href":"https:\/\/corrientesdetarde.com\/index.php\/wp-json\/wp\/v2\/media?parent=102615"}],"wp:term":[{"taxonomy":"category","embeddable":true,"href":"https:\/\/corrientesdetarde.com\/index.php\/wp-json\/wp\/v2\/categories?post=102615"},{"taxonomy":"post_tag","embeddable":true,"href":"https:\/\/corrientesdetarde.com\/index.php\/wp-json\/wp\/v2\/tags?post=102615"}],"curies":[{"name":"wp","href":"https:\/\/api.w.org\/{rel}","templated":true}]}}