{"id":102621,"date":"2023-11-15T15:44:15","date_gmt":"2023-11-15T18:44:15","guid":{"rendered":"https:\/\/corrientesdetarde.com\/?p=102621"},"modified":"2023-11-15T15:44:27","modified_gmt":"2023-11-15T18:44:27","slug":"gabriela-trenchi-hablo-sobre-la-denuncia-que-anibal-lotocki-inicio-en-su-contra-yo-soy-la-victima","status":"publish","type":"post","link":"https:\/\/corrientesdetarde.com\/index.php\/espectaculos\/gabriela-trenchi-hablo-sobre-la-denuncia-que-anibal-lotocki-inicio-en-su-contra-yo-soy-la-victima\/","title":{"rendered":"Gabriela Trenchi habl\u00f3 sobre la denuncia que An\u00edbal Lotocki inici\u00f3 en su contra: \u201cYo soy la v\u00edctima\u201d"},"content":{"rendered":"\n<p>La expaciente del pol\u00e9mico m\u00e9dico fue acusada de calumnias e injurias y se refiri\u00f3 al contraataque judicial que deber\u00e1 enfrentar por las declaraciones que hizo en la televisi\u00f3n.<\/p>\n\n\n\n<p>Gabriela Trenchi rompi\u00f3 el silencio sobre la denuncia que An\u00edbal Lotocki inici\u00f3 en su contra por calumnias e injurias. \u201cMe arruin\u00f3 la vida, la econom\u00eda y ahora se victimiza\u201d, dispar\u00f3 la empresaria textil en di\u00e1logo con\u00a0<em>Nuestra tarde<\/em>, . Y sum\u00f3: \u201cMe enter\u00e9 por los medios, porque todav\u00eda no me lleg\u00f3 nada, y parece una verg\u00fcenza total\u201d.<\/p>\n\n\n\n<p>\u201cLos dolores que tengo son por las pelotas de tenis que me aparecieron en el cuerpo por el veneno que \u00e9l me coloc\u00f3 sin mi consentimiento.\u00a0<strong>Yo soy la v\u00edctima y estoy tratada psiqui\u00e1tricamente<\/strong>\u201d, agreg\u00f3 claramente indignada por el contraataque judicial de Lotocki.<\/p>\n\n\n\n<p>Sobre los dichos que hizo en diversos ciclos televisivos, Trenchi insisti\u00f3: \u201cYo les quiero aclarar que a Cristian Z\u00e1rate lo oper\u00f3 en pandemia, cuando no se pod\u00eda operar, y lo mat\u00f3.&nbsp;<strong>Y no tengo miedo en volver a decirlo, que me haga las causas que quiera<\/strong>. No tengo ning\u00fan problema y se las voy a contestar\u201d.<\/p>\n\n\n\n<figure class=\"wp-block-image\"><img decoding=\"async\" src=\"https:\/\/tn.com.ar\/resizer\/GWH9SyYpnD2iJf6iEEhpcO-cxnc=\/767x0\/smart\/filters:format(webp)\/thumbs.vodgc.net\/1-14-BqSi831700069367500-1700069894.jpg\" alt=\"Video Placeholder\"\/><\/figure>\n\n\n\n<p>\u201c\u00c9l dijo que yo me tom\u00e9 un crucero. Yo trabajo, porque me dejaron en la ruina. Mi pareja cumpl\u00eda a\u00f1os y nos fuimos a un crucero tres d\u00edas. Yo me muevo como me muevo para ir a trabajar.&nbsp;<strong>Puedo andar por la calle a pesar de los dolores, por los que estoy medicada<\/strong>\u201d, agreg\u00f3.<\/p>\n","protected":false},"excerpt":{"rendered":"<p>La expaciente del pol\u00e9mico m\u00e9dico fue acusada de calumnias e injurias y se refiri\u00f3 al contraataque judicial que deber\u00e1 enfrentar por las declaraciones que hizo en la televisi\u00f3n. Gabriela Trenchi&hellip; <\/p>\n","protected":false},"author":8,"featured_media":102622,"comment_status":"closed","ping_status":"open","sticky":false,"template":"","format":"standard","meta":{"footnotes":""},"categories":[19],"tags":[],"class_list":["post-102621","post","type-post","status-publish","format-standard","has-post-thumbnail","hentry","category-espectaculos"],"_links":{"self":[{"href":"https:\/\/corrientesdetarde.com\/index.php\/wp-json\/wp\/v2\/posts\/102621","targetHints":{"allow":["GET"]}}],"collection":[{"href":"https:\/\/corrientesdetarde.com\/index.php\/wp-json\/wp\/v2\/posts"}],"about":[{"href":"https:\/\/corrientesdetarde.com\/index.php\/wp-json\/wp\/v2\/types\/post"}],"author":[{"embeddable":true,"href":"https:\/\/corrientesdetarde.com\/index.php\/wp-json\/wp\/v2\/users\/8"}],"replies":[{"embeddable":true,"href":"https:\/\/corrientesdetarde.com\/index.php\/wp-json\/wp\/v2\/comments?post=102621"}],"version-history":[{"count":1,"href":"https:\/\/corrientesdetarde.com\/index.php\/wp-json\/wp\/v2\/posts\/102621\/revisions"}],"predecessor-version":[{"id":102623,"href":"https:\/\/corrientesdetarde.com\/index.php\/wp-json\/wp\/v2\/posts\/102621\/revisions\/102623"}],"wp:featuredmedia":[{"embeddable":true,"href":"https:\/\/corrientesdetarde.com\/index.php\/wp-json\/wp\/v2\/media\/102622"}],"wp:attachment":[{"href":"https:\/\/corrientesdetarde.com\/index.php\/wp-json\/wp\/v2\/media?parent=102621"}],"wp:term":[{"taxonomy":"category","embeddable":true,"href":"https:\/\/corrientesdetarde.com\/index.php\/wp-json\/wp\/v2\/categories?post=102621"},{"taxonomy":"post_tag","embeddable":true,"href":"https:\/\/corrientesdetarde.com\/index.php\/wp-json\/wp\/v2\/tags?post=102621"}],"curies":[{"name":"wp","href":"https:\/\/api.w.org\/{rel}","templated":true}]}}