{"id":102624,"date":"2023-11-15T15:48:24","date_gmt":"2023-11-15T18:48:24","guid":{"rendered":"https:\/\/corrientesdetarde.com\/?p=102624"},"modified":"2023-11-15T15:48:30","modified_gmt":"2023-11-15T18:48:30","slug":"kim-kardashian-es-el-hombre-del-ano-segun-la-revista-gq-magazine","status":"publish","type":"post","link":"https:\/\/corrientesdetarde.com\/index.php\/tendencias\/kim-kardashian-es-el-hombre-del-ano-segun-la-revista-gq-magazine\/","title":{"rendered":"Kim Kardashian es el hombre del a\u00f1o seg\u00fan la revista GQ Magazine"},"content":{"rendered":"\n<p>La empresaria cop\u00f3 la portada de la revista con looks masculinos.<\/p>\n\n\n\n<p>Kim kardashian es especialista en imponer estilo y marcar tendencia. Sus looks suelen generar sorpresa entre sus 364 millones de seguidores de<strong>\u00a0Instagram<\/strong>\u00a0y, en las \u00faltimas horas, fue viral tras consagrarse como el \u201c<strong>hombre del a\u00f1o<\/strong>\u201d por la revista\u00a0<em><strong>GQ Magazine<\/strong><\/em>.<\/p>\n\n\n\n<p>La empresaria se luci\u00f3 para la portada y el interior de la revista con<strong>\u00a0looks masculinos<\/strong>\u00a0y fue furor en la aplicaci\u00f3n de fotos, donde recibi\u00f3 m\u00e1s de 1 mill\u00f3n de \u201cMe gusta\u201d y miles de comentatrios.<\/p>\n\n\n\n<p>Para la tapa de la revista, la l\u00edder del clan Kardashian se luci\u00f3 con un conjunto de\u00a0<strong>sastrer\u00eda en total<\/strong><em><strong>\u00a0black\u00a0<\/strong><\/em>que combin\u00f3 con una<strong>\u00a0camisa blanca a rayas<\/strong>\u00a0por debajo y una\u00a0<strong>corbata con dibujos de rect\u00e1ngulos<\/strong>.<\/p>\n\n\n\n<figure class=\"wp-block-image\"><img decoding=\"async\" src=\"https:\/\/tn.com.ar\/resizer\/GwX2RJPKC_h1lvJ_NByzLHZGfEE=\/767x0\/smart\/filters:format(webp)\/cloudfront-us-east-1.images.arcpublishing.com\/artear\/NXY7PKLD6BHO7IJYBG7JESPE7E.jpg\" alt=\"Kim Kardashian en la tapa de GQ. (Foto: Instagram\/@kimkardashian).\"\/><\/figure>\n\n\n\n<p>Se trata de una<strong>&nbsp;dupla XXL muy holgada<\/strong>&nbsp;que acompa\u00f1\u00f3 con un<em>&nbsp;beauty look<\/em>&nbsp;para el recuerdo:&nbsp;<strong>pelo mojado al mejor estilo&nbsp;<\/strong><em><strong>wet hair<\/strong><\/em>y&nbsp;<em>make up<\/em>&nbsp;a base de m\u00e1scara de pesta\u00f1as en negro azabache.<\/p>\n\n\n\n<figure class=\"wp-block-image\"><img decoding=\"async\" src=\"https:\/\/tn.com.ar\/resizer\/fjUAUlfOLqWjdxX7ukuPJRyYXMY=\/767x0\/smart\/filters:format(webp)\/cloudfront-us-east-1.images.arcpublishing.com\/artear\/GVHCPZFJFNCI5OOKIBJRNSHFKY.jpg\" alt=\"Kim Kardashian con look empresario. (Foto: Instagram\/@kimkardashian).\"\/><\/figure>\n\n\n\n<p>En otra de las im\u00e1genes, la influencer pos\u00f3 sobre un escritorio al mejor estilo empresario masculino. Llev\u00f3 puesta una&nbsp;<strong>camisa<\/strong><em><strong>&nbsp;beige<\/strong><\/em><strong>&nbsp;con rayas verticales en blanco&nbsp;<\/strong>y una&nbsp;<strong>cortaba multicolor con un dise\u00f1o abstracto&nbsp;<\/strong><em><strong>vintage<\/strong><\/em>.<\/p>\n\n\n\n<p>\u00bfEl resto de la apuesta? Luci\u00f3 un&nbsp;<strong>peinado recogido con gomina hacia el costado<\/strong>&nbsp;y coron\u00f3 el look con un dise\u00f1o de maquillaje minimalista.<\/p>\n\n\n\n<figure class=\"wp-block-image\"><img decoding=\"async\" src=\"https:\/\/tn.com.ar\/resizer\/JM2qHa_NDgdYgPMgBIzDl5U_-cA=\/767x0\/smart\/filters:format(webp)\/cloudfront-us-east-1.images.arcpublishing.com\/artear\/3U52XW2NSNBRHIENHE5CWXG5DQ.jpg\" alt=\"Kim Kardashian, el hombre del a\u00f1o. (Foto: Instagram\/@kimkardashian).\"\/><\/figure>\n\n\n\n<p>En el resto de las tomas, Kim apost\u00f3 por looks m\u00e1s femeninos y sofisticados. En el mismo escritorio, deslumbr\u00f3 con un&nbsp;<strong>vestido total&nbsp;<\/strong><em><strong>black<\/strong><\/em><strong>&nbsp;estilo traje de oficinista con doble abotonadura, ajuste en la cintura tajo en la pierna izquierda y hombreras<\/strong>.<\/p>\n\n\n\n<figure class=\"wp-block-image\"><img decoding=\"async\" src=\"https:\/\/tn.com.ar\/resizer\/4LBtEm2vZOTIabVWp2uje5T04Kw=\/767x0\/smart\/filters:format(webp)\/cloudfront-us-east-1.images.arcpublishing.com\/artear\/ME5KD52KYBH2RF64ETIYCM46EI.jpg\" alt=\"Kim Kardashian con look empresario. (Foto: Instagram\/@kimkardashian).\"\/><\/figure>\n\n\n\n<p>Mezclando los rubros de la indumentaria, en otra de las postales, la<em>&nbsp;it girl<\/em>&nbsp;deslumbr\u00f3 con un equipo de alto impacto conformado por una&nbsp;<strong>campera deportiva en blanco y negro<\/strong>, una&nbsp;<strong>falda midi gris oscura<\/strong>, una&nbsp;<strong>camisa celeste con rayas<\/strong>, una&nbsp;<strong>corbata en diferentes tonos de negro<\/strong>&nbsp;y unas&nbsp;<strong>botas bucaneras de charol con apliques de tachas y terminaci\u00f3n en punta<\/strong>.<\/p>\n\n\n\n<figure class=\"wp-block-image\"><img decoding=\"async\" src=\"https:\/\/tn.com.ar\/resizer\/EdHpNIeJF7MZZnuwqA6ctWAFA78=\/767x0\/smart\/filters:format(webp)\/cloudfront-us-east-1.images.arcpublishing.com\/artear\/65NTLEZLOJGTDO3WDVXUFA4LUY.jpg\" alt=\"Kim Kardashian con look empresario. (Foto: Instagram\/@kimkardashian).\"\/><\/figure>\n\n\n\n<p>Fan\u00e1tica del total&nbsp;<em>black<\/em>, pos\u00f3 con una&nbsp;<strong>musculosa ajustad\u00edsima al cuerpo<\/strong>&nbsp;que combin\u00f3 con un&nbsp;<strong>pantal\u00f3n tipo cargo<\/strong>&nbsp;a juego. Sum\u00f3 tambi\u00e9n al equipo un par de<strong>&nbsp;lentes de sol tipo futuristas<\/strong>&nbsp;y una&nbsp;<strong>cartera tipo maxibolso de cuero marr\u00f3n<\/strong>.<\/p>\n\n\n\n<figure class=\"wp-block-image\"><img decoding=\"async\" src=\"https:\/\/tn.com.ar\/resizer\/a7DH34HhLUL7uTYrY_ZIHa68iNE=\/767x0\/smart\/filters:format(webp)\/cloudfront-us-east-1.images.arcpublishing.com\/artear\/L476QQO2IJBKJMIDQKGKRSKIXM.jpg\" alt=\"Kim Kardashian en total black. (Foto: Instagram\/@kimkardashian).\"\/><\/figure>\n\n\n\n<p>Las plumas no pueden faltar en el armario de Kim Kardashian y as\u00ed lo demostr\u00f3 en la revista GQ: luci\u00f3 un&nbsp;<strong>maxivestido con flecos en negro con efecto de brillo<\/strong>.<\/p>\n\n\n\n<figure class=\"wp-block-image\"><img decoding=\"async\" src=\"https:\/\/tn.com.ar\/resizer\/Du5ONP0GvqyaVPveDNOFQNwXTTo=\/767x0\/smart\/filters:format(webp)\/cloudfront-us-east-1.images.arcpublishing.com\/artear\/G537FY6WZFGQLDRLEXDI7Q6BIE.jpg\" alt=\"Kim Kardashian con un maxivestido de plumas. (Foto: Instagram\/@kimkardashian).\"\/><\/figure>\n\n\n\n<p>Finalmente, m\u00e1s audaz y arriesgada que nunca, la influencer arras\u00f3 con un conjunto deportivo de&nbsp;<em><strong>microtop&nbsp;<\/strong><\/em><strong>negro con inscripci\u00f3n en&nbsp;<\/strong><em><strong>off white&nbsp;<\/strong><\/em>y&nbsp;<strong>b\u00f3xer masculindo a modo de calza tipo&nbsp;<\/strong><em><strong>biker&nbsp;<\/strong><\/em><strong>en gris&nbsp;<\/strong><em><strong>melange<\/strong><\/em>. Por \u00faltimo, complet\u00f3 el total look&nbsp;<em>fitness<\/em>&nbsp;con un par de stilettos alt\u00edsimos con taco aguja.<\/p>\n\n\n\n<figure class=\"wp-block-image size-large\"><img loading=\"lazy\" decoding=\"async\" width=\"821\" height=\"1024\" src=\"https:\/\/corrientesdetarde.com\/wp-content\/uploads\/2023\/11\/image-344-821x1024.png\" alt=\"\" class=\"wp-image-102625\" srcset=\"https:\/\/corrientesdetarde.com\/wp-content\/uploads\/2023\/11\/image-344-821x1024.png 821w, https:\/\/corrientesdetarde.com\/wp-content\/uploads\/2023\/11\/image-344-241x300.png 241w, https:\/\/corrientesdetarde.com\/wp-content\/uploads\/2023\/11\/image-344-768x957.png 768w, https:\/\/corrientesdetarde.com\/wp-content\/uploads\/2023\/11\/image-344-1232x1536.png 1232w, https:\/\/corrientesdetarde.com\/wp-content\/uploads\/2023\/11\/image-344.png 1440w\" sizes=\"auto, (max-width: 821px) 100vw, 821px\" \/><\/figure>\n","protected":false},"excerpt":{"rendered":"<p>La empresaria cop\u00f3 la portada de la revista con looks masculinos. Kim kardashian es especialista en imponer estilo y marcar tendencia. Sus looks suelen generar sorpresa entre sus 364 millones&hellip; <\/p>\n","protected":false},"author":8,"featured_media":102626,"comment_status":"closed","ping_status":"open","sticky":false,"template":"","format":"standard","meta":{"footnotes":""},"categories":[28],"tags":[],"class_list":["post-102624","post","type-post","status-publish","format-standard","has-post-thumbnail","hentry","category-tendencias"],"_links":{"self":[{"href":"https:\/\/corrientesdetarde.com\/index.php\/wp-json\/wp\/v2\/posts\/102624","targetHints":{"allow":["GET"]}}],"collection":[{"href":"https:\/\/corrientesdetarde.com\/index.php\/wp-json\/wp\/v2\/posts"}],"about":[{"href":"https:\/\/corrientesdetarde.com\/index.php\/wp-json\/wp\/v2\/types\/post"}],"author":[{"embeddable":true,"href":"https:\/\/corrientesdetarde.com\/index.php\/wp-json\/wp\/v2\/users\/8"}],"replies":[{"embeddable":true,"href":"https:\/\/corrientesdetarde.com\/index.php\/wp-json\/wp\/v2\/comments?post=102624"}],"version-history":[{"count":1,"href":"https:\/\/corrientesdetarde.com\/index.php\/wp-json\/wp\/v2\/posts\/102624\/revisions"}],"predecessor-version":[{"id":102627,"href":"https:\/\/corrientesdetarde.com\/index.php\/wp-json\/wp\/v2\/posts\/102624\/revisions\/102627"}],"wp:featuredmedia":[{"embeddable":true,"href":"https:\/\/corrientesdetarde.com\/index.php\/wp-json\/wp\/v2\/media\/102626"}],"wp:attachment":[{"href":"https:\/\/corrientesdetarde.com\/index.php\/wp-json\/wp\/v2\/media?parent=102624"}],"wp:term":[{"taxonomy":"category","embeddable":true,"href":"https:\/\/corrientesdetarde.com\/index.php\/wp-json\/wp\/v2\/categories?post=102624"},{"taxonomy":"post_tag","embeddable":true,"href":"https:\/\/corrientesdetarde.com\/index.php\/wp-json\/wp\/v2\/tags?post=102624"}],"curies":[{"name":"wp","href":"https:\/\/api.w.org\/{rel}","templated":true}]}}