{"id":102628,"date":"2023-11-15T16:02:41","date_gmt":"2023-11-15T19:02:41","guid":{"rendered":"https:\/\/corrientesdetarde.com\/?p=102628"},"modified":"2023-11-15T16:02:53","modified_gmt":"2023-11-15T19:02:53","slug":"se-disparo-el-dolar-blue-y-toco-los-1000-tras-el-regreso-del-crawling-peg-a-la-cotizacion-mayorista","status":"publish","type":"post","link":"https:\/\/corrientesdetarde.com\/index.php\/economia\/se-disparo-el-dolar-blue-y-toco-los-1000-tras-el-regreso-del-crawling-peg-a-la-cotizacion-mayorista\/","title":{"rendered":"Se dispar\u00f3 el d\u00f3lar blue y toc\u00f3 los $1000 tras el regreso del &#8220;crawling peg&#8221; a la cotizaci\u00f3n mayorista"},"content":{"rendered":"\n<p>La cotizaci\u00f3n del d\u00f3lar paralelo peg\u00f3 un salto importante de $75 este 15 de noviembre y lleg\u00f3 a operar a $1000 para la venta. Para los analistas, a medida que se acerca la elecci\u00f3n, con muchos pesos a disposici\u00f3n y se\u00f1ales confusas, &#8220;es l\u00f3gico que el mercado decida cubrirse&#8221;.<\/p>\n\n\n\n<p>El d\u00f3lar blue se inquiet\u00f3 tras el regreso del &#8221; crawiling peg&#8221;\u00a0que el gobierno defini\u00f3 para la cotizaci\u00f3n mayorista, y en las primeras operaciones de este 15 de noviembre trep\u00f3\u00a0$75\u00a0y lleg\u00f3\u00a0a cotizar en\u00a0<strong>$1000 para la venta, en tanto que\u00a0para la compra operaba en $950.<\/strong><\/p>\n\n\n\n<p>Por su parte,&nbsp;<strong>algunos lugares de venta de la divisa paralela daban cuenta de valores por encima de los $1030 cerca de las 14 horas<\/strong>&nbsp;en la ctiy porte\u00f1a.&nbsp;<\/p>\n\n\n\n<p><strong>Para las 15:30 el blue comienza a replegarse y desciende 25 pesos,<\/strong>&nbsp;con lo que se vende a $975 y se paga $925 para la compra.<\/p>\n\n\n\n<p>La suba se produjo\u00a0en forma paralela al\u00a0descongelamiento del d\u00f3lar oficial dispuesto por el Gobierno, que elev\u00f3 esa cotizaci\u00f3n a\u00a0<strong>$353,60.<\/strong><\/p>\n\n\n\n<p>Para\u00a0<strong>Andres Reschini<\/strong>, especialista en mercados financieros, la situaci\u00f3n responde a qu\u00e9 &#8220;<strong>en ning\u00fan momento se gener\u00f3 confianza&#8221; en el mercado en los d\u00edas previos.<\/strong>\u00a0Y ahora comienzan a presionar la incertidumbre sobre las elecciones \u00a0en tanto no aparece un claro ganador.<\/p>\n\n\n\n<p>En di\u00e1logo , el analista se\u00f1al\u00f3 que\u00a0<strong>no es tan sorpresivo el panorama que se est\u00e1 viendo.<\/strong><\/p>\n\n\n\n<p><strong>&#8220;\u00c9ramos varios analistas los que pensamos que esta semana pod\u00eda volver la tensi\u00f3n.<\/strong>&nbsp;Si bien el crecimiento de los plazos fijos&nbsp;sugiere que el mercado se anim\u00f3 un poquito m\u00e1s a los pesos,<strong>&nbsp;tambi\u00e9n hab\u00eda mucha liquidez por si se daban se\u00f1ales que motiven dolarizaci\u00f3n&#8221;<\/strong>, explic\u00f3 el analista de<em>&nbsp;F2 Soluciones<\/em>.<\/p>\n\n\n\n<figure class=\"wp-block-image\"><img decoding=\"async\" src=\"https:\/\/fotos.perfil.com\/\/2023\/11\/13\/900\/0\/dolares-1697290.jpg\" alt=\"dolares\"\/><\/figure>\n\n\n\n<p>Y en esa l\u00ednea adelant\u00f3 que &#8220;<strong>A medida que se acerca la elecci\u00f3n con muchos pesos a disposici\u00f3n del mercado y se\u00f1ales confusas es l\u00f3gico que el mercado decida cubrirse&#8221;.<\/strong><\/p>\n\n\n\n<p>A<strong>\u00a0Omar De Lucca,\u00a0<\/strong>consultor en econom\u00eda y finanzas,<strong>\u00a0tampoco le sorprendi\u00f3 el salto del d\u00f3lar inform<\/strong>al y lo atribuy\u00f3 a los movimientos a la inminencia de las elecciones presidenciales. &#8220;U<strong>na suba de 50 pesos por d\u00eda o estar a un nivel cercano a 1.000 tiene que ver con los d\u00edas previos a la elecci\u00f3n<\/strong>. Era l\u00f3gico este movimiento en el tipo de cambio paralelo , m\u00e1s a\u00fan que hoy inici\u00f3 el camino de la micro devaluaci\u00f3n diaria del Banco Central, as\u00ed que era esperable este movimiento&#8221;, indic\u00f3.<\/p>\n\n\n\n<p>Por su parte, para el tambi\u00e9n especialista en mercados financieros&nbsp;<strong>Gast\u00f3n Lentini,<\/strong>&nbsp;este momento tiene otra&nbsp;particularidad que se suma a la incertidumbre pol\u00edtica y es el hecho&nbsp;de que&nbsp;<strong>hay una oferta muy limitada porque &#8220;muchas cuevas directamente no est\u00e1n funcionando<\/strong>.&nbsp;Las cuevas cerradas en el microcentro son un enorme punto que hace -en mi opinion- a la disparada&#8221;, expres\u00f3 a PERFIL.<\/p>\n\n\n\n<p>De acuerdo a su an\u00e1lisis &#8220;los cambistas no quieren arriesgarse a que atrapen a una persona entrando con una valija a su oficina y empiezan a evitar tambi\u00e9n, llevar el delivery a casa del comprador\/vendedor, ya que en sumas elevadas el riesgo tambi\u00e9n se acrecienta&#8221;.<\/p>\n\n\n\n<h2 class=\"wp-block-heading\">\u00bfLos $1000 actuales son un precio de equilibrio?<\/h2>\n\n\n\n<p><strong>Los $1000 no son el precio m\u00e1ximo al que lleg\u00f3 la cotizaci\u00f3n de la divisa paralela,<\/strong>\u00a0sin embargo algunos estrategas\u00a0lo\u00a0ven como una cotizaci\u00f3n de equilibrio dada la coyuntura actual.<\/p>\n\n\n\n<p>&#8220;Los 1200 que vimos antes de las elecciones eran baratos,\u00a0pero los que vimos luego, cerca de $850 tampoco eran\u00a0referencia porque la inflaci\u00f3n los hizo quedar atrasados&#8221;, indic\u00f3 Gast\u00f3n Lentini. Y en esa l\u00ednea expres\u00f3 que\u00a0<strong>&#8220;los $1000 actuales entonces, pueden ser un equilibrio,\u00a0aunque el\u00a0\u201cpor las dudas me cubro\u201d es el equivalente a decir \u201ccompro porque no se donde termina\u201d.<\/strong><\/p>\n\n\n\n<p>Respecto a lo que puede venir tras el balotaje Omar De Lucca, consultor en econom\u00eda y finanzas se\u00f1al\u00f3 a PERFIL que &#8220;en funci\u00f3n de lo que pase el lunes, podemos&nbsp;tener un d\u00f3lar paralelo llegando a 2.000 pesos&nbsp;si gana Javier Milei&nbsp;o una divisa que&nbsp;baje&nbsp;un poco m\u00e1s, manteni\u00e9ndose por debajo de los 1.000, si gana Sergio Massa&#8221;, detall\u00f3. .<\/p>\n\n\n\n<h2 class=\"wp-block-heading\">\u00bfCu\u00e1nto subi\u00f3 el d\u00f3lar blue en lo que va de 2023?<\/h2>\n\n\n\n<p>Cuando falta un mes y medio para que se termine el 2023<strong>, la cotizaci\u00f3n del d\u00f3lar paralelo subi\u00f3 $649 en lo que va del a\u00f1o,<\/strong>&nbsp;luego de haber&nbsp;cerrado el a\u00f1o previo en&nbsp;$346.<\/p>\n\n\n\n<p>Por su parte,<strong>\u00a0la inflaci\u00f3n de enero a octubre inclusive fue de 120%<\/strong>, dato que surgi\u00f3 luego de la publicaci\u00f3n del \u00edndice de precios al consumidor de octubre que public\u00f3 el INDEC el lunes de esta semana.\u00a0<\/p>\n\n\n\n<h2 class=\"wp-block-heading\">Las cotizaciones de los otros tipos de cambio<\/h2>\n\n\n\n<p>Respecto al resto de las cotizaciones, mientras el d\u00f3lar bolsa o&nbsp;MEP avanza a $876,73,&nbsp;el Contado con Liquidaci\u00f3n lo hace a $880,42.<\/p>\n\n\n\n<p>Por su parte, el d\u00f3lar oficial cotiza a $370,38 y&nbsp;el d\u00f3lar para consumo en divisas tiene un valor de $736.<\/p>\n","protected":false},"excerpt":{"rendered":"<p>La cotizaci\u00f3n del d\u00f3lar paralelo peg\u00f3 un salto importante de $75 este 15 de noviembre y lleg\u00f3 a operar a $1000 para la venta. Para los analistas, a medida que&hellip; <\/p>\n","protected":false},"author":8,"featured_media":102629,"comment_status":"closed","ping_status":"open","sticky":false,"template":"","format":"standard","meta":{"footnotes":""},"categories":[20],"tags":[],"class_list":["post-102628","post","type-post","status-publish","format-standard","has-post-thumbnail","hentry","category-economia"],"_links":{"self":[{"href":"https:\/\/corrientesdetarde.com\/index.php\/wp-json\/wp\/v2\/posts\/102628","targetHints":{"allow":["GET"]}}],"collection":[{"href":"https:\/\/corrientesdetarde.com\/index.php\/wp-json\/wp\/v2\/posts"}],"about":[{"href":"https:\/\/corrientesdetarde.com\/index.php\/wp-json\/wp\/v2\/types\/post"}],"author":[{"embeddable":true,"href":"https:\/\/corrientesdetarde.com\/index.php\/wp-json\/wp\/v2\/users\/8"}],"replies":[{"embeddable":true,"href":"https:\/\/corrientesdetarde.com\/index.php\/wp-json\/wp\/v2\/comments?post=102628"}],"version-history":[{"count":1,"href":"https:\/\/corrientesdetarde.com\/index.php\/wp-json\/wp\/v2\/posts\/102628\/revisions"}],"predecessor-version":[{"id":102630,"href":"https:\/\/corrientesdetarde.com\/index.php\/wp-json\/wp\/v2\/posts\/102628\/revisions\/102630"}],"wp:featuredmedia":[{"embeddable":true,"href":"https:\/\/corrientesdetarde.com\/index.php\/wp-json\/wp\/v2\/media\/102629"}],"wp:attachment":[{"href":"https:\/\/corrientesdetarde.com\/index.php\/wp-json\/wp\/v2\/media?parent=102628"}],"wp:term":[{"taxonomy":"category","embeddable":true,"href":"https:\/\/corrientesdetarde.com\/index.php\/wp-json\/wp\/v2\/categories?post=102628"},{"taxonomy":"post_tag","embeddable":true,"href":"https:\/\/corrientesdetarde.com\/index.php\/wp-json\/wp\/v2\/tags?post=102628"}],"curies":[{"name":"wp","href":"https:\/\/api.w.org\/{rel}","templated":true}]}}