{"id":102631,"date":"2023-11-15T16:08:08","date_gmt":"2023-11-15T19:08:08","guid":{"rendered":"https:\/\/corrientesdetarde.com\/?p=102631"},"modified":"2023-11-15T16:08:20","modified_gmt":"2023-11-15T19:08:20","slug":"las-estrellas-que-dirigira-gallardo-en-el-al-ittihad-quienes-son-y-como-es-el-presente-del-equipo","status":"publish","type":"post","link":"https:\/\/corrientesdetarde.com\/index.php\/deportes\/las-estrellas-que-dirigira-gallardo-en-el-al-ittihad-quienes-son-y-como-es-el-presente-del-equipo\/","title":{"rendered":"Las estrellas que dirigir\u00e1 Gallardo en el Al-Ittihad: qui\u00e9nes son y c\u00f3mo es el presente del equipo"},"content":{"rendered":"\n<p>El &#8220;Mu\u00f1eco&#8221; acord\u00f3 su llegada al elenco saud\u00ed que cuenta con Benzema y Kant\u00e9 en su plantilla, entre otras figuras.<\/p>\n\n\n\n<p>Este mi\u00e9rcoles<strong> Marcelo Gallardo se convirti\u00f3 en el nuevo entrenador de Al-Ittihad<\/strong>. El<em>\u00a0Mu\u00f1eco<\/em>, que no dirige desde fines de 2022 en River, acept\u00f3 la oferta del conjunto \u00e1rabe d\u00f3nde deber\u00e1 conducir a varias estrellas c\u00f3mo<strong>\u00a0Karim Benzema<\/strong>\u00a0y adem\u00e1s deber\u00e1 afrontar varios desaf\u00edos deportivos en el continente.<\/p>\n\n\n\n<p>Adem\u00e1s del delantero franc\u00e9s,&nbsp;hay varios futbolistas de \u00e9lite en el plantel de los<em>&nbsp;Tigres<\/em>: est\u00e1&nbsp;<strong>N&#8217;Golo Kant\u00e9<\/strong>, mediocampista de 32 a\u00f1os campe\u00f3n del mundo con Francia en 2018 y exjugador de Chelsea,<strong>&nbsp;Fabinho<\/strong>, volante brasile\u00f1o de 30 a\u00f1os que lleg\u00f3 procedente de Liverpool.<\/p>\n\n\n\n<p>Asimismo, hay otros jugadores de menos nombre pero buen nivel como\u00a0<strong>Marcelo Grohe<\/strong>, arquero brasile\u00f1o de 36 a\u00f1os que jug\u00f3 en Gremio hasta 2019 y fue campe\u00f3n de Am\u00e9rica en 2017,\u00a0<strong>Luiz Felipe<\/strong>, zaguero de 26 a\u00f1os y compatriota de\u00a0<strong>Grohe<\/strong>\u00a0quien se sum\u00f3 a mediados de a\u00f1o tras pasar por Lazio y Betis,\u00a0<strong>y Romarinho<\/strong>, delantero de 32 a\u00f1os quien fue campe\u00f3n de la Libertadores en 2012 ante Boca con Corinthians.<\/p>\n\n\n\n<figure class=\"wp-block-embed is-type-rich is-provider-twitter wp-block-embed-twitter\"><div class=\"wp-block-embed__wrapper\">\n<blockquote class=\"twitter-tweet\" data-width=\"550\" data-dnt=\"true\"><p lang=\"ar\" dir=\"rtl\">\ud83c\udfac \u0643\u0648\u0627\u0644\u064a\u0633 \u0645\u0648\u0627\u062c\u0647\u0629 <a href=\"https:\/\/twitter.com\/hashtag\/%D8%A7%D9%84%D8%A7%D8%AA%D8%AD%D8%A7%D8%AF_%D8%A7%D8%A8%D9%87%D8%A7?src=hash&amp;ref_src=twsrc%5Etfw\">#\u0627\u0644\u0627\u062a\u062d\u0627\u062f_\u0627\u0628\u0647\u0627<\/a> \u0636\u0645\u0646 \u0645\u0646\u0627\u0641\u0633\u0627\u062a \u0627\u0644\u062c\u0648\u0644\u0629 13 \u0645\u0646 \u062f\u0648\u0631\u064a \u0631\u0648\u0634\u0646 \u0627\u0644\u0633\u0639\u0648\u062f\u064a \ud83d\udc05 <a href=\"https:\/\/t.co\/GyeNmXP8Na\">pic.twitter.com\/GyeNmXP8Na<\/a><\/p>&mdash; \u0646\u0627\u062f\u064a \u0627\u0644\u0627\u062a\u062d\u0627\u062f \u0627\u0644\u0633\u0639\u0648\u062f\u064a (@ittihad) <a href=\"https:\/\/twitter.com\/ittihad\/status\/1723454043236741259?ref_src=twsrc%5Etfw\">November 11, 2023<\/a><\/blockquote><script async src=\"https:\/\/platform.twitter.com\/widgets.js\" charset=\"utf-8\"><\/script>\n<\/div><\/figure>\n\n\n\n<p>C\u00f3mo es el presente futbol\u00edstico del\u00a0Al-Ittihad<\/p>\n\n\n\n<p><strong>El Al-Ittihad est\u00e1 disputando el torneo local en el que lleva disputados 13 partidos<\/strong>. En la tabla se encuentra&nbsp;<strong>quinto con 24 puntos<\/strong>&nbsp;producto de siete victorias, tres empates y tres derrotas.<\/p>\n\n\n\n<p>En paralelo est\u00e1 disputando la&nbsp;<strong>Champions de Asia en la que integra el grupo C<\/strong>&nbsp;junto a Sepahan FC, OKMK Olmaliq y Al-Quwa Al-Jawiya y es&nbsp;<strong>l\u00edder con nueve puntos&nbsp;<\/strong>a falta de dos jornadas.<\/p>\n\n\n\n<p>Adem\u00e1s, en&nbsp;el&nbsp;<strong>Mundial de Clubes<\/strong>&nbsp;al que lleg\u00f3&nbsp;por haber sido campe\u00f3n de la Liga Profesional de su pa\u00eds,&nbsp;arrancar\u00e1 desde atr\u00e1s: jugar\u00e1 la primera ronda ante el Auckland City de Australia. En caso de que pase, en la instancia siguiente el rival ser\u00e1 Al Ahly FC y reci\u00e9n podr\u00eda llegar a chocar en semis con Fluminense, que se qued\u00f3 con la Copa Libertadores ante Boca.<\/p>\n","protected":false},"excerpt":{"rendered":"<p>El &#8220;Mu\u00f1eco&#8221; acord\u00f3 su llegada al elenco saud\u00ed que cuenta con Benzema y Kant\u00e9 en su plantilla, entre otras figuras. Este mi\u00e9rcoles Marcelo Gallardo se convirti\u00f3 en el nuevo entrenador&hellip; <\/p>\n","protected":false},"author":8,"featured_media":102632,"comment_status":"closed","ping_status":"open","sticky":false,"template":"","format":"standard","meta":{"footnotes":""},"categories":[4],"tags":[],"class_list":["post-102631","post","type-post","status-publish","format-standard","has-post-thumbnail","hentry","category-deportes"],"_links":{"self":[{"href":"https:\/\/corrientesdetarde.com\/index.php\/wp-json\/wp\/v2\/posts\/102631","targetHints":{"allow":["GET"]}}],"collection":[{"href":"https:\/\/corrientesdetarde.com\/index.php\/wp-json\/wp\/v2\/posts"}],"about":[{"href":"https:\/\/corrientesdetarde.com\/index.php\/wp-json\/wp\/v2\/types\/post"}],"author":[{"embeddable":true,"href":"https:\/\/corrientesdetarde.com\/index.php\/wp-json\/wp\/v2\/users\/8"}],"replies":[{"embeddable":true,"href":"https:\/\/corrientesdetarde.com\/index.php\/wp-json\/wp\/v2\/comments?post=102631"}],"version-history":[{"count":1,"href":"https:\/\/corrientesdetarde.com\/index.php\/wp-json\/wp\/v2\/posts\/102631\/revisions"}],"predecessor-version":[{"id":102633,"href":"https:\/\/corrientesdetarde.com\/index.php\/wp-json\/wp\/v2\/posts\/102631\/revisions\/102633"}],"wp:featuredmedia":[{"embeddable":true,"href":"https:\/\/corrientesdetarde.com\/index.php\/wp-json\/wp\/v2\/media\/102632"}],"wp:attachment":[{"href":"https:\/\/corrientesdetarde.com\/index.php\/wp-json\/wp\/v2\/media?parent=102631"}],"wp:term":[{"taxonomy":"category","embeddable":true,"href":"https:\/\/corrientesdetarde.com\/index.php\/wp-json\/wp\/v2\/categories?post=102631"},{"taxonomy":"post_tag","embeddable":true,"href":"https:\/\/corrientesdetarde.com\/index.php\/wp-json\/wp\/v2\/tags?post=102631"}],"curies":[{"name":"wp","href":"https:\/\/api.w.org\/{rel}","templated":true}]}}