{"id":102634,"date":"2023-11-15T16:26:04","date_gmt":"2023-11-15T19:26:04","guid":{"rendered":"https:\/\/corrientesdetarde.com\/?p=102634"},"modified":"2023-11-15T16:27:52","modified_gmt":"2023-11-15T19:27:52","slug":"seleccion-de-piezas-para-el-1-salon-creativo-de-artesanias-tradicionales","status":"publish","type":"post","link":"https:\/\/corrientesdetarde.com\/index.php\/sociales\/seleccion-de-piezas-para-el-1-salon-creativo-de-artesanias-tradicionales\/","title":{"rendered":"Selecci\u00f3n de piezas para el 1\u00b0 Sal\u00f3n Creativo de Artesan\u00edas Tradicionales"},"content":{"rendered":"\n<p>El Instituto de Cultura de Corrientes avanza en el proceso para conformar el 1\u00b0 Sal\u00f3n Creativo de Artesan\u00edas Tradicionales, que contar\u00e1 con piezas seleccionadas de artesanos tradicionales de toda la provincia.<\/p>\n\n\n\n<p>A partir de una convocatoria realizada por el Museo de Artesan\u00edas Tradicionales (MAT), m\u00e1s de 50 artesanos correntinos presentaron sus creaciones, y esta semana ser\u00e1n evaluadas por un jurado compuesto por V\u00edctor Jorge Bojanich (t\u00e9cnico y jurado nacional), Juan Andr\u00e9s C\u00e1ceres (maestro artesano), Jos\u00e9 Fernando Cabral (maestro artesano en Telar), y Horacio Bonassies, (maestro artesano soguero).<\/p>\n\n\n\n<p>&nbsp;Los especialistas ser\u00e1n los encargados de seleccionar las piezas ganadores en los rubros: Metal, Fibra Vegetal, Textil, Asta, Hueso, Cer\u00e1mica, Cuero, Madera, Piedra y Fusi\u00f3n de Materiales.<\/p>\n\n\n\n<p>Todas las obras premiadas ser\u00e1n expuestas en una muestra en el MAT, las cuales podr\u00e1n ser comercializadas por el artesano cuando lo desea. Adem\u00e1s, se entregar\u00e1 un certificado por pieza ganadora, emitido por el Instituto de Cultura y avalado por el Gobierno de la Provincia de Corrientes. El acto se llevar\u00e1 adelante el viernes 24 de noviembre, a las 20 hs., en el Museo de Artesan\u00edas Tradicionales.<\/p>\n\n\n\n<p><strong>Participaci\u00f3n<\/strong><\/p>\n\n\n\n<p>\u201cEstamos contentos porque en esta primera convocatoria que hicimos, tenemos 50 artesanos correntinos participando\u201d, destac\u00f3 el director del Museo de Artesan\u00edas, Sergio Cabrera, quien adem\u00e1s precis\u00f3 que los jurados evaluar\u00e1n las piezas y en los pr\u00f3ximos d\u00edas se anunciar\u00e1n quienes fueron seleccionados y formar\u00e1n parte del 1\u00ba Sal\u00f3n Creativo de Artesan\u00edas Tradicionales.<\/p>\n\n\n\n<p>\u201cEste primer sal\u00f3n es una iniciativa muy importante porque re\u00fane artesanos correntinos de toda la provincia y en los distintos rubros\u201d, expres\u00f3 Jorge Bojanich, uno de los jurados que tendr\u00e1 la tarea de evaluar las creaciones. \u201cEs un reconocimiento a los artesanos por la transformaci\u00f3n que hacen de la materia prima, la confecci\u00f3n de la pieza y la impronta creativa que le ponen\u201d, agreg\u00f3.<\/p>\n\n\n\n<p><strong>Objetivo<\/strong><\/p>\n\n\n\n<p>Este concurso tiene como objetivo principal contribuir a la difusi\u00f3n del patrimonio cultural, revalorizaci\u00f3n de la creatividad de los artesanos tradicionales, al igual que la originalidad y la calidad de sus obras.<\/p>\n\n\n\n<figure class=\"wp-block-image size-large\"><img loading=\"lazy\" decoding=\"async\" width=\"1024\" height=\"768\" src=\"https:\/\/corrientesdetarde.com\/wp-content\/uploads\/2023\/11\/image-346-1024x768.png\" alt=\"\" class=\"wp-image-102635\" srcset=\"https:\/\/corrientesdetarde.com\/wp-content\/uploads\/2023\/11\/image-346-1024x768.png 1024w, https:\/\/corrientesdetarde.com\/wp-content\/uploads\/2023\/11\/image-346-300x225.png 300w, https:\/\/corrientesdetarde.com\/wp-content\/uploads\/2023\/11\/image-346-768x576.png 768w, https:\/\/corrientesdetarde.com\/wp-content\/uploads\/2023\/11\/image-346-1536x1152.png 1536w, https:\/\/corrientesdetarde.com\/wp-content\/uploads\/2023\/11\/image-346.png 1600w\" sizes=\"auto, (max-width: 1024px) 100vw, 1024px\" \/><\/figure>\n\n\n\n<figure class=\"wp-block-image size-large\"><img loading=\"lazy\" decoding=\"async\" width=\"1024\" height=\"768\" src=\"https:\/\/corrientesdetarde.com\/wp-content\/uploads\/2023\/11\/image-348-1024x768.png\" alt=\"\" class=\"wp-image-102637\" srcset=\"https:\/\/corrientesdetarde.com\/wp-content\/uploads\/2023\/11\/image-348-1024x768.png 1024w, https:\/\/corrientesdetarde.com\/wp-content\/uploads\/2023\/11\/image-348-300x225.png 300w, https:\/\/corrientesdetarde.com\/wp-content\/uploads\/2023\/11\/image-348-768x576.png 768w, https:\/\/corrientesdetarde.com\/wp-content\/uploads\/2023\/11\/image-348-1536x1152.png 1536w, https:\/\/corrientesdetarde.com\/wp-content\/uploads\/2023\/11\/image-348.png 1600w\" sizes=\"auto, (max-width: 1024px) 100vw, 1024px\" \/><\/figure>\n\n\n\n<figure class=\"wp-block-image size-large\"><img loading=\"lazy\" decoding=\"async\" width=\"1024\" height=\"768\" src=\"https:\/\/corrientesdetarde.com\/wp-content\/uploads\/2023\/11\/image-349-1024x768.png\" alt=\"\" class=\"wp-image-102638\" srcset=\"https:\/\/corrientesdetarde.com\/wp-content\/uploads\/2023\/11\/image-349-1024x768.png 1024w, https:\/\/corrientesdetarde.com\/wp-content\/uploads\/2023\/11\/image-349-300x225.png 300w, https:\/\/corrientesdetarde.com\/wp-content\/uploads\/2023\/11\/image-349-768x576.png 768w, https:\/\/corrientesdetarde.com\/wp-content\/uploads\/2023\/11\/image-349-1536x1152.png 1536w, https:\/\/corrientesdetarde.com\/wp-content\/uploads\/2023\/11\/image-349.png 1600w\" sizes=\"auto, (max-width: 1024px) 100vw, 1024px\" \/><\/figure>\n","protected":false},"excerpt":{"rendered":"<p>El Instituto de Cultura de Corrientes avanza en el proceso para conformar el 1\u00b0 Sal\u00f3n Creativo de Artesan\u00edas Tradicionales, que contar\u00e1 con piezas seleccionadas de artesanos tradicionales de toda la&hellip; <\/p>\n","protected":false},"author":8,"featured_media":102636,"comment_status":"closed","ping_status":"open","sticky":false,"template":"","format":"standard","meta":{"footnotes":""},"categories":[17],"tags":[],"class_list":["post-102634","post","type-post","status-publish","format-standard","has-post-thumbnail","hentry","category-sociales"],"_links":{"self":[{"href":"https:\/\/corrientesdetarde.com\/index.php\/wp-json\/wp\/v2\/posts\/102634","targetHints":{"allow":["GET"]}}],"collection":[{"href":"https:\/\/corrientesdetarde.com\/index.php\/wp-json\/wp\/v2\/posts"}],"about":[{"href":"https:\/\/corrientesdetarde.com\/index.php\/wp-json\/wp\/v2\/types\/post"}],"author":[{"embeddable":true,"href":"https:\/\/corrientesdetarde.com\/index.php\/wp-json\/wp\/v2\/users\/8"}],"replies":[{"embeddable":true,"href":"https:\/\/corrientesdetarde.com\/index.php\/wp-json\/wp\/v2\/comments?post=102634"}],"version-history":[{"count":1,"href":"https:\/\/corrientesdetarde.com\/index.php\/wp-json\/wp\/v2\/posts\/102634\/revisions"}],"predecessor-version":[{"id":102639,"href":"https:\/\/corrientesdetarde.com\/index.php\/wp-json\/wp\/v2\/posts\/102634\/revisions\/102639"}],"wp:featuredmedia":[{"embeddable":true,"href":"https:\/\/corrientesdetarde.com\/index.php\/wp-json\/wp\/v2\/media\/102636"}],"wp:attachment":[{"href":"https:\/\/corrientesdetarde.com\/index.php\/wp-json\/wp\/v2\/media?parent=102634"}],"wp:term":[{"taxonomy":"category","embeddable":true,"href":"https:\/\/corrientesdetarde.com\/index.php\/wp-json\/wp\/v2\/categories?post=102634"},{"taxonomy":"post_tag","embeddable":true,"href":"https:\/\/corrientesdetarde.com\/index.php\/wp-json\/wp\/v2\/tags?post=102634"}],"curies":[{"name":"wp","href":"https:\/\/api.w.org\/{rel}","templated":true}]}}