{"id":102656,"date":"2023-11-15T16:40:28","date_gmt":"2023-11-15T19:40:28","guid":{"rendered":"https:\/\/corrientesdetarde.com\/?p=102656"},"modified":"2023-11-15T16:42:21","modified_gmt":"2023-11-15T19:42:21","slug":"la-aerolinea-dominicana-de-precios-bajos-arajet-llego-a-la-argentina","status":"publish","type":"post","link":"https:\/\/corrientesdetarde.com\/index.php\/sociales\/la-aerolinea-dominicana-de-precios-bajos-arajet-llego-a-la-argentina\/","title":{"rendered":"La aerol\u00ednea dominicana de precios bajos Arajet lleg\u00f3 a la Argentina"},"content":{"rendered":"\n<p>Con tres vuelos semanales al hub de Santo Domingo, conectar\u00e1 Ezeiza con el Caribe, M\u00e9xico y Canad\u00e1. Sus precios que parten de unos U$S 270 por tramo, seg\u00fan la \u00e9poca del a\u00f1o y las promociones.<\/p>\n\n\n\n<p>Finalmente, este\u00a0<strong>mi\u00e9rcoles 15 de noviembre<\/strong>\u00a0lleg\u00f3 por primera vez un vuelo de Arajet a la Argentina, inaugurando la\u00a0<strong>ruta entre Buenos Aires y Santo Domingo, Rep\u00fablica Dominicana,<\/strong>\u00a0que tendr\u00e1 tres frecuencias semanales. Presentada como\u00a0la aerol\u00ednea de precios bajos del Caribe, inici\u00f3 as\u00ed oficialmente su nueva ruta con un vuelo directo entre ambas ciudades. Es el destino n\u00famero 22 en 16 pa\u00edses del Continente al que conecta con su hub en el aeropuerto Las Am\u00e9ricas de la isla y esta es la primera vez que esto sucede.\u00a0<\/p>\n\n\n\n<p><\/p>\n\n\n\n<figure class=\"wp-block-image\"><img decoding=\"async\" src=\"https:\/\/fotos.perfil.com\/\/2023\/11\/15\/900\/0\/1115arajet-1698518.jpg\" alt=\"1115_arajet\"\/><\/figure>\n\n\n\n<p>Este vuelo directo de<strong>\u00a0menos de ocho hora<\/strong>s est\u00e1 disponible<strong>\u00a0tres veces por semana;\u00a0<\/strong>partiendo de Buenos Aires los lunes, mi\u00e9rcoles y viernes a las 04:25 a.m. y desde Santo Domingo a Buenos Aires saliendo a las 05:55 p.m. los domingos, martes y jueves. Adem\u00e1s, podr\u00e1n conectarse con\u00a0<strong>Montreal y Toronto\u00a0<\/strong>en Canad\u00e1;\u00a0<strong>Ciudad de M\u00e9xico y Canc\u00fan\u00a0<\/strong>en M\u00e9xico;<strong>\u00a0Ciudad de Guatemala,<\/strong>\u00a0en Guatemala;<strong>\u00a0San Jos\u00e9\u00a0<\/strong>en Costa Rica;\u00a0<strong>San Salvador<\/strong>\u00a0en El Salvador y varios destinos del Caribe, convirtiendo a Santo Domingo en el nuevo hub del continente.<\/p>\n\n\n\n<figure class=\"wp-block-image\"><img decoding=\"async\" src=\"https:\/\/fotos.perfil.com\/\/2023\/11\/15\/900\/0\/1115arajet-1698519.jpg\" alt=\"1115_arajet\"\/><\/figure>\n\n\n\n<p>Carlos Mesa, vicepresidente Senior de Experiencia del Cliente, destac\u00f3 la importancia que tiene la Argentina para la Rep\u00fablica Dominicana por estar dentro de los 5 principales pa\u00edses emisores de turistas. \u201c<em>Ahora los argentinos estar\u00e1n conectados con el Caribe mejor que nunca; por primera vez tendremos un vuelo directo entre nuestras dos ciudades capitales; una demostraci\u00f3n de que Arajet ha mantenido su palabra de democratizar los cielos de la regi\u00f3n uniendo a todo el continente a los mejores precios y con la mejor experiencia y calidad de nuestros servicios a bordo<\/em>\u201d, afirm\u00f3.\u00a0<br>El embajador de la Rep\u00fablica Dominicana acreditado en nuestro pa\u00eds, Gustavo Hernando, agradeci\u00f3 a la aerol\u00ednea y sus representantes por la acogida a la petici\u00f3n del gobierno dominicano de fomentar el turismo y la conexi\u00f3n regional, asimismo, a las autoridades argentinas por aprobar y recibir est\u00e1 nueva ruta, que seguir\u00e1 expandiendo y fortaleciendo los lazos de amistad entre ambas naciones en beneficio del turismo y el comercio entre sus ciudadanos.\u00a0Para el corte de cintas conmemorativo de este arribo estuvieron presentes el embajador Hernando, Paola Tamburelli, Administradora Nacional de la ANAC, Carlos Mesa, Vicepresidente Senior de Experiencia del Cliente de Arajet ,Ricardo Sosa, Secretario Ejecutivo del INPROTUR y Sebasti\u00e1n Villar Guarino, Gerente General del Aeropuerto de Ezeiza<a href=\"https:\/\/weekend.perfil.com\/noticias\/turismo\/las-aerolineas-low-cost-hacen-crecer-la-conectividad.phtml\"><\/a><\/p>\n\n\n\n<figure class=\"wp-block-image\"><img decoding=\"async\" src=\"https:\/\/fotos.perfil.com\/\/2023\/11\/15\/900\/0\/1115arajet-1698520.jpg\" alt=\"1115_arajet\"\/><\/figure>\n\n\n\n<p>Los argentinos que vuelen en Arajet a Santo Domingo disfrutar\u00e1n de la<strong>&nbsp;belleza e importancia hist\u00f3rica<\/strong>&nbsp;de su Zona Colonial, por ser la \u201cPrimada de Am\u00e9rica\u201d y patrimonio de la humanidad, de su&nbsp;<strong>c\u00e1lida gente y de sus hermosas playas tropicales<\/strong>&nbsp;a 20 minutos del aeropuerto como son&nbsp;<strong>Boca Chica, Guayacanes, Juan Dolio,<\/strong>&nbsp;tambi\u00e9n&nbsp;<strong>Bayahibe&nbsp;<\/strong>a solo 45 minutos. Arajet adem\u00e1s ofrece un&nbsp;<strong>servicio desde el aeropuerto a Punta Cana sin ning\u00fan costo adicional,&nbsp;<\/strong>y es un trayecto de menos de dos horas. &nbsp;<\/p>\n","protected":false},"excerpt":{"rendered":"<p>Con tres vuelos semanales al hub de Santo Domingo, conectar\u00e1 Ezeiza con el Caribe, M\u00e9xico y Canad\u00e1. Sus precios que parten de unos U$S 270 por tramo, seg\u00fan la \u00e9poca&hellip; <\/p>\n","protected":false},"author":8,"featured_media":102657,"comment_status":"closed","ping_status":"open","sticky":false,"template":"","format":"standard","meta":{"footnotes":""},"categories":[17],"tags":[],"class_list":["post-102656","post","type-post","status-publish","format-standard","has-post-thumbnail","hentry","category-sociales"],"_links":{"self":[{"href":"https:\/\/corrientesdetarde.com\/index.php\/wp-json\/wp\/v2\/posts\/102656","targetHints":{"allow":["GET"]}}],"collection":[{"href":"https:\/\/corrientesdetarde.com\/index.php\/wp-json\/wp\/v2\/posts"}],"about":[{"href":"https:\/\/corrientesdetarde.com\/index.php\/wp-json\/wp\/v2\/types\/post"}],"author":[{"embeddable":true,"href":"https:\/\/corrientesdetarde.com\/index.php\/wp-json\/wp\/v2\/users\/8"}],"replies":[{"embeddable":true,"href":"https:\/\/corrientesdetarde.com\/index.php\/wp-json\/wp\/v2\/comments?post=102656"}],"version-history":[{"count":1,"href":"https:\/\/corrientesdetarde.com\/index.php\/wp-json\/wp\/v2\/posts\/102656\/revisions"}],"predecessor-version":[{"id":102658,"href":"https:\/\/corrientesdetarde.com\/index.php\/wp-json\/wp\/v2\/posts\/102656\/revisions\/102658"}],"wp:featuredmedia":[{"embeddable":true,"href":"https:\/\/corrientesdetarde.com\/index.php\/wp-json\/wp\/v2\/media\/102657"}],"wp:attachment":[{"href":"https:\/\/corrientesdetarde.com\/index.php\/wp-json\/wp\/v2\/media?parent=102656"}],"wp:term":[{"taxonomy":"category","embeddable":true,"href":"https:\/\/corrientesdetarde.com\/index.php\/wp-json\/wp\/v2\/categories?post=102656"},{"taxonomy":"post_tag","embeddable":true,"href":"https:\/\/corrientesdetarde.com\/index.php\/wp-json\/wp\/v2\/tags?post=102656"}],"curies":[{"name":"wp","href":"https:\/\/api.w.org\/{rel}","templated":true}]}}