{"id":102661,"date":"2023-11-15T17:56:44","date_gmt":"2023-11-15T20:56:44","guid":{"rendered":"https:\/\/corrientesdetarde.com\/?p=102661"},"modified":"2023-11-15T17:56:56","modified_gmt":"2023-11-15T20:56:56","slug":"pese-a-la-pasividad-en-rosada-massa-se-preocupa-por-la-suba-del-dolar-al-borde-del-balotaje","status":"publish","type":"post","link":"https:\/\/corrientesdetarde.com\/index.php\/politica\/pese-a-la-pasividad-en-rosada-massa-se-preocupa-por-la-suba-del-dolar-al-borde-del-balotaje\/","title":{"rendered":"Pese a la pasividad en Rosada, Massa  se preocupa por la suba del d\u00f3lar al borde del balotaje"},"content":{"rendered":"\n<p><strong>Por Juan Pablo Peralta desde Casa Rosada<\/strong><\/p>\n\n\n\n<p>En Casa Rosada ya casi no hay actividades, a la espera de las definiciones del domingo pr\u00f3ximo en la segunda vuelta. El que s\u00ed merodea preocupado frente a Balcarce 50, en el Palacio de Hacienda, es Sergio Massa, que aunque hab\u00eda adelantado que el d\u00f3lar oficial iba a subir 3 pesos, en un retorno a las microdevaluaciones, no esperaba que el blue llegara otra vez a los $1000. M\u00e1s a\u00fan, teniendo todo un esquema de control con AFIP, Aduana y Fuerzas Federales para allanar cuevas financieras.<\/p>\n\n\n\n<figure class=\"wp-block-embed is-type-video is-provider-youtube wp-block-embed-youtube wp-embed-aspect-16-9 wp-has-aspect-ratio\"><div class=\"wp-block-embed__wrapper\">\n<iframe loading=\"lazy\" title=\"Pese a la pasividad en la Rosada, Massa  se preocupa por la suba del d\u00f3lar al borde del balotaje\" width=\"1110\" height=\"624\" src=\"https:\/\/www.youtube.com\/embed\/VS6560NicUo?feature=oembed\" frameborder=\"0\" allow=\"accelerometer; autoplay; clipboard-write; encrypted-media; gyroscope; picture-in-picture; web-share\" allowfullscreen><\/iframe>\n<\/div><\/figure>\n\n\n\n<p>Sobre el fin del mandato de Fern\u00e1ndez, el ministro y candidato cubre todos los flancos de actividades correspondientes al jefe de Estado. Se aguarda que en esta ocasi\u00f3n, como viene pasando en la sede del Poder Ejecutivo Nacional, no haya funcionarios que bloqueen la actividad de la prensa acreditada en el b\u00fanker electoral de Uni\u00f3n por la Patria, y se permita a todos los periodistas que cumplen funciones en la sede gubernamental trabajar en los comicios sin problemas.<\/p>\n","protected":false},"excerpt":{"rendered":"<p>Por Juan Pablo Peralta desde Casa Rosada En Casa Rosada ya casi no hay actividades, a la espera de las definiciones del domingo pr\u00f3ximo en la segunda vuelta. El que&hellip; <\/p>\n","protected":false},"author":11,"featured_media":102662,"comment_status":"closed","ping_status":"open","sticky":false,"template":"","format":"standard","meta":{"footnotes":""},"categories":[3],"tags":[],"class_list":["post-102661","post","type-post","status-publish","format-standard","has-post-thumbnail","hentry","category-politica"],"_links":{"self":[{"href":"https:\/\/corrientesdetarde.com\/index.php\/wp-json\/wp\/v2\/posts\/102661","targetHints":{"allow":["GET"]}}],"collection":[{"href":"https:\/\/corrientesdetarde.com\/index.php\/wp-json\/wp\/v2\/posts"}],"about":[{"href":"https:\/\/corrientesdetarde.com\/index.php\/wp-json\/wp\/v2\/types\/post"}],"author":[{"embeddable":true,"href":"https:\/\/corrientesdetarde.com\/index.php\/wp-json\/wp\/v2\/users\/11"}],"replies":[{"embeddable":true,"href":"https:\/\/corrientesdetarde.com\/index.php\/wp-json\/wp\/v2\/comments?post=102661"}],"version-history":[{"count":1,"href":"https:\/\/corrientesdetarde.com\/index.php\/wp-json\/wp\/v2\/posts\/102661\/revisions"}],"predecessor-version":[{"id":102663,"href":"https:\/\/corrientesdetarde.com\/index.php\/wp-json\/wp\/v2\/posts\/102661\/revisions\/102663"}],"wp:featuredmedia":[{"embeddable":true,"href":"https:\/\/corrientesdetarde.com\/index.php\/wp-json\/wp\/v2\/media\/102662"}],"wp:attachment":[{"href":"https:\/\/corrientesdetarde.com\/index.php\/wp-json\/wp\/v2\/media?parent=102661"}],"wp:term":[{"taxonomy":"category","embeddable":true,"href":"https:\/\/corrientesdetarde.com\/index.php\/wp-json\/wp\/v2\/categories?post=102661"},{"taxonomy":"post_tag","embeddable":true,"href":"https:\/\/corrientesdetarde.com\/index.php\/wp-json\/wp\/v2\/tags?post=102661"}],"curies":[{"name":"wp","href":"https:\/\/api.w.org\/{rel}","templated":true}]}}