{"id":102939,"date":"2023-11-16T20:32:27","date_gmt":"2023-11-16T23:32:27","guid":{"rendered":"https:\/\/corrientesdetarde.com\/?p=102939"},"modified":"2023-11-16T20:32:39","modified_gmt":"2023-11-16T23:32:39","slug":"impulsaron-una-demanda-para-que-trump-quede-fuera-de-la-boleta-electoral","status":"publish","type":"post","link":"https:\/\/corrientesdetarde.com\/index.php\/internacionales\/impulsaron-una-demanda-para-que-trump-quede-fuera-de-la-boleta-electoral\/","title":{"rendered":"Impulsaron una demanda para que Trump quede fuera de la boleta electoral"},"content":{"rendered":"\n<p>Es por su presunta vinculaci\u00f3n con los ataques al Capitolio en enero de 2021.<\/p>\n\n\n\n<p>Los abogados\u00a0que representan a un grupo de\u00a0<strong>votantes de Colorado<\/strong>\u00a0presentaron\u00a0este mi\u00e9rcoles los argumentos finales en una demanda que busca<br>descalificar al ex presidente\u00a0<strong>Donald Trump<\/strong>\u00a0de la boleta electoral\u00a0del estado el pr\u00f3ximo a\u00f1o por su papel en el ataque del 6 de enero\u00a0de 2021 al Capitolio de Estados Unidos por parte de sus\u00a0partidarios.<\/p>\n\n\n\n<p>Los votantes pretenden utilizar la&nbsp;<strong>14\u00aa Enmienda de la Constituci\u00f3n&nbsp;de Estados Unidos,<\/strong>&nbsp;que proh\u00edbe a los funcionarios que hayan&nbsp;participado en&nbsp;<strong>&#8220;insurrecci\u00f3n o rebeli\u00f3n&#8221;<\/strong>&nbsp;ocupar cargos p\u00fablicos,&nbsp;para argumentar que Trump no es elegible para postularse para&nbsp;presidente en 2024. La disposici\u00f3n fue ratificada en 1868 despu\u00e9s&nbsp;de la Guerra civil estadounidense.<\/p>\n\n\n\n<p><strong>Sean Grimsley, un abogado que representa a los votantes, dijo&nbsp;que el mot\u00edn en el Capitolio fue el &#8220;\u00faltimo intento desesperado de&nbsp;Trump por mantenerse en el poder en violaci\u00f3n de la Constituci\u00f3n&#8221;.<\/strong><\/p>\n\n\n\n<p>Durante su argumento final, Grimsley argument\u00f3 que Trump ten\u00eda la&nbsp;intenci\u00f3n de que sus partidarios recurrieran a la violencia y&nbsp;agreg\u00f3: &#8220;A trav\u00e9s de sus acciones y s\u00f3lo de sus acciones,&nbsp;<strong>Donald&nbsp;Trump se ha descalificado a s\u00ed mismo para volver a ocupar un&nbsp;cargo&#8221;.<\/strong><\/p>\n\n\n\n<p>El caso representa una prueba de los esfuerzos legales para&nbsp;utilizar la 14\u00aa Enmienda para bloquear la candidatura de Trump. Es&nbsp;el primer caso de este tipo que llega a juicio.<\/p>\n","protected":false},"excerpt":{"rendered":"<p>Es por su presunta vinculaci\u00f3n con los ataques al Capitolio en enero de 2021. Los abogados\u00a0que representan a un grupo de\u00a0votantes de Colorado\u00a0presentaron\u00a0este mi\u00e9rcoles los argumentos finales en una demanda&hellip; <\/p>\n","protected":false},"author":4,"featured_media":102943,"comment_status":"closed","ping_status":"open","sticky":false,"template":"","format":"standard","meta":{"footnotes":""},"categories":[11],"tags":[],"class_list":["post-102939","post","type-post","status-publish","format-standard","has-post-thumbnail","hentry","category-internacionales"],"_links":{"self":[{"href":"https:\/\/corrientesdetarde.com\/index.php\/wp-json\/wp\/v2\/posts\/102939","targetHints":{"allow":["GET"]}}],"collection":[{"href":"https:\/\/corrientesdetarde.com\/index.php\/wp-json\/wp\/v2\/posts"}],"about":[{"href":"https:\/\/corrientesdetarde.com\/index.php\/wp-json\/wp\/v2\/types\/post"}],"author":[{"embeddable":true,"href":"https:\/\/corrientesdetarde.com\/index.php\/wp-json\/wp\/v2\/users\/4"}],"replies":[{"embeddable":true,"href":"https:\/\/corrientesdetarde.com\/index.php\/wp-json\/wp\/v2\/comments?post=102939"}],"version-history":[{"count":1,"href":"https:\/\/corrientesdetarde.com\/index.php\/wp-json\/wp\/v2\/posts\/102939\/revisions"}],"predecessor-version":[{"id":102944,"href":"https:\/\/corrientesdetarde.com\/index.php\/wp-json\/wp\/v2\/posts\/102939\/revisions\/102944"}],"wp:featuredmedia":[{"embeddable":true,"href":"https:\/\/corrientesdetarde.com\/index.php\/wp-json\/wp\/v2\/media\/102943"}],"wp:attachment":[{"href":"https:\/\/corrientesdetarde.com\/index.php\/wp-json\/wp\/v2\/media?parent=102939"}],"wp:term":[{"taxonomy":"category","embeddable":true,"href":"https:\/\/corrientesdetarde.com\/index.php\/wp-json\/wp\/v2\/categories?post=102939"},{"taxonomy":"post_tag","embeddable":true,"href":"https:\/\/corrientesdetarde.com\/index.php\/wp-json\/wp\/v2\/tags?post=102939"}],"curies":[{"name":"wp","href":"https:\/\/api.w.org\/{rel}","templated":true}]}}