{"id":102940,"date":"2023-11-16T20:28:03","date_gmt":"2023-11-16T23:28:03","guid":{"rendered":"https:\/\/corrientesdetarde.com\/?p=102940"},"modified":"2023-11-16T20:28:14","modified_gmt":"2023-11-16T23:28:14","slug":"silencio-que-los-chicos-duermen-una-mama-mato-a-punaladas-a-sus-hijos-y-luego-intento-suicidarse","status":"publish","type":"post","link":"https:\/\/corrientesdetarde.com\/index.php\/crimen-y-justicia\/silencio-que-los-chicos-duermen-una-mama-mato-a-punaladas-a-sus-hijos-y-luego-intento-suicidarse\/","title":{"rendered":"\u201cSilencio, que los chicos duermen\u201d: una mam\u00e1 mat\u00f3 a pu\u00f1aladas a sus hijos y luego intent\u00f3 suicidarse"},"content":{"rendered":"\n<p>Ocurri\u00f3 en la ciudad correntina de Curuz\u00fa Cuati\u00e1. Las v\u00edctimas ten\u00edan 5 y 8 a\u00f1os. La acusada qued\u00f3 internada con heridas superficiales.<\/p>\n\n\n\n<p>Ayer jueves, luego de que su hermana no le contestara el tel\u00e9fono durante todo el d\u00eda, una mujer se acerc\u00f3 hasta su casa del barrio Santa Rosa, en la ciudad correntina de\u00a0<strong>Curuz\u00fa Cuati\u00e1<\/strong>, porque sospechaba que algo extra\u00f1o ocurr\u00eda.<\/p>\n\n\n\n<p>No se equivoc\u00f3, aunque jam\u00e1s imagin\u00f3 la escena horrenda con la que iba a encontrarse. La joven le abri\u00f3 la puerta completamente cubierta de sangre, casi fuera de s\u00ed, y le dijo una frase que la estremeci\u00f3: \u201c<strong>Silencio, te pido que no hagas ruido porque los chicos est\u00e1n durmiendo<\/strong>\u201d. Asustada, la mujer entr\u00f3 a la casa y&nbsp;<strong>hall\u00f3 a sus dos sobrinos, un nene de 5 a\u00f1os y una nena de 8, tirados en el piso&nbsp;<\/strong>sobre un gran charco de sangre. Luego, llam\u00f3 a la Polic\u00eda.<\/p>\n\n\n\n<p>Cuando lleg\u00f3 el personal de los bomberos y de la Comisar\u00eda Primera de Curuz\u00fa Cuati\u00e1, constataron que los ni\u00f1os hab\u00edan sido asesinados con un cuchillo de gran tama\u00f1o.&nbsp;<strong>El menor de los chicos ten\u00eda una herida, mientras que la hermana mayor ten\u00eda al menos cuatro cuchillazos<\/strong>. Los datos de la autopsia todav\u00eda se desconocen.<\/p>\n\n\n\n<p>La madre de los menores, por su parte,\u00a0<strong>intent\u00f3 suicidarse con la misma arma<\/strong>\u00a0con la que supuestamente cometi\u00f3 el doble crimen pero apenas lleg\u00f3 a realizarse unos pocos algunos cortes superficiales. Fue trasladada al hospital Fernando Irastorza, donde permanece internada, en calidad de detenida, seg\u00fan confirmaron fuentes judiciales a\u00a0<strong>Infobae.<\/strong><\/p>\n\n\n\n<p>Las alarmas se encendieron dentro de la familia de la acusada&nbsp;<strong>luego de que joven de 26 a\u00f1os decidiera bloquear a toda su familia de las redes sociales&nbsp;<\/strong>e impidiera cualquier tipo de comunicaci\u00f3n. Las horas pasaron hasta que finalmente la t\u00eda de los ni\u00f1os decidi\u00f3 acercarse hasta la casa. Fue entonces que el horror se descubri\u00f3.&nbsp;<strong>\u201cPara la t\u00eda fue desgarrador ver esa escena dantesca. Por eso aviso a la Polic\u00eda sin decirle nada a la hermana\u201d<\/strong>, indicaron fuentes del caso.<\/p>\n\n\n\n<p>Los investigadores explicaron que la nena de ocho a\u00f1os<strong>\u00a0ten\u00eda m\u00e1s heridas porque presumen que al ver que su mam\u00e1 atacaba a su hermano menor, quiso defenderlo\u00a0<\/strong>y por ende fue agredida con m\u00e1s sa\u00f1a. Se cree que recibi\u00f3 al menos cuatro pu\u00f1aladas en varias partes del cuerpo.<\/p>\n\n\n\n<p>La investigaci\u00f3n qued\u00f3 en manos de la fiscal&nbsp;<strong>Mar\u00eda Jos\u00e9 Barrero Sahag\u00fan,<\/strong>&nbsp;titular de la Unidad de Investigaciones Concretas de Curuz\u00fa Cuati\u00e1, quien por estas horas define la calificaci\u00f3n del expediente. Tambi\u00e9n,&nbsp;<strong>deber\u00e1 definirse el estado de salud mental de la acusada<\/strong>. En la casa tambi\u00e9n estuvo presente el jefe de Unidad Regional III, el comisario mayor Juan Ram\u00f3n Lima.<\/p>\n\n\n\n<p>Seg\u00fan supo este medio, trascendi\u00f3 que&nbsp;<strong>se presume que la asesina tuvo un brote psic\u00f3tico&nbsp;<\/strong>que deriv\u00f3 en la masacre. Pese a eso, las fuentes se mostraron cautas y aclararon que esperan al informe psiqui\u00e1trico de la mujer, una vez sea dada de alta del hospital. En cuanto a los datos familiares, no se tienen muchas certezas a\u00fan. Al parecer, en la casa viv\u00edan la mujer y los dos ni\u00f1os.<\/p>\n\n\n\n<p>De acuerdo con el&nbsp;<em>Diario de Curuz\u00fa<\/em>, que adelant\u00f3 el hecho,<strong>&nbsp;en el lugar se hizo presente el padre de los ni\u00f1os<\/strong>, quien en principio no tiene vinculaci\u00f3n con el hecho. No se sabe si el hombre viv\u00eda all\u00ed: entr\u00f3 en shock luego de que le informaron lo que ocurri\u00f3.<\/p>\n","protected":false},"excerpt":{"rendered":"<p>Ocurri\u00f3 en la ciudad correntina de Curuz\u00fa Cuati\u00e1. Las v\u00edctimas ten\u00edan 5 y 8 a\u00f1os. La acusada qued\u00f3 internada con heridas superficiales. Ayer jueves, luego de que su hermana no&hellip; <\/p>\n","protected":false},"author":4,"featured_media":102941,"comment_status":"closed","ping_status":"open","sticky":false,"template":"","format":"standard","meta":{"footnotes":""},"categories":[5],"tags":[],"class_list":["post-102940","post","type-post","status-publish","format-standard","has-post-thumbnail","hentry","category-crimen-y-justicia"],"_links":{"self":[{"href":"https:\/\/corrientesdetarde.com\/index.php\/wp-json\/wp\/v2\/posts\/102940","targetHints":{"allow":["GET"]}}],"collection":[{"href":"https:\/\/corrientesdetarde.com\/index.php\/wp-json\/wp\/v2\/posts"}],"about":[{"href":"https:\/\/corrientesdetarde.com\/index.php\/wp-json\/wp\/v2\/types\/post"}],"author":[{"embeddable":true,"href":"https:\/\/corrientesdetarde.com\/index.php\/wp-json\/wp\/v2\/users\/4"}],"replies":[{"embeddable":true,"href":"https:\/\/corrientesdetarde.com\/index.php\/wp-json\/wp\/v2\/comments?post=102940"}],"version-history":[{"count":1,"href":"https:\/\/corrientesdetarde.com\/index.php\/wp-json\/wp\/v2\/posts\/102940\/revisions"}],"predecessor-version":[{"id":102942,"href":"https:\/\/corrientesdetarde.com\/index.php\/wp-json\/wp\/v2\/posts\/102940\/revisions\/102942"}],"wp:featuredmedia":[{"embeddable":true,"href":"https:\/\/corrientesdetarde.com\/index.php\/wp-json\/wp\/v2\/media\/102941"}],"wp:attachment":[{"href":"https:\/\/corrientesdetarde.com\/index.php\/wp-json\/wp\/v2\/media?parent=102940"}],"wp:term":[{"taxonomy":"category","embeddable":true,"href":"https:\/\/corrientesdetarde.com\/index.php\/wp-json\/wp\/v2\/categories?post=102940"},{"taxonomy":"post_tag","embeddable":true,"href":"https:\/\/corrientesdetarde.com\/index.php\/wp-json\/wp\/v2\/tags?post=102940"}],"curies":[{"name":"wp","href":"https:\/\/api.w.org\/{rel}","templated":true}]}}