{"id":102945,"date":"2023-11-16T20:38:44","date_gmt":"2023-11-16T23:38:44","guid":{"rendered":"https:\/\/corrientesdetarde.com\/?p=102945"},"modified":"2023-11-16T20:38:49","modified_gmt":"2023-11-16T23:38:49","slug":"el-ejercito-israeli-afirma-que-ataco-la-casa-del-lider-de-hamas-en-gaza","status":"publish","type":"post","link":"https:\/\/corrientesdetarde.com\/index.php\/internacionales\/el-ejercito-israeli-afirma-que-ataco-la-casa-del-lider-de-hamas-en-gaza\/","title":{"rendered":"El ej\u00e9rcito israel\u00ed afirma que atac\u00f3 la casa del l\u00edder de Ham\u00e1s en Gaza"},"content":{"rendered":"\n<p>Las fuerzas israel\u00edes advirtieron que la residencia se utilizaba como infraestructura terrorista y\u00a0desde all\u00ed se\u00a0planificaban atentados contra civiles israel\u00edes.<\/p>\n\n\n\n<p><strong>Un grupo d<\/strong><strong>e aviones de combate israel\u00edes atac\u00f3 la casa del dirigente de Ham\u00e1s Ismail Haniyeh<\/strong>&nbsp;en Gaza, seg\u00fan inform\u00f3 este jueves el ej\u00e9rcito israel\u00ed.<\/p>\n\n\n\n<p><strong>La casa de Haniyeh se utilizaba como &#8220;infraestructura terrorista&#8221;<\/strong>&nbsp;y &#8220;a menudo&nbsp;<strong>serv\u00eda de punto de encuentro de los altos dirigentes de Ham\u00e1s<\/strong>&nbsp;para dirigir atentados terroristas contra civiles israel\u00edes y soldados de las Fuerzas de Defensa de Israel&#8221;, declar\u00f3 el ej\u00e9rcito.<\/p>\n\n\n\n<h2 class=\"wp-block-heading\">La palabra de Herzog<\/h2>\n\n\n\n<p><strong>El presidente de Israel, Isaac Herzog, afirm\u00f3 que puede ser&nbsp;necesario que &#8220;fuerzas muy potentes&#8221; permanezcan en Gaza en un&nbsp;futuro pr\u00f3ximo<\/strong>&nbsp;para evitar que la milicia de Ham\u00e1s resurja tras la&nbsp;guerra.<\/p>\n\n\n\n<p><strong>Pero el presidente de los Estados Unidos, Joe Biden, advirti\u00f3&nbsp;<\/strong><strong>de que ocupar Gaza ser\u00eda &#8220;un gran error&#8221;.<\/strong><\/p>\n\n\n\n<p><strong>&#8220;Si nos retiramos, \u00bfqui\u00e9n tomar\u00e1 el relevo? No podemos dejar un&nbsp;<\/strong><strong>vac\u00edo. Tenemos que pensar cu\u00e1l ser\u00e1 el mecanismo; hay muchas ideas&nbsp;<\/strong><br><strong>que se lanzan al aire&#8221;, plante\u00f3 Herzog<\/strong>&nbsp;en una entrevista con el FT&nbsp;publicada este jueves.<\/p>\n\n\n\n<p>Y enseguida advirti\u00f3 que&nbsp;<strong>&#8220;nadie querr\u00e1 volver a convertir este&nbsp;<\/strong><strong>lugar, Gaza, en una base terrorista&#8221;.<\/strong><\/p>\n\n\n\n<p><strong>Herzog<\/strong>&nbsp;declar\u00f3 al FT que el Gobierno de Israel estaba&nbsp;debatiendo muchas ideas sobre c\u00f3mo se gestionar\u00eda Gaza una vez&nbsp;finalizada la guerra y a\u00f1adi\u00f3 que supon\u00eda que los Estados Unidos y&nbsp;sus &#8220;vecinos de la regi\u00f3n&#8221; tendr\u00edan alguna participaci\u00f3n en el&nbsp;orden posterior al conflicto.<\/p>\n\n\n\n<p>Sin embargo,&nbsp;<strong>Biden<\/strong>&nbsp;hab\u00eda advertido el mi\u00e9rcoles que hab\u00eda&nbsp;dejado claro al primer ministro israel\u00ed, Benjamin Netanyahu, que&nbsp;la soluci\u00f3n de dos Estados era la \u00fanica forma de resolver el&nbsp;conflicto palestino-israel\u00ed y que ocupar Gaza ser\u00eda &#8220;un gran&nbsp;error&#8221;, seg\u00fan la agencia de noticias Reuters.<\/p>\n\n\n\n<h2 class=\"wp-block-heading\">&#8220;Preocupaci\u00f3n&#8221; de los Estados Unidos<\/h2>\n\n\n\n<p><strong>Estados Unidos expres\u00f3 este jueves su profunda preocupaci\u00f3n por&nbsp;el hecho de que m\u00e9dicos jordanos resultaron heridos en bombardeos<\/strong><br><strong>cerca de su hospital de campa\u00f1a en Gaza.<\/strong><\/p>\n\n\n\n<p>El Ministerio de Relaciones Exteriores jordano declar\u00f3 que&nbsp;siete miembros del personal de su hospital de campa\u00f1a en el norte&nbsp;de Gaza&nbsp; resultaron heridos por bombardeos israel\u00edes.&nbsp;<\/p>\n\n\n\n<p>El asesor de seguridad nacional de la Casa Blanca, Jake&nbsp;Sullivan, calific\u00f3 este jueves a Jordania de aliado fundamental y coment\u00f3 que&nbsp;<strong>su &#8220;papel esencial en el conflicto debe ser protegido&#8221;.&nbsp;<\/strong><\/p>\n\n\n\n<p><strong>&#8220;Nos preocupa profundamente que personal m\u00e9dico jordano en Gaza&nbsp;<\/strong><strong>haya resultado herido en un ataque cerca de su hospital de&nbsp;<\/strong><strong>campa\u00f1a, y estamos profundamente agradecidos a los profesionales&nbsp;<\/strong><strong>m\u00e9dicos que prestan cuidados cr\u00edticos a los palestinos en Gaza&#8221;,<\/strong><br>declar\u00f3.<\/p>\n\n\n\n<h2 class=\"wp-block-heading\"><br>Qu\u00e9 dice la Autoridad Palestina<\/h2>\n\n\n\n<p><strong>La Autoridad Palestina, que ejerce un autogobierno limitado en&nbsp;<\/strong><strong>partes del territorio bajo ocupaci\u00f3n israel\u00ed de Cisjordania,&nbsp;<\/strong>afirma que Gaza, donde Ham\u00e1s gobierna desde 2007, es parte&nbsp;integrante de lo que prev\u00e9 para un futuro Estado palestino.<\/p>\n\n\n\n<p><strong>Israel se propuso destruir a Ham\u00e1s<\/strong>, pero no present\u00f3 un&nbsp;plan para determinar qui\u00e9n gobernar\u00eda Gaza despu\u00e9s de la guerra.<\/p>\n\n\n\n<p><strong>Netanyahu<\/strong>&nbsp;indic\u00f3 que Israel tendr\u00eda que mantener la&nbsp;responsabilidad general de la seguridad en Gaza durante un per\u00edodo&nbsp;indefinido.<\/p>\n\n\n\n<p>Este jueves,&nbsp;<strong>el objetivo militar de Israel segu\u00eda siendo el&nbsp;mayor hospital de Gaza, Al Shifa, donde, seg\u00fan el Gobierno&nbsp;israel\u00ed, Ham\u00e1s almacenaba armas y dirig\u00eda un centro de mando en&nbsp;t\u00faneles situados bajo los edificios.<\/strong><\/p>\n\n\n\n<p><strong>Las tropas israel\u00edes entraron por la fuerza en el hospital Al&nbsp;<\/strong><strong>Shifa en las primeras horas del mi\u00e9rcoles y pasaron el d\u00eda&nbsp;<\/strong><strong>intensificando su b\u00fasqueda, seg\u00fan mandos militares.&nbsp;<\/strong><\/p>\n\n\n\n<p><strong>Un v\u00eddeo del ej\u00e9rcito mostraba armas autom\u00e1ticas, granadas,&nbsp;<\/strong><strong>munici\u00f3n y chalecos antibalas recuperados en un edificio no&nbsp;<\/strong><strong>revelado del complejo.&nbsp;<\/strong><\/p>\n\n\n\n<p><strong>&#8220;Las tropas siguen registrando el hospital de forma precisa y&nbsp;<\/strong><strong>basada en informaci\u00f3n de inteligencia&#8221;,<\/strong>&nbsp;declar\u00f3 el portavoz del&nbsp;ej\u00e9rcito, el contralmirante Daniel Hagari, en una rueda de prensa&nbsp;celebrada a \u00faltima hora del mi\u00e9rcoles.<\/p>\n\n\n\n<p><strong>Biden<\/strong>&nbsp;afirm\u00f3 que Ham\u00e1s estaba cometiendo cr\u00edmenes de guerra al&nbsp;tener su cuartel general militar bajo el hospital y especific\u00f3 que&nbsp;Israel hab\u00eda entrado en Al Shifa con un n\u00famero limitado de&nbsp;soldados armados.<\/p>\n\n\n\n<p><strong>&#8220;Se les dijo&#8230; discutimos la necesidad de que fueran&nbsp;<\/strong><strong>incre\u00edblemente cuidadosos&#8221;,<\/strong>&nbsp;se\u00f1al\u00f3 Biden a los periodistas el&nbsp;mi\u00e9rcoles.<\/p>\n\n\n\n<p><strong>El ej\u00e9rcito israel\u00ed no mencion\u00f3 haber encontrado ninguna&nbsp;entrada de t\u00fanel<\/strong>&nbsp;en Al Shifa.<\/p>\n\n\n\n<p><strong>Anteriormente, hab\u00eda afirmado que Ham\u00e1s hab\u00eda construido una&nbsp;red de t\u00faneles bajo el hospital.<\/strong><\/p>\n\n\n\n<p><strong>Ham\u00e1s lo neg\u00f3 negado y rechaz\u00f3<\/strong>&nbsp;las \u00faltimas declaraciones del&nbsp;ej\u00e9rcito.<\/p>\n\n\n\n<p><strong>&#8220;Las fuerzas de ocupaci\u00f3n siguen mintiendo (&#8230;), ya que&nbsp;<\/strong><strong>trajeron armas, ropa y herramientas y las colocaron en el hospital&nbsp;<\/strong><strong>de forma escandalosa&#8221;,<\/strong>&nbsp;coment\u00f3 Ezzat El Rashq, alto cargo de Ham\u00e1s&nbsp;en Qatar.<\/p>\n\n\n\n<p>Adem\u00e1s, formul\u00f3 una solicitud:&nbsp;<strong>&#8220;Hemos pedido repetidamente que&nbsp;<\/strong><strong>un comit\u00e9 de las Naciones Unidas, la Organizaci\u00f3n Mundial de la&nbsp;<\/strong><strong>Salud y la Cruz Roja verifiquen las mentiras de la ocupaci\u00f3n&#8221;.<\/strong><\/p>\n\n\n\n<p>Durante su incursi\u00f3n en el hospital,&nbsp;<strong>el ej\u00e9rcito israel\u00ed&nbsp;utiliz\u00f3 excavadoras y veh\u00edculos militares, indic\u00f3 la agencia, que&nbsp;basaba su informaci\u00f3n en fuentes locales.<\/strong><\/p>\n\n\n\n<h2 class=\"wp-block-heading\"><br>El papel de la ONU<\/h2>\n\n\n\n<p><strong>El Consejo de Seguridad de las Naciones Unidas pidi\u00f3 el&nbsp;mi\u00e9rcoles una pausa humanitaria urgente y prolongada en los&nbsp;<\/strong><strong>combates durante un &#8220;n\u00famero suficiente de d\u00edas&#8221; para permitir el&nbsp;<\/strong><strong>acceso de la ayuda.<\/strong><\/p>\n\n\n\n<p><strong>Tambi\u00e9n reclam\u00f3 en una resoluci\u00f3n la liberaci\u00f3n inmediata e&nbsp;incondicional de todos los rehenes en manos de Ham\u00e1s.<\/strong><\/p>\n\n\n\n<p><strong>El alto comisionado de Naciones Unidas para los Derechos&nbsp;<\/strong><strong>Humanos, Volker Turk, afirm\u00f3 que los brotes de enfermedades y el&nbsp;<\/strong><strong>hambre parecen &#8220;inevitables&#8221; en Gaza<\/strong>&nbsp;tras semanas de ataques&nbsp;israel\u00edes al enclave densamente poblado.<\/p>\n\n\n\n<p>En una sesi\u00f3n informativa informal ante los Estados en la sede&nbsp;de Naciones Unidas en Ginebra tras visitar Oriente Pr\u00f3ximo,&nbsp;<strong>Turk&nbsp;<\/strong><strong>afirm\u00f3 que el agotamiento del combustible ser\u00eda &#8220;catastr\u00f3fico&#8221; en&nbsp;<\/strong>toda Gaza, provocando el colapso de los sistemas de alcantarillado&nbsp;y de atenci\u00f3n sanitaria y acabando con la escasa ayuda humanitaria&nbsp;que se suministra.<\/p>\n\n\n\n<p><strong>Turk<\/strong>, que describi\u00f3 los bombardeos de Israel como &#8220;de una&nbsp;intensidad pocas veces experimentada en este siglo&#8221;, expres\u00f3&nbsp;tambi\u00e9n su&nbsp; preocupaci\u00f3n por el aumento de la violencia y la&nbsp;discriminaci\u00f3n contra los palestinos en el territorio bajo&nbsp;ocupaci\u00f3n israel\u00ed de Cisjordania,&nbsp; incluida Jerusal\u00e9n Oriental.&nbsp;<\/p>\n\n\n\n<p><strong>&#8220;En mi opini\u00f3n, esto crea una situaci\u00f3n potencialmente&nbsp;<\/strong><strong>explosiva, y quiero ser claro: estamos mucho m\u00e1s all\u00e1 del nivel de&nbsp;<\/strong><strong>alerta temprana. Estoy haciendo sonar la alarma m\u00e1s alta posible&nbsp;<\/strong><strong>sobre Cisjordania&#8221;,<\/strong>&nbsp;indic\u00f3.<\/p>\n\n\n\n<p>Entretanto, un grupo de expertos de Naciones Unidas afirm\u00f3&nbsp;el jueves que existen &#8220;pruebas de una creciente incitaci\u00f3n&nbsp;genocida&#8221; contra el pueblo palestino en lo que calific\u00f3 de&nbsp;<strong>&#8220;graves&nbsp;violaciones&#8221;<\/strong>&nbsp;cometidas por Israel.<\/p>\n\n\n\n<p><strong>&#8220;Estamos profundamente preocupados por el fracaso de los pa\u00edses&nbsp;a la hora de atender nuestro llamamiento y lograr un alto el fuego&nbsp;inmediato&#8221;,<\/strong>&nbsp;afirm\u00f3 en un comunicado el grupo de expertos, que&nbsp;inclu\u00eda a varios relatores especiales de la ONU.<\/p>\n\n\n\n<p>El grupo a\u00f1adi\u00f3:&nbsp;<strong>&#8220;Tambi\u00e9n estamos profundamente preocupados por&nbsp;el apoyo de ciertos pa\u00edses a la estrategia de guerra de Israel&nbsp;contra la poblaci\u00f3n asediada de Gaza y por la incapacidad del&nbsp;sistema internacional de movilizarse para impedir el genocidio&#8221;.<\/strong><\/p>\n","protected":false},"excerpt":{"rendered":"<p>Las fuerzas israel\u00edes advirtieron que la residencia se utilizaba como infraestructura terrorista y\u00a0desde all\u00ed se\u00a0planificaban atentados contra civiles israel\u00edes. Un grupo de aviones de combate israel\u00edes atac\u00f3 la casa del&hellip; <\/p>\n","protected":false},"author":4,"featured_media":102946,"comment_status":"closed","ping_status":"open","sticky":false,"template":"","format":"standard","meta":{"footnotes":""},"categories":[11],"tags":[],"class_list":["post-102945","post","type-post","status-publish","format-standard","has-post-thumbnail","hentry","category-internacionales"],"_links":{"self":[{"href":"https:\/\/corrientesdetarde.com\/index.php\/wp-json\/wp\/v2\/posts\/102945","targetHints":{"allow":["GET"]}}],"collection":[{"href":"https:\/\/corrientesdetarde.com\/index.php\/wp-json\/wp\/v2\/posts"}],"about":[{"href":"https:\/\/corrientesdetarde.com\/index.php\/wp-json\/wp\/v2\/types\/post"}],"author":[{"embeddable":true,"href":"https:\/\/corrientesdetarde.com\/index.php\/wp-json\/wp\/v2\/users\/4"}],"replies":[{"embeddable":true,"href":"https:\/\/corrientesdetarde.com\/index.php\/wp-json\/wp\/v2\/comments?post=102945"}],"version-history":[{"count":1,"href":"https:\/\/corrientesdetarde.com\/index.php\/wp-json\/wp\/v2\/posts\/102945\/revisions"}],"predecessor-version":[{"id":102947,"href":"https:\/\/corrientesdetarde.com\/index.php\/wp-json\/wp\/v2\/posts\/102945\/revisions\/102947"}],"wp:featuredmedia":[{"embeddable":true,"href":"https:\/\/corrientesdetarde.com\/index.php\/wp-json\/wp\/v2\/media\/102946"}],"wp:attachment":[{"href":"https:\/\/corrientesdetarde.com\/index.php\/wp-json\/wp\/v2\/media?parent=102945"}],"wp:term":[{"taxonomy":"category","embeddable":true,"href":"https:\/\/corrientesdetarde.com\/index.php\/wp-json\/wp\/v2\/categories?post=102945"},{"taxonomy":"post_tag","embeddable":true,"href":"https:\/\/corrientesdetarde.com\/index.php\/wp-json\/wp\/v2\/tags?post=102945"}],"curies":[{"name":"wp","href":"https:\/\/api.w.org\/{rel}","templated":true}]}}