{"id":102980,"date":"2023-11-16T23:21:00","date_gmt":"2023-11-17T02:21:00","guid":{"rendered":"https:\/\/corrientesdetarde.com\/?p=102980"},"modified":"2023-11-16T23:21:12","modified_gmt":"2023-11-17T02:21:12","slug":"pedro-sanchez-consiguio-la-reeleccion-en-espana","status":"publish","type":"post","link":"https:\/\/corrientesdetarde.com\/index.php\/internacionales\/pedro-sanchez-consiguio-la-reeleccion-en-espana\/","title":{"rendered":"Pedro S\u00e1nchez consigui\u00f3 la reelecci\u00f3n en Espa\u00f1a"},"content":{"rendered":"\n<p>El candidato del PSOE consigui\u00f3 179 votos y de esta manera comienza su tercera etapa al frente de La Moncloa.<\/p>\n\n\n\n<p>El Congreso de los Diputados espa\u00f1ol vot\u00f3 el jueves a favor de la investidura de<strong>&nbsp;Pedro S\u00e1nchez<\/strong>&nbsp;como presidente del Gobierno para un nuevo mandato, poniendo fin a un prolongado estancamiento tras las elecciones generales de julio, que no resultaron concluyentes.<\/p>\n\n\n\n<p>Su<strong>&nbsp;Partido Socialista Obrero Espa\u00f1ol (PSOE)<\/strong>&nbsp;hab\u00eda alcanzado acuerdos por separado con varios partidos regionales para ganarse su apoyo, incluido un pol\u00e9mico proyecto de ley de amnist\u00eda para los independentistas catalanes que ha desatado protestas en toda Espa\u00f1a.<\/p>\n\n\n\n<p>La candidatura de<strong>&nbsp;S\u00e1nchez<\/strong>&nbsp;obtuvo 179 votos a favor, 171 en contra y ninguna abstenci\u00f3n. Los &#8220;noes&#8221; procedieron del conservador Partido Popular (PP), del ultraderechista Vox y del \u00fanico diputado de Uni\u00f3n del Pueblo Navarro.<\/p>\n\n\n\n<p><strong>El aliado de izquierda del PSOE, Sumar, los partidos independentistas catalanes Junts y ERC, los vascos PNV y EH Bildu, el gallego BNG y Coalici\u00f3n Canaria votaron a favor de S\u00e1nchez,<\/strong>&nbsp;quien accedi\u00f3 al cargo por primera vez en 2018.<\/p>\n\n\n\n<p>La confirmaci\u00f3n de<strong>&nbsp;S\u00e1nchez<\/strong>&nbsp;como jefe de Gobierno pone fin a meses de incertidumbre. Alberto N\u00fa\u00f1ez Feij\u00f3o, candidato del conservador PP, fue el que m\u00e1s esca\u00f1os obtuvo, pero no logr\u00f3 el apoyo suficiente de otros partidos en su propia candidatura para dirigir el pa\u00eds.<\/p>\n\n\n\n<h2 class=\"wp-block-heading\">Felicitaciones de Scholz&nbsp;<\/h2>\n\n\n\n<p><strong>El canciller alem\u00e1n, Olaf Scholz, felicit\u00f3 a S\u00e1nchez<\/strong>&nbsp;en la red social X.&nbsp;&#8220;Es bueno que podamos seguir trabajando codo a codo. Vemos muchos retos del mundo desde una perspectiva muy similar&#8221;, escribi\u00f3.<\/p>\n\n\n\n<p><strong>El proyecto de ley de amnist\u00eda indign\u00f3 a muchos espa\u00f1oles<\/strong>. Propone exculpar a pol\u00edticos y activistas que participaron en un intento de independizar Catalu\u00f1a de Espa\u00f1a que alcanz\u00f3 su punto \u00e1lgido en 2017. El proyecto de ley se registr\u00f3 en el Congreso el lunes.<\/p>\n","protected":false},"excerpt":{"rendered":"<p>El candidato del PSOE consigui\u00f3 179 votos y de esta manera comienza su tercera etapa al frente de La Moncloa. El Congreso de los Diputados espa\u00f1ol vot\u00f3 el jueves a&hellip; <\/p>\n","protected":false},"author":4,"featured_media":102981,"comment_status":"closed","ping_status":"open","sticky":false,"template":"","format":"standard","meta":{"footnotes":""},"categories":[11],"tags":[],"class_list":["post-102980","post","type-post","status-publish","format-standard","has-post-thumbnail","hentry","category-internacionales"],"_links":{"self":[{"href":"https:\/\/corrientesdetarde.com\/index.php\/wp-json\/wp\/v2\/posts\/102980","targetHints":{"allow":["GET"]}}],"collection":[{"href":"https:\/\/corrientesdetarde.com\/index.php\/wp-json\/wp\/v2\/posts"}],"about":[{"href":"https:\/\/corrientesdetarde.com\/index.php\/wp-json\/wp\/v2\/types\/post"}],"author":[{"embeddable":true,"href":"https:\/\/corrientesdetarde.com\/index.php\/wp-json\/wp\/v2\/users\/4"}],"replies":[{"embeddable":true,"href":"https:\/\/corrientesdetarde.com\/index.php\/wp-json\/wp\/v2\/comments?post=102980"}],"version-history":[{"count":1,"href":"https:\/\/corrientesdetarde.com\/index.php\/wp-json\/wp\/v2\/posts\/102980\/revisions"}],"predecessor-version":[{"id":102982,"href":"https:\/\/corrientesdetarde.com\/index.php\/wp-json\/wp\/v2\/posts\/102980\/revisions\/102982"}],"wp:featuredmedia":[{"embeddable":true,"href":"https:\/\/corrientesdetarde.com\/index.php\/wp-json\/wp\/v2\/media\/102981"}],"wp:attachment":[{"href":"https:\/\/corrientesdetarde.com\/index.php\/wp-json\/wp\/v2\/media?parent=102980"}],"wp:term":[{"taxonomy":"category","embeddable":true,"href":"https:\/\/corrientesdetarde.com\/index.php\/wp-json\/wp\/v2\/categories?post=102980"},{"taxonomy":"post_tag","embeddable":true,"href":"https:\/\/corrientesdetarde.com\/index.php\/wp-json\/wp\/v2\/tags?post=102980"}],"curies":[{"name":"wp","href":"https:\/\/api.w.org\/{rel}","templated":true}]}}