{"id":102993,"date":"2023-11-17T00:37:35","date_gmt":"2023-11-17T03:37:35","guid":{"rendered":"https:\/\/corrientesdetarde.com\/?p=102993"},"modified":"2023-11-17T00:37:46","modified_gmt":"2023-11-17T03:37:46","slug":"cardozo-encabezo-la-apertura-de-la-jornada-de-la-semana-del-prematuro","status":"publish","type":"post","link":"https:\/\/corrientesdetarde.com\/index.php\/bienestar-y-salud\/cardozo-encabezo-la-apertura-de-la-jornada-de-la-semana-del-prematuro\/","title":{"rendered":"Cardozo encabez\u00f3 la apertura de la Jornada de la Semana del Prematuro"},"content":{"rendered":"\n<p><em>En la oportunidad, el ministro de Salud P\u00fablica reconoci\u00f3 el trabajo de los todos los profesionales de las maternidades de la Provincia, porque &#8220;se esmeran para mejorar los resultados y que la calidad de vida de nuestros pacientitos prematuros sea la mejor&#8221;.&nbsp;<\/em><\/p>\n\n\n\n<p>El ministro de Salud P\u00fablica de la Provincia, Ricardo Cardozo, encabez\u00f3 la Jornada de la Semana del Prematuro, una actividad que se llev\u00f3 a cabo en el Sal\u00f3n de Usos M\u00faltiples (SUM) del Hospital de Campa\u00f1a &#8220;Escuela Hogar&#8221;, organizado por el Servicio de Neonatolog\u00eda del Hospital Materno Neonatal &#8220;Elo\u00edsa Torrent de Vidal&#8221; de la ciudad de Corrientes. En la apertura de la Jornada, el titular de la mencionada cartera, reconoci\u00f3 &#8220;el trabajo de todos los servicios del Hospital Vidal y tambi\u00e9n, de todos los servicios materno neonatales de la Provincia, ya que se esmeran para mejorar los resultados y que la calidad de vida de nuestros pacientitos prematuros sea la mejor&#8221;.<\/p>\n\n\n\n<figure class=\"wp-block-image size-large\"><img loading=\"lazy\" decoding=\"async\" width=\"1024\" height=\"679\" src=\"https:\/\/corrientesdetarde.com\/wp-content\/uploads\/2023\/11\/Captura-de-pantalla-2023-11-17-003544-1024x679.png\" alt=\"\" class=\"wp-image-102996\" srcset=\"https:\/\/corrientesdetarde.com\/wp-content\/uploads\/2023\/11\/Captura-de-pantalla-2023-11-17-003544-1024x679.png 1024w, https:\/\/corrientesdetarde.com\/wp-content\/uploads\/2023\/11\/Captura-de-pantalla-2023-11-17-003544-300x199.png 300w, https:\/\/corrientesdetarde.com\/wp-content\/uploads\/2023\/11\/Captura-de-pantalla-2023-11-17-003544-768x510.png 768w, https:\/\/corrientesdetarde.com\/wp-content\/uploads\/2023\/11\/Captura-de-pantalla-2023-11-17-003544.png 1073w\" sizes=\"auto, (max-width: 1024px) 100vw, 1024px\" \/><\/figure>\n\n\n\n<p>En un p\u00e1rrafo aparte, el Ministro lament\u00f3 que &#8220;estamos viviendo una \u00e9poca de mucha crisis a nivel nacional&#8221;. No obstante, Cardozo remarc\u00f3: &#8220;Y, a pesar de eso, el recurso humano en salud es de fierro y sigue trabajando&#8221;, a lo que agreg\u00f3 que &#8220;estas capacitaciones ayudan a paliar un poco el d\u00e9ficit que tenemos por esa crisis nacional&#8221;&nbsp;e inst\u00f3 al personal y a los profesionales de salud a &#8220;seguir apostando por este tipo de capacitaciones&#8221;. Por su parte, la directora general de Salud Materno Infanto Juvenil,&nbsp;Adela Saade, dijo que &#8220;los que estamos ac\u00e1, tenemos el compromiso de tratar de mejorar nuestra calidad de atenci\u00f3n, tanto para las embarazadas, como para nuestros bebes prematuros y, en esta l\u00ednea, el personal del Hospital Materno Neonatal est\u00e1 sumamente comprometido con esto&#8221;.<\/p>\n\n\n\n<p>Explic\u00f3 que &#8220;la idea b\u00e1sica y fundamental de esta jornada era ver cu\u00e1les son las enfermedades que hoy por hoy nos afectan y por las cuales nos estamos preocupando y ocupando para as\u00ed seguir mejorando la calidad de atenci\u00f3n, y la sobrevida de nuestros pacientitos prematuros&#8221;.<\/p>\n\n\n\n<p>Por \u00faltimo, la directora del Hospital Materno Neonatal, Lilian M\u00e9ndez Gallino, indic\u00f3: &#8220;Es una tradici\u00f3n que en la Semana del Prematuro hagamos un encuentro cient\u00edfico para compartir experiencias y novedades, entre los que tenemos el privilegio y la responsabilidad de asistir y cuidar la preservaci\u00f3n de la especie humana&#8221;. &#8220;El conocimiento hace posible mejorar la calidad de vida mediante la atenci\u00f3n oportuna, tratamientos espec\u00edficos y la adquisici\u00f3n de h\u00e1bitos saludables&#8221;, agreg\u00f3.<\/p>\n\n\n\n<p>Vale recordar que el lema este a\u00f1o por la Semana del Prematuro es &#8220;Dame la oportunidad de crecer en sociedad&#8221;. A nivel mundial, desde el 2010,&nbsp;cada 17 de noviembre se conmemora el D\u00eda del Ni\u00f1o Nacido Prematuro. En este marco, en todas las maternidades de la Provincia se realizan actividades alusivas.<\/p>\n","protected":false},"excerpt":{"rendered":"<p>En la oportunidad, el ministro de Salud P\u00fablica reconoci\u00f3 el trabajo de los todos los profesionales de las maternidades de la Provincia, porque &#8220;se esmeran para mejorar los resultados y&hellip; <\/p>\n","protected":false},"author":4,"featured_media":102995,"comment_status":"closed","ping_status":"open","sticky":false,"template":"","format":"standard","meta":{"footnotes":""},"categories":[16],"tags":[],"class_list":["post-102993","post","type-post","status-publish","format-standard","has-post-thumbnail","hentry","category-bienestar-y-salud"],"_links":{"self":[{"href":"https:\/\/corrientesdetarde.com\/index.php\/wp-json\/wp\/v2\/posts\/102993","targetHints":{"allow":["GET"]}}],"collection":[{"href":"https:\/\/corrientesdetarde.com\/index.php\/wp-json\/wp\/v2\/posts"}],"about":[{"href":"https:\/\/corrientesdetarde.com\/index.php\/wp-json\/wp\/v2\/types\/post"}],"author":[{"embeddable":true,"href":"https:\/\/corrientesdetarde.com\/index.php\/wp-json\/wp\/v2\/users\/4"}],"replies":[{"embeddable":true,"href":"https:\/\/corrientesdetarde.com\/index.php\/wp-json\/wp\/v2\/comments?post=102993"}],"version-history":[{"count":1,"href":"https:\/\/corrientesdetarde.com\/index.php\/wp-json\/wp\/v2\/posts\/102993\/revisions"}],"predecessor-version":[{"id":102997,"href":"https:\/\/corrientesdetarde.com\/index.php\/wp-json\/wp\/v2\/posts\/102993\/revisions\/102997"}],"wp:featuredmedia":[{"embeddable":true,"href":"https:\/\/corrientesdetarde.com\/index.php\/wp-json\/wp\/v2\/media\/102995"}],"wp:attachment":[{"href":"https:\/\/corrientesdetarde.com\/index.php\/wp-json\/wp\/v2\/media?parent=102993"}],"wp:term":[{"taxonomy":"category","embeddable":true,"href":"https:\/\/corrientesdetarde.com\/index.php\/wp-json\/wp\/v2\/categories?post=102993"},{"taxonomy":"post_tag","embeddable":true,"href":"https:\/\/corrientesdetarde.com\/index.php\/wp-json\/wp\/v2\/tags?post=102993"}],"curies":[{"name":"wp","href":"https:\/\/api.w.org\/{rel}","templated":true}]}}