{"id":102998,"date":"2023-11-17T08:29:51","date_gmt":"2023-11-17T11:29:51","guid":{"rendered":"https:\/\/corrientesdetarde.com\/?p=102998"},"modified":"2023-11-17T08:46:36","modified_gmt":"2023-11-17T11:46:36","slug":"rige-la-veda-electoral-del-balotaje-2023-que-no-se-puede-hacer","status":"publish","type":"post","link":"https:\/\/corrientesdetarde.com\/index.php\/sociales\/rige-la-veda-electoral-del-balotaje-2023-que-no-se-puede-hacer\/","title":{"rendered":"Rige la veda electoral del balotaje 2023: qu\u00e9 no se puede hacer"},"content":{"rendered":"\n<p>El pr\u00f3ximo domingo&nbsp;<strong>19 de noviembre<\/strong>&nbsp;se celebrar\u00e1 la&nbsp;segunda vuelta electoral o balotaje 2023. En esta instancia, el diputado nacional y l\u00edder de La Libertad Avanza,&nbsp;<strong>Javier Milei<\/strong>, y el actual ministro de Econom\u00eda y postulante de Uni\u00f3n por la Patria,&nbsp;<strong>Sergio Massa<\/strong>, competir\u00e1n por la presidencia de la Naci\u00f3n.<\/p>\n\n\n\n<p>De acuerdo al&nbsp;<strong>C\u00f3digo Nacional Electoral<\/strong>,<strong>&nbsp;40 horas antes de la votaci\u00f3n comienza la veda electoral.<\/strong>&nbsp;Esta medida tiene como esp\u00edritu conceder un espacio de reflexi\u00f3n a los votantes en la antesala de su decisi\u00f3n, luego de haber escuchado durante un per\u00edodo de tiempo los proyectos que proponen todos los dirigentes que aspiran a ser electos en distintos cargos.<\/p>\n\n\n\n<h2 class=\"wp-block-heading\">Las prohibiciones de la veda electoral del balotaje 2023<\/h2>\n\n\n\n<p>El art\u00edculo 71 del C\u00f3digo Electoral Nacional establece las prohibiciones que rigen durante la veda electoral:<\/p>\n\n\n\n<ul class=\"wp-block-list\"><li>Realizar actos p\u00fablicos de proselitismo y publicar y difundir encuestas y sondeos preelectorales, desde 48 horas antes de la iniciaci\u00f3n del comicio y hasta el cierre del mismo.<\/li><li>Tener abiertas las casas destinadas al expendio de cualquier clase de bebidas alcoh\u00f3licas hasta transcurridas tres horas del cierre del comicio.<\/li><li><strong>Ofrecer o entregar a los electores boletas de sufragio dentro de un radio de 80 metros de las mesas receptores de votos,&nbsp;<\/strong>contados sobre la calzada, calle o camino.<\/li><li>Los espect\u00e1culos populares al aire libre o en recintos cerrados, fiestas teatrales, deportivas y de toda clase de reuniones p\u00fablicas que no se refieran al acto electoral, durante su desarrollo y hasta pasadas 3 horas de ser clausurado.<\/li><li><strong>Est\u00e1 prohibido vender bebidas alcoh\u00f3licas desde el s\u00e1bado a las 20 hasta el domingo a las 21.<\/strong><\/li><li>A los electores, la&nbsp;<strong>portaci\u00f3n de armas<\/strong>, el uso de banderas, divisas u otros distintivos durante el d\u00eda de la elecci\u00f3n, 12 horas antes y 3 horas despu\u00e9s de finalizada<\/li><li>La apertura de organismos partidarios dentro de un radio de ochenta (80) metros del lugar en que se instalen mesas receptoras, de votos.<\/li><li>Tambi\u00e9n&nbsp;<strong>est\u00e1 prohibida la difusi\u00f3n de publicidad electoral<\/strong>, televisiva, radial, en internet y en medios gr\u00e1ficos<\/li><li>Realizar actos p\u00fablicos de proselitismo y publicar y difundir encuestas y sondeos preelectorales, desde cuarenta y ocho horas antes de la iniciaci\u00f3n del comicio y hasta el cierre del mismo.<\/li><li>Publicar o difundir encuestas y proyecciones sobre el resultado de la elecci\u00f3n durante la realizaci\u00f3n del comicio y hasta tres horas despu\u00e9s de su cierre.<\/li><\/ul>\n\n\n\n<p><img loading=\"lazy\" decoding=\"async\" height=\"1080\" width=\"1920\" srcset=\"https:\/\/www.infobae.com\/new-resizer\/8eP3HOaGjLaYoVoZ79IKt9cL2cw=\/420x236\/filters:format(webp):quality(85)\/cloudfront-us-east-1.images.arcpublishing.com\/infobae\/E5DJBSJ57BGTXFIG5TKAZZOZCM.jpg 420w,https:\/\/www.infobae.com\/new-resizer\/VlIPPLtFhAjsOZ6HHWXEtR_zl70=\/768x432\/filters:format(webp):quality(85)\/cloudfront-us-east-1.images.arcpublishing.com\/infobae\/E5DJBSJ57BGTXFIG5TKAZZOZCM.jpg 768w,https:\/\/www.infobae.com\/new-resizer\/aqWEGqPwVvDkPcOtXPEz_YGAkyA=\/992x558\/filters:format(webp):quality(85)\/cloudfront-us-east-1.images.arcpublishing.com\/infobae\/E5DJBSJ57BGTXFIG5TKAZZOZCM.jpg 992w,https:\/\/www.infobae.com\/new-resizer\/tVByxnOak-TVgHOiMt4Zx-pBMQ0=\/1200x675\/filters:format(webp):quality(85)\/cloudfront-us-east-1.images.arcpublishing.com\/infobae\/E5DJBSJ57BGTXFIG5TKAZZOZCM.jpg 1200w,https:\/\/www.infobae.com\/new-resizer\/UfVcd4Hmiun4Zr4y0huDd92OHDI=\/1440x810\/filters:format(webp):quality(85)\/cloudfront-us-east-1.images.arcpublishing.com\/infobae\/E5DJBSJ57BGTXFIG5TKAZZOZCM.jpg 1440w\" src=\"https:\/\/www.infobae.com\/new-resizer\/8eP3HOaGjLaYoVoZ79IKt9cL2cw=\/420x236\/filters:format(webp):quality(85)\/cloudfront-us-east-1.images.arcpublishing.com\/infobae\/E5DJBSJ57BGTXFIG5TKAZZOZCM.jpg%20420w\" alt=\"Tanto Sergio Massa como Javier Milei ya no podr\u00e1n realizar actividades de campa\u00f1a desde el inicio de la veda electoral \"><\/p>\n\n\n\n<h2 class=\"wp-block-heading\">\u00bfQu\u00e9 pasa si se rompe la veda electoral?<\/h2>\n\n\n\n<p>Los electores pueden tener como sanci\u00f3n el pago de&nbsp;<strong>multas de entre $10 mil y $100.000&nbsp;<\/strong>por la emisi\u00f3n de publicidad electoral durante el silencio establecido.<a href=\"https:\/\/www.infobae.com\/politica\/2023\/11\/11\/donde-voto-en-la-pampa-en-el-balotaje-2023-consulta-el-padron-electoral\/\"><\/a><\/p>\n\n\n\n<p>Adem\u00e1s, aquellos que<strong>&nbsp;induzcan al voto o impulsen el ausentismo<\/strong>&nbsp;en estas&nbsp;<strong>Elecciones 2023&nbsp;<\/strong>pueden recibir&nbsp;<strong>una pena desde dos meses a dos a\u00f1os de prisi\u00f3n<\/strong>. Adem\u00e1s, los que violen&nbsp;<strong>el car\u00e1cter secreto del voto&nbsp;<\/strong>se enfrentan a posibles condenas de hasta&nbsp;<strong>tres a\u00f1os<\/strong>.<\/p>\n\n\n\n<p>El Tribunal Electoral o cualquiera de sus miembros tendr\u00e1 la atribuci\u00f3n de disponer el cierre transitorio de los locales que estuvieren en infracci\u00f3n a lo dispuesto precedentemente.<\/p>\n\n\n\n<h2 class=\"wp-block-heading\">\u00bfCu\u00e1ndo empieza y termina la prohibici\u00f3n de vender alcohol?<\/h2>\n\n\n\n<p>La veda electoral restringe la venta de bebidas alcoh\u00f3licas desde las<strong>&nbsp;12 horas anteriores<\/strong>&nbsp;al inicio de la elecci\u00f3n. Una vez cerrado los comicios, habr\u00e1 que esperar 3 horas para poder reiniciar su comercializaci\u00f3n.<\/p>\n\n\n\n<p>Por lo tanto, los consumidores no podr\u00e1n comprar estas bebidas&nbsp;<strong>desde las 20 horas del s\u00e1bado 18 de noviembre hasta las 21 horas del domingo<\/strong>.<\/p>\n\n\n\n<h2 class=\"wp-block-heading\">\u00bfQu\u00e9 se define en el balotaje 2023?<\/h2>\n\n\n\n<p>El domingo<strong>&nbsp;19 de noviembre&nbsp;<\/strong>se define qui\u00e9n ser\u00e1 el presidente y vicepresidente de la Naci\u00f3n por los pr\u00f3ximos cuatro a\u00f1os.<\/p>\n\n\n\n<p>En el caso de que se produzca un eventual empate en la segunda vuelta, es importante destacar que&nbsp;<strong>no existe una legislaci\u00f3n espec\u00edfica&nbsp;<\/strong>que aborde de manera directa este escenario particular. Aunque las encuestas sugieren una situaci\u00f3n de equilibrio entre los candidatos, la probabilidad de que ambos obtengan la misma cantidad de votos es baja, aunque no se puede descartar por completo.<\/p>\n\n\n\n<p>En principio, una vez transcurridas las&nbsp;<strong>48 horas posteriores a la jornada electoral<\/strong>, la Justicia Nacional Electoral proceder\u00eda a&nbsp;<strong>ordenar el escrutinio definitivo<\/strong>. El resultado final podr\u00eda sufrir modificaciones al incorporar los votos emitidos por residentes en el extranjero, las personas privadas de la libertad y las fuerzas de seguridad asignadas al comando electoral.<\/p>\n\n\n\n<p><img loading=\"lazy\" decoding=\"async\" height=\"658\" width=\"1170\" srcset=\"https:\/\/www.infobae.com\/new-resizer\/hA7jeyOmWP2mp8aFgj16YdC7L3M=\/420x236\/filters:format(webp):quality(85)\/arc-anglerfish-arc2-prod-infobae.s3.amazonaws.com\/public\/NR6M3S57PRCPFHF3OTOSIJYQCM 420w,https:\/\/www.infobae.com\/new-resizer\/B5GuekiEqPVcsmWsK95J-vE_UAM=\/768x432\/filters:format(webp):quality(85)\/arc-anglerfish-arc2-prod-infobae.s3.amazonaws.com\/public\/NR6M3S57PRCPFHF3OTOSIJYQCM 768w,https:\/\/www.infobae.com\/new-resizer\/8wShZGmWKnTaFcw7xDWOR4CF63M=\/992x558\/filters:format(webp):quality(85)\/arc-anglerfish-arc2-prod-infobae.s3.amazonaws.com\/public\/NR6M3S57PRCPFHF3OTOSIJYQCM 992w,https:\/\/www.infobae.com\/new-resizer\/ZBT3q91YHV7Dclv9ebNB-KxZyAI=\/1200x675\/filters:format(webp):quality(85)\/arc-anglerfish-arc2-prod-infobae.s3.amazonaws.com\/public\/NR6M3S57PRCPFHF3OTOSIJYQCM 1200w,https:\/\/www.infobae.com\/new-resizer\/6zGRy_WuhgaY-xHpi0damdeykm8=\/1440x810\/filters:format(webp):quality(85)\/arc-anglerfish-arc2-prod-infobae.s3.amazonaws.com\/public\/NR6M3S57PRCPFHF3OTOSIJYQCM 1440w\" src=\"https:\/\/www.infobae.com\/new-resizer\/hA7jeyOmWP2mp8aFgj16YdC7L3M=\/420x236\/filters:format(webp):quality(85)\/arc-anglerfish-arc2-prod-infobae.s3.amazonaws.com\/public\/NR6M3S57PRCPFHF3OTOSIJYQCM%20420w\" alt=\"Este domingo se define qui\u00e9n ocupar\u00e1 el cargo de Presidente y Vicepresidente de la Naci\u00f3n (Nicol\u00e1s Stulberg)\"><\/p>\n\n\n\n<h2 class=\"wp-block-heading\">\u00bfEs obligatorio votar en el balotaje 2023?<\/h2>\n\n\n\n<p>S\u00ed. En Argentina el voto es obligatorio y todas las personas que figuren en el padr\u00f3n electoral tienen la obligaci\u00f3n de votar.&nbsp;<strong>La&nbsp;Ley de Ciudadan\u00eda Argentina, la 26.674, establece: \u201cTodo elector tiene el deber de votar en la elecci\u00f3n nacional que se realice en su distrito<\/strong>\u201d. La legislaci\u00f3n indica que \u201cson electores los argentinos nativos y por opci\u00f3n, desde los 16 a\u00f1os de edad, y los argentinos naturalizados, desde los 18 a\u00f1os de edad\u201d que no est\u00e9n inhabilitados por ley a emitir el voto.<\/p>\n","protected":false},"excerpt":{"rendered":"<p>El pr\u00f3ximo domingo&nbsp;19 de noviembre&nbsp;se celebrar\u00e1 la&nbsp;segunda vuelta electoral o balotaje 2023. En esta instancia, el diputado nacional y l\u00edder de La Libertad Avanza,&nbsp;Javier Milei, y el actual ministro de&hellip; <\/p>\n","protected":false},"author":1,"featured_media":103012,"comment_status":"closed","ping_status":"open","sticky":false,"template":"","format":"standard","meta":{"footnotes":""},"categories":[26,17],"tags":[],"class_list":["post-102998","post","type-post","status-publish","format-standard","has-post-thumbnail","hentry","category-destacados","category-sociales"],"_links":{"self":[{"href":"https:\/\/corrientesdetarde.com\/index.php\/wp-json\/wp\/v2\/posts\/102998","targetHints":{"allow":["GET"]}}],"collection":[{"href":"https:\/\/corrientesdetarde.com\/index.php\/wp-json\/wp\/v2\/posts"}],"about":[{"href":"https:\/\/corrientesdetarde.com\/index.php\/wp-json\/wp\/v2\/types\/post"}],"author":[{"embeddable":true,"href":"https:\/\/corrientesdetarde.com\/index.php\/wp-json\/wp\/v2\/users\/1"}],"replies":[{"embeddable":true,"href":"https:\/\/corrientesdetarde.com\/index.php\/wp-json\/wp\/v2\/comments?post=102998"}],"version-history":[{"count":2,"href":"https:\/\/corrientesdetarde.com\/index.php\/wp-json\/wp\/v2\/posts\/102998\/revisions"}],"predecessor-version":[{"id":103018,"href":"https:\/\/corrientesdetarde.com\/index.php\/wp-json\/wp\/v2\/posts\/102998\/revisions\/103018"}],"wp:featuredmedia":[{"embeddable":true,"href":"https:\/\/corrientesdetarde.com\/index.php\/wp-json\/wp\/v2\/media\/103012"}],"wp:attachment":[{"href":"https:\/\/corrientesdetarde.com\/index.php\/wp-json\/wp\/v2\/media?parent=102998"}],"wp:term":[{"taxonomy":"category","embeddable":true,"href":"https:\/\/corrientesdetarde.com\/index.php\/wp-json\/wp\/v2\/categories?post=102998"},{"taxonomy":"post_tag","embeddable":true,"href":"https:\/\/corrientesdetarde.com\/index.php\/wp-json\/wp\/v2\/tags?post=102998"}],"curies":[{"name":"wp","href":"https:\/\/api.w.org\/{rel}","templated":true}]}}