{"id":103000,"date":"2023-11-17T08:20:33","date_gmt":"2023-11-17T11:20:33","guid":{"rendered":"https:\/\/corrientesdetarde.com\/?p=103000"},"modified":"2023-11-17T08:44:13","modified_gmt":"2023-11-17T11:44:13","slug":"video-ciclista-en-grave-estado-tras-ser-atropellado-por-un-automovilista-alcoholizado","status":"publish","type":"post","link":"https:\/\/corrientesdetarde.com\/index.php\/actualidad\/video-ciclista-en-grave-estado-tras-ser-atropellado-por-un-automovilista-alcoholizado\/","title":{"rendered":"video:\u00a0Ciclista en grave estado tras ser atropellado por un automovilista alcoholizado"},"content":{"rendered":"\n<p>Hoy alrededor de las 6:15 horas se produjo un grave siniestro vial en avenida Paysand\u00fa y Patagonia cuando el conductor de un Volkswagen Fox choc\u00f3 a otro autom\u00f3vil, atropell\u00f3 a un ciclista y termin\u00f3 sobre una vereda. El conductor, que era un joven, dio positivo en el test de alcoholemia con 1,75.<\/p>\n\n\n\n<p>El ciclista, un hombre de unos 76 a\u00f1os, result\u00f3 con una grave herida en la zona de la cabeza con p\u00e9rdida de sangre y debi\u00f3 ser traslado de urgencias al hospital. En tanto, seg\u00fan el relato de los testigos el conductor alcoholizado se mostr\u00f3 agresivo y debi\u00f3 intervenir personal policial.&nbsp;<\/p>\n\n\n\n<p>El conductor del otro veh\u00edculo afectado, relat\u00f3: &#8220;El muchacho cruz\u00f3 en rojo, me llev\u00f3 puesto, me llev\u00f3 puesto en la parte de la puerta, me rompi\u00f3 todo el auto. Sent\u00ed el impacto y vi al hombre de la bicicleta que le llev\u00f3 puesto y que le llev\u00f3 por delante. Fuerte, fuerte, ven\u00eda&#8221;.<\/p>\n\n\n\n<p>Asimismo dijo &#8220;estoy pidiendo las im\u00e1genes de las c\u00e1maras para ver el estado de que ven\u00eda el hombre&#8221;. Consultado sobre el estado del ciclista dijo &#8220;aparentemente estaba consciente, ped\u00eda que lo soplen, pero ten\u00eda la cabeza reventada. Tengo las fotos, los videos, todo, pero ped\u00eda que lo soplen&#8221;.<\/p>\n\n\n\n<p>&#8220;La verdad que pens\u00e9, en un primer momento, que lo mat\u00f3. En primer momento pens\u00e9 que lo mat\u00f3. Pero se mov\u00eda, intentaba, y ped\u00edan que lo soplen. Nadie le quer\u00eda tocar, por supuesto. Pero a veces intentaba dar vueltas, porque cay\u00f3 boca abajo. Y bueno, se llev\u00f3 en la peor parte. Lo m\u00e1s triste es el nivel de inconsciencia (del conductor alcoholizado) Aparte estaba agresivo. Le quer\u00eda pegar al personal policial, me quer\u00eda pegar a m\u00ed, no me saquen fotos, no me filmen&#8221;, describi\u00f3 el testigo.&nbsp;<\/p>\n\n\n\n<figure class=\"wp-block-embed is-type-video is-provider-youtube wp-block-embed-youtube wp-embed-aspect-16-9 wp-has-aspect-ratio\"><div class=\"wp-block-embed__wrapper\">\n<iframe loading=\"lazy\" title=\"Corrientes - Ciclista en grave estado tras ser atropellado por un automovilista alcoholizado\" width=\"1110\" height=\"624\" src=\"https:\/\/www.youtube.com\/embed\/jvSfLO4idfw?feature=oembed\" frameborder=\"0\" allow=\"accelerometer; autoplay; clipboard-write; encrypted-media; gyroscope; picture-in-picture; web-share\" allowfullscreen><\/iframe>\n<\/div><\/figure>\n","protected":false},"excerpt":{"rendered":"<p>Hoy alrededor de las 6:15 horas se produjo un grave siniestro vial en avenida Paysand\u00fa y Patagonia cuando el conductor de un Volkswagen Fox choc\u00f3 a otro autom\u00f3vil, atropell\u00f3 a&hellip; <\/p>\n","protected":false},"author":1,"featured_media":103004,"comment_status":"closed","ping_status":"open","sticky":false,"template":"","format":"standard","meta":{"footnotes":""},"categories":[23,33],"tags":[],"class_list":["post-103000","post","type-post","status-publish","format-standard","has-post-thumbnail","hentry","category-actualidad","category-policiales"],"_links":{"self":[{"href":"https:\/\/corrientesdetarde.com\/index.php\/wp-json\/wp\/v2\/posts\/103000","targetHints":{"allow":["GET"]}}],"collection":[{"href":"https:\/\/corrientesdetarde.com\/index.php\/wp-json\/wp\/v2\/posts"}],"about":[{"href":"https:\/\/corrientesdetarde.com\/index.php\/wp-json\/wp\/v2\/types\/post"}],"author":[{"embeddable":true,"href":"https:\/\/corrientesdetarde.com\/index.php\/wp-json\/wp\/v2\/users\/1"}],"replies":[{"embeddable":true,"href":"https:\/\/corrientesdetarde.com\/index.php\/wp-json\/wp\/v2\/comments?post=103000"}],"version-history":[{"count":3,"href":"https:\/\/corrientesdetarde.com\/index.php\/wp-json\/wp\/v2\/posts\/103000\/revisions"}],"predecessor-version":[{"id":103007,"href":"https:\/\/corrientesdetarde.com\/index.php\/wp-json\/wp\/v2\/posts\/103000\/revisions\/103007"}],"wp:featuredmedia":[{"embeddable":true,"href":"https:\/\/corrientesdetarde.com\/index.php\/wp-json\/wp\/v2\/media\/103004"}],"wp:attachment":[{"href":"https:\/\/corrientesdetarde.com\/index.php\/wp-json\/wp\/v2\/media?parent=103000"}],"wp:term":[{"taxonomy":"category","embeddable":true,"href":"https:\/\/corrientesdetarde.com\/index.php\/wp-json\/wp\/v2\/categories?post=103000"},{"taxonomy":"post_tag","embeddable":true,"href":"https:\/\/corrientesdetarde.com\/index.php\/wp-json\/wp\/v2\/tags?post=103000"}],"curies":[{"name":"wp","href":"https:\/\/api.w.org\/{rel}","templated":true}]}}