{"id":103001,"date":"2023-11-17T08:13:25","date_gmt":"2023-11-17T11:13:25","guid":{"rendered":"https:\/\/corrientesdetarde.com\/?p=103001"},"modified":"2023-11-17T08:13:55","modified_gmt":"2023-11-17T11:13:55","slug":"sospechan-que-un-menor-es-el-autor-del-crimen-de-un-joven-asesinado-de-punalada-en-el-pecho","status":"publish","type":"post","link":"https:\/\/corrientesdetarde.com\/index.php\/crimen-y-justicia\/sospechan-que-un-menor-es-el-autor-del-crimen-de-un-joven-asesinado-de-punalada-en-el-pecho\/","title":{"rendered":"Sospechan que un menor es el autor del crimen de un joven asesinado de pu\u00f1alada en el pecho"},"content":{"rendered":"\n<p><br>Su padre lo hall\u00f3 sobre un charco de agua y barro en el capitalino barrio Juan XXIII. Lo llev\u00f3 a la casa sin notar la herida. Muri\u00f3 rato despu\u00e9s en el hospital.<\/p>\n\n\n\n<p>Francisco Arriola, de 22 a\u00f1os, muri\u00f3 mientras era asistido en el Hospital Escuela. La lesi\u00f3n roz\u00f3 el coraz\u00f3n y provoc\u00f3 una hemorragia interna.<\/p>\n\n\n\n<p>Alrededor de las 2:15, polic\u00edas del Grupo de Intervenci\u00f3n R\u00e1pida fueron enviados a Pasaje Las Flores, entre Gato y Mancha y Hortensio Quijano, para corroborar sobre una persona tirada en la v\u00eda p\u00fablica.<\/p>\n\n\n\n<p>Al llegar, en el lugar estaba un hombre de 55 a\u00f1os quien se identific\u00f3 como el padre del muchacho que estaba semidesvanecido y completamente embarrado.<\/p>\n\n\n\n<p>El joven balbuceaba palabras poco entendibles. Entonces, su pap\u00e1 solicit\u00f3 a los efectivos el favor de llevarlos hacia su domicilio, ubicado en el barrio Santa Marta, a unas seis cuadras de distancia.<\/p>\n\n\n\n<figure class=\"wp-block-image\"><img decoding=\"async\" src=\"https:\/\/www.radiodos.com.ar\/content\/bucket\/8\/216098w770h432c.jpg.webp\" alt=\"\"\/><\/figure>\n\n\n\n<p>Pocos minutos despu\u00e9s, el hombre llam\u00f3 a la Polic\u00eda para decir que su hijo, a quien ba\u00f1\u00f3 suponiendo que solo estaba descompensado, presentaba una herida de arma blanca y estaba muriendo.<\/p>\n\n\n\n<p>Uniformados de la comisar\u00eda Duod\u00e9cima dieron inicio a un proceso investigativo de homicidio.<\/p>\n\n\n\n<p>Las pericias en el lugar del hallazgo del muchacho indican que no fue el escenario de la agresi\u00f3n. A su vez, esa hip\u00f3tesis fue reforzada con la declaraci\u00f3n de un vecino que vio al joven caminar tambaleante, aparentemente desde el asentamiento del barrio Patono, ubicado a cuadra y media.<\/p>\n\n\n\n<p>M\u00e1s tarde, la Polic\u00eda realiz\u00f3 el secuestro de la posible arma blanca que ser\u00eda similar a un &#8220;punz\u00f3n&#8221;. El objeto estaba en el suelo a algo m\u00e1s de 100 metros.<\/p>\n\n\n\n<p>La familia de la v\u00edctima acusar\u00eda como supuesto autor del homicidio a un adolescente de 15 a\u00f1os. El menor estuvo unas horas demorado y acompa\u00f1ado de sus padres. &#8220;No hay pruebas concretas de que haya sido el autor&#8221;, indic\u00f3 una de las fuentes consultadas. Igual, figura como &#8220;sospechoso&#8221;.<\/p>\n\n\n\n<p>Respecto al joven ultimado trascendi\u00f3 que tendr\u00eda varios &#8220;enemigos&#8221; y en los \u00faltimos d\u00edas protagoniz\u00f3 ri\u00f1as callejeras.<\/p>\n","protected":false},"excerpt":{"rendered":"<p>Su padre lo hall\u00f3 sobre un charco de agua y barro en el capitalino barrio Juan XXIII. Lo llev\u00f3 a la casa sin notar la herida. Muri\u00f3 rato despu\u00e9s en&hellip; <\/p>\n","protected":false},"author":1,"featured_media":63099,"comment_status":"closed","ping_status":"open","sticky":false,"template":"","format":"standard","meta":{"footnotes":""},"categories":[5],"tags":[],"class_list":["post-103001","post","type-post","status-publish","format-standard","has-post-thumbnail","hentry","category-crimen-y-justicia"],"_links":{"self":[{"href":"https:\/\/corrientesdetarde.com\/index.php\/wp-json\/wp\/v2\/posts\/103001","targetHints":{"allow":["GET"]}}],"collection":[{"href":"https:\/\/corrientesdetarde.com\/index.php\/wp-json\/wp\/v2\/posts"}],"about":[{"href":"https:\/\/corrientesdetarde.com\/index.php\/wp-json\/wp\/v2\/types\/post"}],"author":[{"embeddable":true,"href":"https:\/\/corrientesdetarde.com\/index.php\/wp-json\/wp\/v2\/users\/1"}],"replies":[{"embeddable":true,"href":"https:\/\/corrientesdetarde.com\/index.php\/wp-json\/wp\/v2\/comments?post=103001"}],"version-history":[{"count":2,"href":"https:\/\/corrientesdetarde.com\/index.php\/wp-json\/wp\/v2\/posts\/103001\/revisions"}],"predecessor-version":[{"id":103003,"href":"https:\/\/corrientesdetarde.com\/index.php\/wp-json\/wp\/v2\/posts\/103001\/revisions\/103003"}],"wp:featuredmedia":[{"embeddable":true,"href":"https:\/\/corrientesdetarde.com\/index.php\/wp-json\/wp\/v2\/media\/63099"}],"wp:attachment":[{"href":"https:\/\/corrientesdetarde.com\/index.php\/wp-json\/wp\/v2\/media?parent=103001"}],"wp:term":[{"taxonomy":"category","embeddable":true,"href":"https:\/\/corrientesdetarde.com\/index.php\/wp-json\/wp\/v2\/categories?post=103001"},{"taxonomy":"post_tag","embeddable":true,"href":"https:\/\/corrientesdetarde.com\/index.php\/wp-json\/wp\/v2\/tags?post=103001"}],"curies":[{"name":"wp","href":"https:\/\/api.w.org\/{rel}","templated":true}]}}