{"id":103105,"date":"2023-11-17T15:04:56","date_gmt":"2023-11-17T18:04:56","guid":{"rendered":"https:\/\/corrientesdetarde.com\/?p=103105"},"modified":"2023-11-17T15:05:08","modified_gmt":"2023-11-17T18:05:08","slug":"legislatura-provincial-gran-final-del-encuentro-ajedrez-educativo-por-jovenes-por-la-paz","status":"publish","type":"post","link":"https:\/\/corrientesdetarde.com\/index.php\/sociales\/legislatura-provincial-gran-final-del-encuentro-ajedrez-educativo-por-jovenes-por-la-paz\/","title":{"rendered":"Legislatura provincial: Gran Final del Encuentro Ajedrez Educativo por &#8220;J\u00f3venes por la Paz&#8221;."},"content":{"rendered":"\n<p><\/p>\n\n\n\n<p>Se disput\u00f3 este viernes en el Sal\u00f3n de los Pasos Perdidos de la Legislatura provincial, la Final del Torneo de Ajedrez Educativo \u201cJ\u00f3venes por la Paz\u201d en la que participaron los ocho mejores equipos de escuelas de la provincia.<\/p>\n\n\n\n<p>El encuentro fue organizado por el Ministerio de Educaci\u00f3n con la colaboraci\u00f3n del Programa Senado Joven y la Direcci\u00f3n de Relaciones Internacionales de la C\u00e1mara de Senadores de la Provincia.<\/p>\n\n\n\n<p>El podio del Encuentro de Ajedrez Educativo es el siguiente: 1\u00b0 Colegio Secundario &#8220;San Cayetano&#8221; (San Cayetano). Equipo conformado por Jonatan Piri, Irina Cardozo y Daiana Fern\u00e1ndez.<br>2\u00b0 Escuela T\u00e9cnica Pedro Ferre (Monte Caseros). Equipo formado por Guillermo Silva, Javier Silva Jorge G\u00f3mez.<br>3\u00b0 Colegio Secundario Cnel. Jose Armand (Riachuelo). Equipo formado por Nahiara Galeano, Nicolas Tofanelli y Leonidas Galeano.<\/p>\n\n\n\n<p>Asimsimo, del 4\u00b0 al 8\u00b0 puesto se ubicaron en el siguiente orden Colegio Gral. San Martin &#8220;A&#8221; (Capital), Colegio Gral. SAN Mart\u00edn &#8220;B&#8221; (Capital), Escuela Tecnica Pedro Ferre (sub-14) (Monte Caseros), Instituto Pbro. Demetrio Atama\u00f1uk (Monte Caseros) y Colegio Gral. San Martin &#8220;C&#8221; (Capital).<\/p>\n\n\n\n<p>Participaron de la entrega de premios junto al Vicegobernador, Pedro Braillard Poccard, el Ministro de Justicia, Buenaventura Duarte; el secretario de Gesti\u00f3n Educativa, Julio Nav\u00edas; el senador Di\u00f3genes Gonz\u00e1lez, la diputada Albana Rotela y la concejal Melisa Mecca.<\/p>\n\n\n\n<p>El Vicegobernador felicit\u00f3 a los ganadores y a todos los al\u00famina que participaron, y expres\u00f3 \u201capoyamos esta actividad desde el programa Senado Joven, en conjunto con el Ministerio de Educaci\u00f3n. Este torneo empez\u00f3 la semana pasada con chicos de toda la provincia y celebro el \u00e9xito del mismo porque es sumamente beneficioso en el desarrollo de la actividad cognitiva y de la inteligencia\u201d.<\/p>\n\n\n\n<p>En este marco se realiz\u00f3 una menci\u00f3n especial a la joven de la localidad de Riachuelo, Nahiara Galeano por su t\u00edtulo obtenido como &#8220;CAMPEONA NACIONAL DE AJEDREZ&#8221;, quien recibi\u00f3 una declaraci\u00f3n de inter\u00e9s del Honorable Senado.<\/p>\n\n\n\n<p>Asimismo el Profesor Lucio Mauri\u00f1o, Coordinador Provincial del Programa Ajedrez Educativo de la Direcci\u00f3n General de Educaci\u00f3n F\u00edsica del Ministerio de Educaci\u00f3n, destac\u00f3 esta jornada \u201ces la gran final del torneo de ajedrez escolar, con los mejores ocho equipos clasificados el viernes pasado en el Jockey Club, con m\u00e1s de 20 instituciones educativas\u201d.<\/p>\n\n\n\n<p>Explic\u00f3 adem\u00e1s que el torneo se design\u00f3 \u201cJ\u00f3venes por la Paz\u201d ya que el pasado viernes 10 de noviembre fue el d\u00eda mundial de la Ciencia para la Paz y el Desarrollo y este evento, de contenido educativo, deja un mensaje para bregar por la paz, de colaboraci\u00f3n y uni\u00f3n a trav\u00e9s de nuestras juventudes. Y el ajedrez propicia un momento de reflexi\u00f3n, pausa y favorece los procesos cognitivos que fortalecen el uso de estrategias y resoluci\u00f3n de problemas para que los chicos se encuentren y generen pensamientos profundos y duraderos\u201d.<\/p>\n\n\n\n<p>La primera etapa del Encuentro Provincial de Ajedrez Educativo se realiz\u00f3 el 10 de noviembre pasado en el Jockey Club de Corrientes con la participaci\u00f3n de j\u00f3venes del nivel secundario de 20 establecimientos de Capital, Goya, Monte Caseros y Concepci\u00f3n del Yaguaret\u00e9 Cor\u00e1. Las actividades tienen el acompa\u00f1amiento en cada escuela a trav\u00e9s del Programa Provincial de Ajedrez Educativo.<\/p>\n\n\n\n<div class=\"wp-block-group is-nowrap is-layout-flex wp-container-core-group-is-layout-ad2f72ca wp-block-group-is-layout-flex\">\n<figure class=\"wp-block-image size-large\"><img loading=\"lazy\" decoding=\"async\" width=\"1024\" height=\"683\" src=\"https:\/\/corrientesdetarde.com\/wp-content\/uploads\/2023\/11\/IMG-20231117-WA0011-1024x683.jpg\" alt=\"\" class=\"wp-image-103109\" srcset=\"https:\/\/corrientesdetarde.com\/wp-content\/uploads\/2023\/11\/IMG-20231117-WA0011-1024x683.jpg 1024w, https:\/\/corrientesdetarde.com\/wp-content\/uploads\/2023\/11\/IMG-20231117-WA0011-300x200.jpg 300w, https:\/\/corrientesdetarde.com\/wp-content\/uploads\/2023\/11\/IMG-20231117-WA0011-768x512.jpg 768w, https:\/\/corrientesdetarde.com\/wp-content\/uploads\/2023\/11\/IMG-20231117-WA0011-1536x1024.jpg 1536w, https:\/\/corrientesdetarde.com\/wp-content\/uploads\/2023\/11\/IMG-20231117-WA0011.jpg 1599w\" sizes=\"auto, (max-width: 1024px) 100vw, 1024px\" \/><\/figure>\n\n\n\n<figure class=\"wp-block-image size-large\"><img loading=\"lazy\" decoding=\"async\" width=\"1024\" height=\"683\" src=\"https:\/\/corrientesdetarde.com\/wp-content\/uploads\/2023\/11\/IMG-20231117-WA0012-1024x683.jpg\" alt=\"\" class=\"wp-image-103108\" srcset=\"https:\/\/corrientesdetarde.com\/wp-content\/uploads\/2023\/11\/IMG-20231117-WA0012-1024x683.jpg 1024w, https:\/\/corrientesdetarde.com\/wp-content\/uploads\/2023\/11\/IMG-20231117-WA0012-300x200.jpg 300w, https:\/\/corrientesdetarde.com\/wp-content\/uploads\/2023\/11\/IMG-20231117-WA0012-768x512.jpg 768w, https:\/\/corrientesdetarde.com\/wp-content\/uploads\/2023\/11\/IMG-20231117-WA0012-1536x1024.jpg 1536w, https:\/\/corrientesdetarde.com\/wp-content\/uploads\/2023\/11\/IMG-20231117-WA0012.jpg 1599w\" sizes=\"auto, (max-width: 1024px) 100vw, 1024px\" \/><\/figure>\n<\/div>\n\n\n\n<figure class=\"wp-block-gallery has-nested-images columns-default is-cropped wp-block-gallery-1 is-layout-flex wp-block-gallery-is-layout-flex\">\n<figure class=\"wp-block-image size-large\"><img loading=\"lazy\" decoding=\"async\" width=\"1024\" height=\"683\" data-id=\"103106\" src=\"https:\/\/corrientesdetarde.com\/wp-content\/uploads\/2023\/11\/IMG-20231117-WA0014-1024x683.jpg\" alt=\"\" class=\"wp-image-103106\" srcset=\"https:\/\/corrientesdetarde.com\/wp-content\/uploads\/2023\/11\/IMG-20231117-WA0014-1024x683.jpg 1024w, https:\/\/corrientesdetarde.com\/wp-content\/uploads\/2023\/11\/IMG-20231117-WA0014-300x200.jpg 300w, https:\/\/corrientesdetarde.com\/wp-content\/uploads\/2023\/11\/IMG-20231117-WA0014-768x512.jpg 768w, https:\/\/corrientesdetarde.com\/wp-content\/uploads\/2023\/11\/IMG-20231117-WA0014-1536x1024.jpg 1536w, https:\/\/corrientesdetarde.com\/wp-content\/uploads\/2023\/11\/IMG-20231117-WA0014.jpg 1599w\" sizes=\"auto, (max-width: 1024px) 100vw, 1024px\" \/><\/figure>\n\n\n\n<figure class=\"wp-block-image size-large\"><img loading=\"lazy\" decoding=\"async\" width=\"683\" height=\"1024\" data-id=\"103107\" src=\"https:\/\/corrientesdetarde.com\/wp-content\/uploads\/2023\/11\/IMG-20231117-WA0013-683x1024.jpg\" alt=\"\" class=\"wp-image-103107\" srcset=\"https:\/\/corrientesdetarde.com\/wp-content\/uploads\/2023\/11\/IMG-20231117-WA0013-683x1024.jpg 683w, https:\/\/corrientesdetarde.com\/wp-content\/uploads\/2023\/11\/IMG-20231117-WA0013-200x300.jpg 200w, https:\/\/corrientesdetarde.com\/wp-content\/uploads\/2023\/11\/IMG-20231117-WA0013-768x1152.jpg 768w, https:\/\/corrientesdetarde.com\/wp-content\/uploads\/2023\/11\/IMG-20231117-WA0013-1024x1536.jpg 1024w, https:\/\/corrientesdetarde.com\/wp-content\/uploads\/2023\/11\/IMG-20231117-WA0013.jpg 1066w\" sizes=\"auto, (max-width: 683px) 100vw, 683px\" \/><\/figure>\n<figcaption class=\"blocks-gallery-caption\"><br><\/figcaption><\/figure>\n","protected":false},"excerpt":{"rendered":"<p>Se disput\u00f3 este viernes en el Sal\u00f3n de los Pasos Perdidos de la Legislatura provincial, la Final del Torneo de Ajedrez Educativo \u201cJ\u00f3venes por la Paz\u201d en la que participaron&hellip; <\/p>\n","protected":false},"author":1,"featured_media":103110,"comment_status":"closed","ping_status":"open","sticky":false,"template":"","format":"standard","meta":{"footnotes":""},"categories":[17],"tags":[],"class_list":["post-103105","post","type-post","status-publish","format-standard","has-post-thumbnail","hentry","category-sociales"],"_links":{"self":[{"href":"https:\/\/corrientesdetarde.com\/index.php\/wp-json\/wp\/v2\/posts\/103105","targetHints":{"allow":["GET"]}}],"collection":[{"href":"https:\/\/corrientesdetarde.com\/index.php\/wp-json\/wp\/v2\/posts"}],"about":[{"href":"https:\/\/corrientesdetarde.com\/index.php\/wp-json\/wp\/v2\/types\/post"}],"author":[{"embeddable":true,"href":"https:\/\/corrientesdetarde.com\/index.php\/wp-json\/wp\/v2\/users\/1"}],"replies":[{"embeddable":true,"href":"https:\/\/corrientesdetarde.com\/index.php\/wp-json\/wp\/v2\/comments?post=103105"}],"version-history":[{"count":1,"href":"https:\/\/corrientesdetarde.com\/index.php\/wp-json\/wp\/v2\/posts\/103105\/revisions"}],"predecessor-version":[{"id":103111,"href":"https:\/\/corrientesdetarde.com\/index.php\/wp-json\/wp\/v2\/posts\/103105\/revisions\/103111"}],"wp:featuredmedia":[{"embeddable":true,"href":"https:\/\/corrientesdetarde.com\/index.php\/wp-json\/wp\/v2\/media\/103110"}],"wp:attachment":[{"href":"https:\/\/corrientesdetarde.com\/index.php\/wp-json\/wp\/v2\/media?parent=103105"}],"wp:term":[{"taxonomy":"category","embeddable":true,"href":"https:\/\/corrientesdetarde.com\/index.php\/wp-json\/wp\/v2\/categories?post=103105"},{"taxonomy":"post_tag","embeddable":true,"href":"https:\/\/corrientesdetarde.com\/index.php\/wp-json\/wp\/v2\/tags?post=103105"}],"curies":[{"name":"wp","href":"https:\/\/api.w.org\/{rel}","templated":true}]}}