{"id":10311,"date":"2022-10-11T13:45:06","date_gmt":"2022-10-11T16:45:06","guid":{"rendered":"https:\/\/corrientesdetarde.com\/?p=10311"},"modified":"2022-10-11T13:45:10","modified_gmt":"2022-10-11T16:45:10","slug":"massa-viaja-a-washington-para-participar-de-la-asamblea-del-fmi-y-el-banco-mundial","status":"publish","type":"post","link":"https:\/\/corrientesdetarde.com\/index.php\/economia\/massa-viaja-a-washington-para-participar-de-la-asamblea-del-fmi-y-el-banco-mundial\/","title":{"rendered":"Massa viaja a Washington para participar de la Asamblea del FMI y el Banco Mundial"},"content":{"rendered":"\n<p>Este viaje se realizar\u00e1 luego de que el FMI anunciara el 7 de octubre \u00faltimo que se complet\u00f3 la segunda revisi\u00f3n del Acuerdo de Facilidades Extendidas de 30 meses con la Argentina, lo que permitir\u00e1 un\u00a0&#8220;desembolso inmediato&#8221; de alrededor de US$ 3.800 millones.<\/p>\n\n\n\n<p>El ministro de Econom\u00eda, Sergio Massa, partir\u00e1 la noche de este martes rumbo a Washington, Estados Unidos, para participar de la Asamblea Anual conjunta del Fondo Monetario Internacional (FMI) y el Banco Mundial, luego de que el primero de los organismos anunciara el viernes la aprobaci\u00f3n de la segunda revisi\u00f3n del Acuerdo de Facilidades Extendidas (EFF).<\/p>\n\n\n\n<p>El titular del Palacio de Hacienda permanecer\u00e1 en la capital estadounidense del 12 del 14 de octubre.<\/p>\n\n\n\n<p>La agenda de trabajo incluye actividades en el marco del G20 como la reuni\u00f3n ministerial y un encuentro cerrado promovido por India, pa\u00eds que tendr\u00e1 la presidencia del Grupo el pr\u00f3ximo a\u00f1o.<\/p>\n\n\n\n<p>En el FMI y el BM, Massa tiene previsto participar de las reuniones del Comit\u00e9 Monetario y Financiero Internacional, as\u00ed como tambi\u00e9n de las actividades en el marco del Comit\u00e9 de Desarrollo.<\/p>\n\n\n\n<p>El ministro viajar\u00e1 acompa\u00f1ado por el secretario de Programaci\u00f3n Econ\u00f3mica, Gabriel Rubinstein, el asesor en temas internacionales Gustavo Mart\u00ednez Pandiani y el vocero Santiago Garc\u00eda V\u00e1zquez.<\/p>\n\n\n\n<figure class=\"wp-block-image\"><img decoding=\"async\" src=\"https:\/\/www.lt7noticias.com\/content\/bucket\/5\/34585w770h433c.jpg.webp\" alt=\"\"\/><figcaption>Paulo Guedes, ministro de Econom\u00eda de Brasil.<\/figcaption><\/figure>\n\n\n\n<p>En Washington, Massa mantendr\u00e1 encuentros con autoridades econ\u00f3micas de Am\u00e9rica del Sur y M\u00e9xico organizados por Ilan Goldfajn, director del Departamento del Hemisferio Occidental del FMI, as\u00ed como una sesi\u00f3n de trabajo bilateral con Gita Gopinath, subdirectora gerente del organismo multilateral de cr\u00e9dito.<\/p>\n\n\n\n<p>La agenda oficial tambi\u00e9n incluye reuniones bilaterales con Rogelio Ram\u00edrez de la O, secretario de Hacienda de M\u00e9xico; Nureddin Nebati, ministro de Finanzas de Turqu\u00eda; Nadia Calvi\u00f1o Santamar\u00eda, vicepresidenta de Gobierno y ministra de Asuntos Econ\u00f3micos de Espa\u00f1a; Pascal Saint-Amans, presidente del Comit\u00e9 Asuntos Fiscales de OCDE; Paulo Guedes, ministro de Econom\u00eda de Brasil; Paolo Gentiloni, comisario de Econom\u00eda de la Uni\u00f3n Europea, y con autoridades del Banco Europeo de Inversiones (BEI).<\/p>\n\n\n\n<p>Asimismo, Massa participar\u00e1 en el conversatorio de Ministros de Finanzas organizado por el Banco Interamericano de Desarrollo (BID) en el marco del 56\u00ba encuentro de la Red de Bancos Centrales y Ministerios de Finanzas de Am\u00e9rica Latina y el Caribe junto a Ram\u00edrez de la O, Mario Marcel (ministro de Hacienda de Chile), Jos\u00e9 Antonio Ocampo (ministro de Hacienda de Colombia) y Azucena Arbeleche (ministra de Econom\u00eda del Uruguay).<\/p>\n\n\n\n<p>Finalmente, tendr\u00e1 un encuentro de trabajo con representantes del Gobierno de Estados Unidos y con ejecutivos de empresas estadounidenses con negocios e inversiones productivas en la Argentina, organizado por el Atlantic Council, uno de los think tanks locales m\u00e1s influyentes a nivel global.<\/p>\n\n\n\n<p>El viaje de Massa se realizar\u00e1 luego de que el Directorio Ejecutivo del FMI anunciara el 7 de octubre \u00faltimo que se complet\u00f3 la segunda revisi\u00f3n del Acuerdo de Facilidades Extendidas de 30 meses con la Argentina, lo que permitir\u00e1 un &#8220;desembolso inmediato&#8221; de alrededor de US$ 3.800 millones.<\/p>\n","protected":false},"excerpt":{"rendered":"<p>Este viaje se realizar\u00e1 luego de que el FMI anunciara el 7 de octubre \u00faltimo que se complet\u00f3 la segunda revisi\u00f3n del Acuerdo de Facilidades Extendidas de 30 meses con&hellip; <\/p>\n","protected":false},"author":4,"featured_media":10313,"comment_status":"closed","ping_status":"open","sticky":false,"template":"","format":"standard","meta":{"footnotes":""},"categories":[20],"tags":[],"class_list":["post-10311","post","type-post","status-publish","format-standard","has-post-thumbnail","hentry","category-economia"],"_links":{"self":[{"href":"https:\/\/corrientesdetarde.com\/index.php\/wp-json\/wp\/v2\/posts\/10311","targetHints":{"allow":["GET"]}}],"collection":[{"href":"https:\/\/corrientesdetarde.com\/index.php\/wp-json\/wp\/v2\/posts"}],"about":[{"href":"https:\/\/corrientesdetarde.com\/index.php\/wp-json\/wp\/v2\/types\/post"}],"author":[{"embeddable":true,"href":"https:\/\/corrientesdetarde.com\/index.php\/wp-json\/wp\/v2\/users\/4"}],"replies":[{"embeddable":true,"href":"https:\/\/corrientesdetarde.com\/index.php\/wp-json\/wp\/v2\/comments?post=10311"}],"version-history":[{"count":1,"href":"https:\/\/corrientesdetarde.com\/index.php\/wp-json\/wp\/v2\/posts\/10311\/revisions"}],"predecessor-version":[{"id":10314,"href":"https:\/\/corrientesdetarde.com\/index.php\/wp-json\/wp\/v2\/posts\/10311\/revisions\/10314"}],"wp:featuredmedia":[{"embeddable":true,"href":"https:\/\/corrientesdetarde.com\/index.php\/wp-json\/wp\/v2\/media\/10313"}],"wp:attachment":[{"href":"https:\/\/corrientesdetarde.com\/index.php\/wp-json\/wp\/v2\/media?parent=10311"}],"wp:term":[{"taxonomy":"category","embeddable":true,"href":"https:\/\/corrientesdetarde.com\/index.php\/wp-json\/wp\/v2\/categories?post=10311"},{"taxonomy":"post_tag","embeddable":true,"href":"https:\/\/corrientesdetarde.com\/index.php\/wp-json\/wp\/v2\/tags?post=10311"}],"curies":[{"name":"wp","href":"https:\/\/api.w.org\/{rel}","templated":true}]}}