{"id":103112,"date":"2023-11-17T17:17:15","date_gmt":"2023-11-17T20:17:15","guid":{"rendered":"https:\/\/corrientesdetarde.com\/?p=103112"},"modified":"2023-11-17T17:17:27","modified_gmt":"2023-11-17T20:17:27","slug":"el-coprodis-dio-inicio-al-curso-de-lengua-de-senas-argentina-en-caa-cati","status":"publish","type":"post","link":"https:\/\/corrientesdetarde.com\/index.php\/informacion-general\/el-coprodis-dio-inicio-al-curso-de-lengua-de-senas-argentina-en-caa-cati\/","title":{"rendered":"El COPRODIS dio inicio al curso de Lengua de Se\u00f1as Argentina en Ca\u00e1 Cat\u00ed"},"content":{"rendered":"\n<p>El&nbsp;jueves 16, el Ministerio de Desarrollo Social de la Provincia, a trav\u00e9s del COPRODIS, comenz\u00f3 el curso de Lengua de Se\u00f1as Argentinas \u201cCreando Puentes Comunicativos\u201d en un trabajo articulado con la concejal, Mariel M\u00e9ndez. Asimismo, el curso&nbsp;continu\u00f3 el d\u00eda viernes 17 de noviembre con la&nbsp;participaci\u00f3n de 60 profesionales.<\/p>\n\n\n\n<p>La apertura fue presidida por la Directora del COPRODIS,&nbsp;Roxana Tannuri, acompa\u00f1ada del intendente, Jorge Meza;&nbsp;el viceintendente, Alejandro Sonza; y la concejal, Mariel M\u00e9ndez.<\/p>\n\n\n\n<p>El curso tendr\u00e1 una duraci\u00f3n de 6 encuentros y est\u00e1 a cargo de las int\u00e9rpretes Yamila Sclippa, Elizabeth Canteros y&nbsp;Fernando G\u00f3mez.<\/p>\n\n\n\n<figure class=\"wp-block-image size-large\"><img loading=\"lazy\" decoding=\"async\" width=\"1024\" height=\"770\" src=\"https:\/\/corrientesdetarde.com\/wp-content\/uploads\/2023\/11\/imagen-62064-1024x770.jpg\" alt=\"\" class=\"wp-image-103118\" srcset=\"https:\/\/corrientesdetarde.com\/wp-content\/uploads\/2023\/11\/imagen-62064-1024x770.jpg 1024w, https:\/\/corrientesdetarde.com\/wp-content\/uploads\/2023\/11\/imagen-62064-300x226.jpg 300w, https:\/\/corrientesdetarde.com\/wp-content\/uploads\/2023\/11\/imagen-62064-768x577.jpg 768w, https:\/\/corrientesdetarde.com\/wp-content\/uploads\/2023\/11\/imagen-62064.jpg 1080w\" sizes=\"auto, (max-width: 1024px) 100vw, 1024px\" \/><\/figure>\n\n\n\n<figure class=\"wp-block-image size-large\"><img loading=\"lazy\" decoding=\"async\" width=\"1024\" height=\"623\" src=\"https:\/\/corrientesdetarde.com\/wp-content\/uploads\/2023\/11\/imagen-62063-1024x623.jpg\" alt=\"\" class=\"wp-image-103119\" srcset=\"https:\/\/corrientesdetarde.com\/wp-content\/uploads\/2023\/11\/imagen-62063-1024x623.jpg 1024w, https:\/\/corrientesdetarde.com\/wp-content\/uploads\/2023\/11\/imagen-62063-300x183.jpg 300w, https:\/\/corrientesdetarde.com\/wp-content\/uploads\/2023\/11\/imagen-62063-768x467.jpg 768w, https:\/\/corrientesdetarde.com\/wp-content\/uploads\/2023\/11\/imagen-62063.jpg 1080w\" sizes=\"auto, (max-width: 1024px) 100vw, 1024px\" \/><\/figure>\n\n\n\n<figure class=\"wp-block-image size-large\"><img loading=\"lazy\" decoding=\"async\" width=\"1024\" height=\"562\" src=\"https:\/\/corrientesdetarde.com\/wp-content\/uploads\/2023\/11\/imagen-62062-1-1024x562.jpg\" alt=\"\" class=\"wp-image-103120\" srcset=\"https:\/\/corrientesdetarde.com\/wp-content\/uploads\/2023\/11\/imagen-62062-1-1024x562.jpg 1024w, https:\/\/corrientesdetarde.com\/wp-content\/uploads\/2023\/11\/imagen-62062-1-300x165.jpg 300w, https:\/\/corrientesdetarde.com\/wp-content\/uploads\/2023\/11\/imagen-62062-1-768x422.jpg 768w, https:\/\/corrientesdetarde.com\/wp-content\/uploads\/2023\/11\/imagen-62062-1.jpg 1080w\" sizes=\"auto, (max-width: 1024px) 100vw, 1024px\" \/><\/figure>\n","protected":false},"excerpt":{"rendered":"<p>El&nbsp;jueves 16, el Ministerio de Desarrollo Social de la Provincia, a trav\u00e9s del COPRODIS, comenz\u00f3 el curso de Lengua de Se\u00f1as Argentinas \u201cCreando Puentes Comunicativos\u201d en un trabajo articulado con&hellip; <\/p>\n","protected":false},"author":12,"featured_media":103121,"comment_status":"closed","ping_status":"open","sticky":false,"template":"","format":"standard","meta":{"footnotes":""},"categories":[1],"tags":[],"class_list":["post-103112","post","type-post","status-publish","format-standard","has-post-thumbnail","hentry","category-informacion-general"],"_links":{"self":[{"href":"https:\/\/corrientesdetarde.com\/index.php\/wp-json\/wp\/v2\/posts\/103112","targetHints":{"allow":["GET"]}}],"collection":[{"href":"https:\/\/corrientesdetarde.com\/index.php\/wp-json\/wp\/v2\/posts"}],"about":[{"href":"https:\/\/corrientesdetarde.com\/index.php\/wp-json\/wp\/v2\/types\/post"}],"author":[{"embeddable":true,"href":"https:\/\/corrientesdetarde.com\/index.php\/wp-json\/wp\/v2\/users\/12"}],"replies":[{"embeddable":true,"href":"https:\/\/corrientesdetarde.com\/index.php\/wp-json\/wp\/v2\/comments?post=103112"}],"version-history":[{"count":1,"href":"https:\/\/corrientesdetarde.com\/index.php\/wp-json\/wp\/v2\/posts\/103112\/revisions"}],"predecessor-version":[{"id":103122,"href":"https:\/\/corrientesdetarde.com\/index.php\/wp-json\/wp\/v2\/posts\/103112\/revisions\/103122"}],"wp:featuredmedia":[{"embeddable":true,"href":"https:\/\/corrientesdetarde.com\/index.php\/wp-json\/wp\/v2\/media\/103121"}],"wp:attachment":[{"href":"https:\/\/corrientesdetarde.com\/index.php\/wp-json\/wp\/v2\/media?parent=103112"}],"wp:term":[{"taxonomy":"category","embeddable":true,"href":"https:\/\/corrientesdetarde.com\/index.php\/wp-json\/wp\/v2\/categories?post=103112"},{"taxonomy":"post_tag","embeddable":true,"href":"https:\/\/corrientesdetarde.com\/index.php\/wp-json\/wp\/v2\/tags?post=103112"}],"curies":[{"name":"wp","href":"https:\/\/api.w.org\/{rel}","templated":true}]}}