{"id":103297,"date":"2023-11-18T17:42:42","date_gmt":"2023-11-18T20:42:42","guid":{"rendered":"https:\/\/corrientesdetarde.com\/?p=103297"},"modified":"2023-11-18T17:42:54","modified_gmt":"2023-11-18T20:42:54","slug":"una-fan-de-taylor-swift-murio-por-el-calor-durante-el-primer-show-en-brasil","status":"publish","type":"post","link":"https:\/\/corrientesdetarde.com\/index.php\/internacionales\/una-fan-de-taylor-swift-murio-por-el-calor-durante-el-primer-show-en-brasil\/","title":{"rendered":"Una fan de Taylor Swift muri\u00f3 por el calor durante el primer show en Brasil"},"content":{"rendered":"\n<p>Una espectadora de\u00a0<strong>23 a\u00f1os<\/strong>\u00a0muri\u00f3 anoche de\u00a0<strong>un paro card\u00edaco provocado por la deshidrataci\u00f3n y el alto calor<\/strong>\u00a0durante el recital que la cantante estadounidense\u00a0<strong>Taylor Swift<\/strong>\u00a0ofreci\u00f3 en\u00a0<strong>R\u00edo de Janeiro<\/strong>, su primera escala de la gira por\u00a0<strong>Brasil<\/strong>, se inform\u00f3 oficialmente.<\/p>\n\n\n\n<p><strong>Ana Clara Benevides<\/strong>, estudiante de psicolog\u00eda de&nbsp;<strong>Mato Grosso do Sul<\/strong>, se descompuso&nbsp;<strong>a causa del calor<\/strong>&nbsp;despu\u00e9s de haber pasado varias horas frente a las vallas divisorias que separan el campo de juego del estadio&nbsp;<strong>Engenh\u00e3o Nilton Santos<\/strong>, en una jornada de&nbsp;<strong>39 grados<\/strong>&nbsp;y una sensaci\u00f3n t\u00e9rmica en el barrio de Meier, zona norte de R\u00edo, que lleg\u00f3 a los&nbsp;<strong>60 grados<\/strong>, en el marco de una ola de calor extremo que se registra en Brasil.<\/p>\n\n\n\n<p>El ministro de Justicia,&nbsp;<strong>Fl\u00e1vio Dino<\/strong>, anunci\u00f3 hoy la apertura de una investigaci\u00f3n contra la&nbsp;<strong>empresa T4f<\/strong>, productora del evento, debido a que&nbsp;<strong>se les prohibi\u00f3 al p\u00fablico ingresar con botellas de agua al show pese al calor extremo<\/strong>&nbsp;que puso en alerta a 14 estados del pa\u00eds.<\/p>\n\n\n\n<p>En tanto, la empresa T4f confirm\u00f3 la muerte en un comunicado indicando que Benevides fue asistida por los param\u00e9dicos y luego llevada al Hospital Salgado Filho, donde falleci\u00f3.<\/p>\n\n\n\n<h2 class=\"wp-block-heading\">El mensaje de Taylor Swift por la muerte de una fan<\/h2>\n\n\n\n<p>Asimismo, la cantante confirm\u00f3 la muerte de una seguidora por las redes sociales.<\/p>\n\n\n\n<p><strong>&#8220;No puedo creer que estoy escribiendo estas palabras, pero con el coraz\u00f3n partido les digo que perdimos una fan esta noche&#8221;<\/strong>, afirm\u00f3 la cantante en un texto escrito a mano publicado en sus redes sociales.<\/p>\n\n\n\n<p>En otro fragmento del mensaje, Swift remarc\u00f3:&nbsp;<strong>&#8220;Me siento abrumada por el dolor\u201d<\/strong>&nbsp;y no dud\u00f3 en solidarizarse con el entorno de la joven.<\/p>\n\n\n\n<p>Seg\u00fan la cadena Globo, m\u00e1s de 1.000 personas sufrieron desmayos y debieron ser atendidas y antes y durante el show a ra\u00edz del calor y deshidrataci\u00f3n.<\/p>\n","protected":false},"excerpt":{"rendered":"<p>Una espectadora de\u00a023 a\u00f1os\u00a0muri\u00f3 anoche de\u00a0un paro card\u00edaco provocado por la deshidrataci\u00f3n y el alto calor\u00a0durante el recital que la cantante estadounidense\u00a0Taylor Swift\u00a0ofreci\u00f3 en\u00a0R\u00edo de Janeiro, su primera escala de&hellip; <\/p>\n","protected":false},"author":12,"featured_media":103304,"comment_status":"closed","ping_status":"open","sticky":false,"template":"","format":"standard","meta":{"footnotes":""},"categories":[11],"tags":[],"class_list":["post-103297","post","type-post","status-publish","format-standard","has-post-thumbnail","hentry","category-internacionales"],"_links":{"self":[{"href":"https:\/\/corrientesdetarde.com\/index.php\/wp-json\/wp\/v2\/posts\/103297","targetHints":{"allow":["GET"]}}],"collection":[{"href":"https:\/\/corrientesdetarde.com\/index.php\/wp-json\/wp\/v2\/posts"}],"about":[{"href":"https:\/\/corrientesdetarde.com\/index.php\/wp-json\/wp\/v2\/types\/post"}],"author":[{"embeddable":true,"href":"https:\/\/corrientesdetarde.com\/index.php\/wp-json\/wp\/v2\/users\/12"}],"replies":[{"embeddable":true,"href":"https:\/\/corrientesdetarde.com\/index.php\/wp-json\/wp\/v2\/comments?post=103297"}],"version-history":[{"count":1,"href":"https:\/\/corrientesdetarde.com\/index.php\/wp-json\/wp\/v2\/posts\/103297\/revisions"}],"predecessor-version":[{"id":103305,"href":"https:\/\/corrientesdetarde.com\/index.php\/wp-json\/wp\/v2\/posts\/103297\/revisions\/103305"}],"wp:featuredmedia":[{"embeddable":true,"href":"https:\/\/corrientesdetarde.com\/index.php\/wp-json\/wp\/v2\/media\/103304"}],"wp:attachment":[{"href":"https:\/\/corrientesdetarde.com\/index.php\/wp-json\/wp\/v2\/media?parent=103297"}],"wp:term":[{"taxonomy":"category","embeddable":true,"href":"https:\/\/corrientesdetarde.com\/index.php\/wp-json\/wp\/v2\/categories?post=103297"},{"taxonomy":"post_tag","embeddable":true,"href":"https:\/\/corrientesdetarde.com\/index.php\/wp-json\/wp\/v2\/tags?post=103297"}],"curies":[{"name":"wp","href":"https:\/\/api.w.org\/{rel}","templated":true}]}}