{"id":103308,"date":"2023-11-18T17:56:10","date_gmt":"2023-11-18T20:56:10","guid":{"rendered":"https:\/\/corrientesdetarde.com\/?p=103308"},"modified":"2023-11-18T17:56:21","modified_gmt":"2023-11-18T20:56:21","slug":"despues-del-balotaje-2023-es-feriado-el-lunes-20-de-noviembre","status":"publish","type":"post","link":"https:\/\/corrientesdetarde.com\/index.php\/sociales\/despues-del-balotaje-2023-es-feriado-el-lunes-20-de-noviembre\/","title":{"rendered":"Despu\u00e9s del balotaje 2023, \u00bfes feriado el lunes 20 de noviembre?"},"content":{"rendered":"\n<p>Este\u00a0<strong>domingo 19 de noviembre se realizar\u00e1n<\/strong>\u00a0el balotaje entre\u00a0<strong>Sergio Massa<\/strong>\u00a0y\u00a0<strong>Javier Milei<\/strong>, para definir cu\u00e1l de los dos ser\u00e1 el presidente de Argentina. Y en ese sentido, la pregunta de muchos es si efectivamente\u00a0<strong>es feriado o no el lunes 20 de noviembre<\/strong>, el d\u00eda siguiente a la votaci\u00f3n.<\/p>\n\n\n\n<h2 class=\"wp-block-heading\"><strong>Balotaje 2023: \u00bfEs feriado el lunes 20 de noviembre?<\/strong><\/h2>\n\n\n\n<p>El\u00a0<strong>lunes 20 de noviembre es feriado por el \u201cD\u00eda de la Soberan\u00eda Nacional\u201d<\/strong>. Es un feriado trasladable, pero la\u00a0C\u00e1mara Nacional Electoral\u00a0estableci\u00f3 que no se mueva este a\u00f1o.<\/p>\n\n\n\n<figure class=\"wp-block-image\"><img decoding=\"async\" src=\"https:\/\/tn.com.ar\/resizer\/-WMLyPYacL10Mw4TUDqSKhX6nj4=\/767x0\/smart\/filters:format(webp)\/cloudfront-us-east-1.images.arcpublishing.com\/artear\/KXNXPLPGWJGTLKVJEBEMC2FQIA.jpg\" alt=\"El feriado del lunes 20 despu\u00e9s del balotaje no se modifica. \"\/><figcaption>El feriado del lunes 20 despu\u00e9s del balotaje no se modifica.<\/figcaption><\/figure>\n\n\n\n<h2 class=\"wp-block-heading\">Por qu\u00e9 se celebra el D\u00eda de la Soberan\u00eda Nacional el 20 de noviembre<\/h2>\n\n\n\n<p>El&nbsp;<strong>D\u00eda de la Soberan\u00eda Nacional es en conmemoraci\u00f3n de la Batalla de la Vuelta de Obligado de 1845<\/strong>, cuando los&nbsp;<strong>soldados argentinos expulsaron al ej\u00e9rcito anglo-franc\u00e9s<\/strong>&nbsp;que buscaba conquistar el territorio nacional.<\/p>\n\n\n\n<h2 class=\"wp-block-heading\">Cu\u00e1les son los pr\u00f3ximos feriados en Argentina, antes de A\u00f1o Nuevo<\/h2>\n\n\n\n<ul class=\"wp-block-list\"><li>El<strong>&nbsp;8 de diciembre<\/strong>&nbsp;ser\u00e1 feriado con el d\u00eda de la&nbsp;<strong>Inmaculada Concepci\u00f3n de Mar\u00eda<\/strong>.<\/li><li>El&nbsp;<strong>25 de diciembre<\/strong>&nbsp;ser\u00e1 feriado por&nbsp;<strong>Navidad<\/strong>.<\/li><li><strong>Ambos son feriados inamovibles.<\/strong><\/li><\/ul>\n\n\n\n<h2 class=\"wp-block-heading\">Qu\u00e9 significa feriado inamovible<\/h2>\n\n\n\n<p>Son los que caen en una fecha exacta, y no se los puede reprogramar. Como el caso de Navidad.<\/p>\n\n\n\n<h2 class=\"wp-block-heading\">Qu\u00e9 significa feriado trasladable<\/h2>\n\n\n\n<p>Seg\u00fan el art\u00edculo 6 de la Ley Nacional 27.399, los feriados nacionales cuyas fechas coincidan con los d\u00edas martes y mi\u00e9rcoles ser\u00e1n trasladados al d\u00eda lunes anterior. Los que coincidan con los d\u00edas jueves y viernes ser\u00e1n trasladados al d\u00eda lunes siguiente.<\/p>\n","protected":false},"excerpt":{"rendered":"<p>Este\u00a0domingo 19 de noviembre se realizar\u00e1n\u00a0el balotaje entre\u00a0Sergio Massa\u00a0y\u00a0Javier Milei, para definir cu\u00e1l de los dos ser\u00e1 el presidente de Argentina. Y en ese sentido, la pregunta de muchos es&hellip; <\/p>\n","protected":false},"author":12,"featured_media":103309,"comment_status":"closed","ping_status":"open","sticky":false,"template":"","format":"standard","meta":{"footnotes":""},"categories":[17],"tags":[],"class_list":["post-103308","post","type-post","status-publish","format-standard","has-post-thumbnail","hentry","category-sociales"],"_links":{"self":[{"href":"https:\/\/corrientesdetarde.com\/index.php\/wp-json\/wp\/v2\/posts\/103308","targetHints":{"allow":["GET"]}}],"collection":[{"href":"https:\/\/corrientesdetarde.com\/index.php\/wp-json\/wp\/v2\/posts"}],"about":[{"href":"https:\/\/corrientesdetarde.com\/index.php\/wp-json\/wp\/v2\/types\/post"}],"author":[{"embeddable":true,"href":"https:\/\/corrientesdetarde.com\/index.php\/wp-json\/wp\/v2\/users\/12"}],"replies":[{"embeddable":true,"href":"https:\/\/corrientesdetarde.com\/index.php\/wp-json\/wp\/v2\/comments?post=103308"}],"version-history":[{"count":1,"href":"https:\/\/corrientesdetarde.com\/index.php\/wp-json\/wp\/v2\/posts\/103308\/revisions"}],"predecessor-version":[{"id":103310,"href":"https:\/\/corrientesdetarde.com\/index.php\/wp-json\/wp\/v2\/posts\/103308\/revisions\/103310"}],"wp:featuredmedia":[{"embeddable":true,"href":"https:\/\/corrientesdetarde.com\/index.php\/wp-json\/wp\/v2\/media\/103309"}],"wp:attachment":[{"href":"https:\/\/corrientesdetarde.com\/index.php\/wp-json\/wp\/v2\/media?parent=103308"}],"wp:term":[{"taxonomy":"category","embeddable":true,"href":"https:\/\/corrientesdetarde.com\/index.php\/wp-json\/wp\/v2\/categories?post=103308"},{"taxonomy":"post_tag","embeddable":true,"href":"https:\/\/corrientesdetarde.com\/index.php\/wp-json\/wp\/v2\/tags?post=103308"}],"curies":[{"name":"wp","href":"https:\/\/api.w.org\/{rel}","templated":true}]}}