{"id":103317,"date":"2023-11-18T19:21:37","date_gmt":"2023-11-18T22:21:37","guid":{"rendered":"https:\/\/corrientesdetarde.com\/?p=103317"},"modified":"2023-11-18T19:21:49","modified_gmt":"2023-11-18T22:21:49","slug":"pedro-sanchez-y-su-polemica-reeleccion-alianzas-y-concesiones-en-el-gobierno-de-espana","status":"publish","type":"post","link":"https:\/\/corrientesdetarde.com\/index.php\/internacionales\/pedro-sanchez-y-su-polemica-reeleccion-alianzas-y-concesiones-en-el-gobierno-de-espana\/","title":{"rendered":"Pedro S\u00e1nchez y su pol\u00e9mica reelecci\u00f3n: alianzas y concesiones en el Gobierno de Espa\u00f1a"},"content":{"rendered":"\n<p>En este pa\u00eds, el sistema es parlamentario y el Presidente es elegido por los diputados, para lo cual es necesario que su investidura sea votada por mayor\u00eda en el Congreso.<\/p>\n\n\n\n<p>En las elecciones, el partido de S\u00e1nchez (PSOE) ni siquiera hab\u00eda ganado. El que sali\u00f3 en primer lugar fue el Partido Popular, que no pudo armar un bloque de aliados para tener mayor\u00eda en el Congreso y quedarse con el gobierno, por lo cual le correspondi\u00f3 el turno a S\u00e1nchez, que s\u00ed logr\u00f3 la mayor\u00eda. Hasta aqu\u00ed, la formalidad.<\/p>\n\n\n\n<h2 class=\"wp-block-heading\">La mayor\u00eda &#8216;Frankenstein&#8217;<\/h2>\n\n\n\n<p>El tema es que la mayor\u00eda que logr\u00f3 S\u00e1nchez es una especie de &#8216;Frankenstein pol\u00edtico&#8217; que incluye partidos de izquierda como el PSOE y SUMAR, pero tambi\u00e9n consigui\u00f3 el apoyo de partidos nacionalistas como los nacionalistas vascos (PNV), los gallegos, los canarios y los independentistas catalanes.<\/p>\n\n\n\n<h2 class=\"wp-block-heading\">Controversias y acusaciones<\/h2>\n\n\n\n<p>Tambi\u00e9n del partido que representa la vertiente pol\u00edtica de la extinta organizaci\u00f3n terrorista ETA (BILDU) y varios partidos nacionalistas locales. M\u00e1s all\u00e1 de la legalidad, el proceso estuvo te\u00f1ido de enojos y acusaciones graves hacia S\u00e1nchez por las concesiones que hizo con cada grupo para obtener el apoyo o por aceptar el apoyo de aquellos que reivindican a ETA, que mat\u00f3 a mucha gente en Espa\u00f1a.<\/p>\n\n\n\n<h2 class=\"wp-block-heading\">Acuerdo con Junts de Catalu\u00f1a<\/h2>\n\n\n\n<p>La mayor\u00eda de las concesiones son presupuestarias o de condonaci\u00f3n de deudas (en el caso de Catalu\u00f1a). Pero lo que desat\u00f3 todo tipo de discusiones (por acusaciones de inconstitucionalidad) y muchas manifestaciones en contra fue el acuerdo con el partido Junts de Catalu\u00f1a.<\/p>\n\n\n\n<h2 class=\"wp-block-heading\">El Caso Puigdemont&nbsp;<\/h2>\n\n\n\n<p>&#8220;En este caso, el acuerdo es una amnist\u00eda para muchos pol\u00edticos que estuvieron detr\u00e1s del proceso que culmin\u00f3 con una fallida declaraci\u00f3n de independencia por parte del ex Presidente de la Generalitat de Catalu\u00f1a, Carles Puigdemont, que desde ese momento vive en B\u00e9lgica tras haberse fugado de Espa\u00f1a en el ba\u00fal de un auto. En resumen: S\u00e1nchez fue a pedirle los votos e hizo un acuerdo con gente que cometi\u00f3 delitos y est\u00e1 perseguida por la justicia espa\u00f1ola y, lo que es m\u00e1s grave, el compromiso de pago por esos siete votos es una amnist\u00eda que libera a todos los implicados de las condenas que les correspond\u00edan.<\/p>\n\n\n\n<h2 class=\"wp-block-heading\">Un mandato bajo cr\u00edtica<\/h2>\n\n\n\n<p>Para dar una idea de la situaci\u00f3n: el pr\u00f3fugo Puigdemont ten\u00eda un procesamiento confirmado por el Tribunal Supremo por los delitos de malversaci\u00f3n agravada y desobediencia. Son much\u00edsimos los pol\u00edticos y militantes que ten\u00edan condenas firmes y procesos que ahora quedar\u00e1n limpios. Esta investidura empez\u00f3 de manera muy problem\u00e1tica. S\u00e1nchez consigui\u00f3 su objetivo, pero a un costo alt\u00edsimo. Algunas encuestas publicadas en estos d\u00edas indican que m\u00e1s del 70 por ciento de los espa\u00f1oles est\u00e1n en contra de la amnist\u00eda.<\/p>\n\n\n\n<h2 class=\"wp-block-heading\">Desaf\u00edos futuros: Gobernar bajo presi\u00f3n<\/h2>\n\n\n\n<p>Ese enojo se ve en innumerables manifestaciones en contra que se est\u00e1n desarrollando en toda Espa\u00f1a. Asimismo, muchos juristas dicen que esta amnist\u00eda no es constitucional y, seguramente, habr\u00e1 muchos recursos en tribunales en contra de la misma, ya que muchos creen que hay un quiebre en el estado de derecho porque el tipo de ley que se planea para dictar la amnist\u00eda podr\u00eda implicar que el poder legislativo se inmiscuye en cuestiones que corresponden al poder judicial. S\u00e1nchez deber\u00e1 pasar los pr\u00f3ximos cuatro a\u00f1os gobernando bajo la extorsi\u00f3n de partidos que tienen una visi\u00f3n anti-espa\u00f1ola y muchos analistas creen que la amnist\u00eda es una humillaci\u00f3n para S\u00e1nchez (muchos de su propio partido est\u00e1n enojados), pero que esta es solo la primera de las concesiones vergonzosas que deber\u00e1 hacer.<\/p>\n\n\n\n<h2 class=\"wp-block-heading\">Consecuencias econ\u00f3micas y pol\u00edticas<\/h2>\n\n\n\n<p>Se ha abierto una brecha enorme entre los ciudadanos que creen que hay un atropello al principio de igualdad ante la ley. El gran problema de la pol\u00edtica sembrando inseguridad jur\u00eddica es que estas cuestiones adquieren repercusi\u00f3n negativa internacional y pueden afectar el flujo de inversiones y la normalidad econ\u00f3mica. Ya hay muchos gestores de banca privada y empresarios que est\u00e1n advirtiendo de los riesgos ante el enrarecimiento del clima pol\u00edtico. S\u00e1nchez tiene una ambici\u00f3n de poder desmedida y este modo de conseguir los votos para la investidura puede ocasionar da\u00f1os colaterales a la econom\u00eda.<\/p>\n","protected":false},"excerpt":{"rendered":"<p>En este pa\u00eds, el sistema es parlamentario y el Presidente es elegido por los diputados, para lo cual es necesario que su investidura sea votada por mayor\u00eda en el Congreso.&hellip; <\/p>\n","protected":false},"author":4,"featured_media":103339,"comment_status":"closed","ping_status":"open","sticky":false,"template":"","format":"standard","meta":{"footnotes":""},"categories":[11],"tags":[],"class_list":["post-103317","post","type-post","status-publish","format-standard","has-post-thumbnail","hentry","category-internacionales"],"_links":{"self":[{"href":"https:\/\/corrientesdetarde.com\/index.php\/wp-json\/wp\/v2\/posts\/103317","targetHints":{"allow":["GET"]}}],"collection":[{"href":"https:\/\/corrientesdetarde.com\/index.php\/wp-json\/wp\/v2\/posts"}],"about":[{"href":"https:\/\/corrientesdetarde.com\/index.php\/wp-json\/wp\/v2\/types\/post"}],"author":[{"embeddable":true,"href":"https:\/\/corrientesdetarde.com\/index.php\/wp-json\/wp\/v2\/users\/4"}],"replies":[{"embeddable":true,"href":"https:\/\/corrientesdetarde.com\/index.php\/wp-json\/wp\/v2\/comments?post=103317"}],"version-history":[{"count":1,"href":"https:\/\/corrientesdetarde.com\/index.php\/wp-json\/wp\/v2\/posts\/103317\/revisions"}],"predecessor-version":[{"id":103340,"href":"https:\/\/corrientesdetarde.com\/index.php\/wp-json\/wp\/v2\/posts\/103317\/revisions\/103340"}],"wp:featuredmedia":[{"embeddable":true,"href":"https:\/\/corrientesdetarde.com\/index.php\/wp-json\/wp\/v2\/media\/103339"}],"wp:attachment":[{"href":"https:\/\/corrientesdetarde.com\/index.php\/wp-json\/wp\/v2\/media?parent=103317"}],"wp:term":[{"taxonomy":"category","embeddable":true,"href":"https:\/\/corrientesdetarde.com\/index.php\/wp-json\/wp\/v2\/categories?post=103317"},{"taxonomy":"post_tag","embeddable":true,"href":"https:\/\/corrientesdetarde.com\/index.php\/wp-json\/wp\/v2\/tags?post=103317"}],"curies":[{"name":"wp","href":"https:\/\/api.w.org\/{rel}","templated":true}]}}