{"id":103319,"date":"2023-11-18T18:34:27","date_gmt":"2023-11-18T21:34:27","guid":{"rendered":"https:\/\/corrientesdetarde.com\/?p=103319"},"modified":"2023-11-18T18:34:39","modified_gmt":"2023-11-18T21:34:39","slug":"el-papa-se-reunira-con-familiares-de-rehenes-israelies-y-una-delegacion-palestina","status":"publish","type":"post","link":"https:\/\/corrientesdetarde.com\/index.php\/internacionales\/el-papa-se-reunira-con-familiares-de-rehenes-israelies-y-una-delegacion-palestina\/","title":{"rendered":"El Papa se reunir\u00e1 con familiares de rehenes israel\u00edes y una delegaci\u00f3n palestina"},"content":{"rendered":"\n<p>El Sumo Pont\u00edfice los recibir\u00e1 en el Vaticano el pr\u00f3ximo mi\u00e9rcoles.<\/p>\n\n\n\n<p><strong>El Papa Francisco<\/strong>\u00a0se reunir\u00e1 por separado con<strong>\u00a0familiares de rehenes israel\u00edes retenidos<\/strong>\u00a0por el grupo terrorista Ham\u00e1s y con una\u00a0<strong>delegaci\u00f3n palestina.<\/strong>\u00a0Las familias de las personas secuestradas realizaron una manifestaci\u00f3n hacia Jerusal\u00e9n para reclamarle al gobierno que garantice la liberaci\u00f3n de los cautivos.<\/p>\n\n\n\n<p>Dos fuentes confirmaron a Reuters&nbsp;sobre la visita planeada a los palestinos despu\u00e9s de que la agencia de noticias report\u00f3 m\u00e1s temprano sobre la visita a los israel\u00edes. El Sumo Pont\u00edfice los recibir\u00e1 el pr\u00f3ximo mi\u00e9rcoles en el Vaticano.<\/p>\n\n\n\n<h2 class=\"wp-block-heading\">Familias de rehenes israel\u00edes se acercan a Jerusal\u00e9n en marcha de solidaridad y protesta<\/h2>\n\n\n\n<p><strong>Las familias de los rehenes israel\u00edes y miles de simpatizantes se movilizaron hacia Jerusal\u00e9n<\/strong>, aumentando la presi\u00f3n sobre el gobierno para que garantice la liberaci\u00f3n de los cautivos casi seis semanas despu\u00e9s de que militantes de Ham\u00e1s los secuestraran y se los llevaran a Gaza.<\/p>\n\n\n\n<p>La comitiva parti\u00f3 de Tel Aviv hace tres d\u00edas. La polic\u00eda bloque\u00f3 parte de la autopista principal cuando los manifestantes comenzaron a ascender por las estribaciones que conducen a Jerusal\u00e9n.<\/p>\n\n\n\n<p>Sosten\u00edan fotos de sus seres queridos, ondeaban banderas israel\u00edes y coreaban&nbsp;<strong>&#8220;\u00a1No nos rendiremos, exigimos la liberaci\u00f3n de los rehenes!&#8221;.<\/strong><\/p>\n\n\n\n<p>Los combatientes de Ham\u00e1s tomaron como rehenes a unas&nbsp;<strong>240 personas<\/strong>&nbsp;durante su ataque del 7 de octubre contra el sur de Israel. Se cree que los cautivos, desde beb\u00e9s hasta abuelos, est\u00e1n retenidos en t\u00faneles bajo la Franja de Gaza.<\/p>\n\n\n\n<p>Los medios israel\u00edes y \u00e1rabes han informado de negociaciones para conseguir la liberaci\u00f3n de al menos algunos de los rehenes, pero ninguna de las partes ha confirmado la inminencia de un acuerdo.<\/p>\n\n\n\n<p><strong>&#8220;Escuchen nuestro grito. Tr\u00e1iganlos de vuelta a casa ya&#8221;<\/strong>, dijo&nbsp;<strong>Yuval Haran<\/strong>, que caminaba con una pancarta en la que aparec\u00edan siete miembros de su familia que fueron tomados como rehenes, entre ellos su sobrina de tres a\u00f1os.&nbsp;<strong>&#8220;\u00bfC\u00f3mo se puede poner precio a una ni\u00f1a de tres a\u00f1os? Necesitamos que vuelvan ya, al precio que sea&#8221;.<\/strong><\/p>\n\n\n\n<p>El embajador alem\u00e1n en Israel,<strong>&nbsp;Steffen Seibert,<\/strong>&nbsp;se reuni\u00f3 con los manifestantes y pidi\u00f3 la liberaci\u00f3n incondicional de los rehenes.<\/p>\n\n\n\n<p>&#8220;Trabajamos para ello en todos los niveles pol\u00edticos y diplom\u00e1ticos y s\u00f3lo les pedimos que mantengan viva la esperanza&#8221;, dijo, hablando a trav\u00e9s de un meg\u00e1fono.&nbsp;<strong>&#8220;En nuestros corazones y nuestras mentes estamos con ustedes&#8221;<\/strong>.<\/p>\n\n\n\n<h2 class=\"wp-block-heading\">Cinco pa\u00edses pidieron investigaci\u00f3n sobre cr\u00edmenes de guerra en territorios palestinos<\/h2>\n\n\n\n<p>El fiscal de la Corte Penal Internacional dijo que recibi\u00f3 una petici\u00f3n de cinco pa\u00edses para investigar la situaci\u00f3n en los territorios palestinos.<\/p>\n\n\n\n<p><strong>Karim Kahn<\/strong>&nbsp;dijo que la remisi\u00f3n hab\u00eda procedido de<strong>&nbsp;Sud\u00e1frica, Bangladesh, Bolivia, Comoras y Yibuti.<\/strong><\/p>\n\n\n\n<p>La CPI ya tiene una investigaci\u00f3n en curso sobre &#8220;la situaci\u00f3n en el Estado de Palestina&#8221; por presuntos cr\u00edmenes de guerra cometidos desde el 13 de junio de 2014.<\/p>\n","protected":false},"excerpt":{"rendered":"<p>El Sumo Pont\u00edfice los recibir\u00e1 en el Vaticano el pr\u00f3ximo mi\u00e9rcoles. El Papa Francisco\u00a0se reunir\u00e1 por separado con\u00a0familiares de rehenes israel\u00edes retenidos\u00a0por el grupo terrorista Ham\u00e1s y con una\u00a0delegaci\u00f3n palestina.\u00a0Las&hellip; <\/p>\n","protected":false},"author":4,"featured_media":103320,"comment_status":"closed","ping_status":"open","sticky":false,"template":"","format":"standard","meta":{"footnotes":""},"categories":[11],"tags":[],"class_list":["post-103319","post","type-post","status-publish","format-standard","has-post-thumbnail","hentry","category-internacionales"],"_links":{"self":[{"href":"https:\/\/corrientesdetarde.com\/index.php\/wp-json\/wp\/v2\/posts\/103319","targetHints":{"allow":["GET"]}}],"collection":[{"href":"https:\/\/corrientesdetarde.com\/index.php\/wp-json\/wp\/v2\/posts"}],"about":[{"href":"https:\/\/corrientesdetarde.com\/index.php\/wp-json\/wp\/v2\/types\/post"}],"author":[{"embeddable":true,"href":"https:\/\/corrientesdetarde.com\/index.php\/wp-json\/wp\/v2\/users\/4"}],"replies":[{"embeddable":true,"href":"https:\/\/corrientesdetarde.com\/index.php\/wp-json\/wp\/v2\/comments?post=103319"}],"version-history":[{"count":1,"href":"https:\/\/corrientesdetarde.com\/index.php\/wp-json\/wp\/v2\/posts\/103319\/revisions"}],"predecessor-version":[{"id":103321,"href":"https:\/\/corrientesdetarde.com\/index.php\/wp-json\/wp\/v2\/posts\/103319\/revisions\/103321"}],"wp:featuredmedia":[{"embeddable":true,"href":"https:\/\/corrientesdetarde.com\/index.php\/wp-json\/wp\/v2\/media\/103320"}],"wp:attachment":[{"href":"https:\/\/corrientesdetarde.com\/index.php\/wp-json\/wp\/v2\/media?parent=103319"}],"wp:term":[{"taxonomy":"category","embeddable":true,"href":"https:\/\/corrientesdetarde.com\/index.php\/wp-json\/wp\/v2\/categories?post=103319"},{"taxonomy":"post_tag","embeddable":true,"href":"https:\/\/corrientesdetarde.com\/index.php\/wp-json\/wp\/v2\/tags?post=103319"}],"curies":[{"name":"wp","href":"https:\/\/api.w.org\/{rel}","templated":true}]}}