{"id":103322,"date":"2023-11-18T18:37:09","date_gmt":"2023-11-18T21:37:09","guid":{"rendered":"https:\/\/corrientesdetarde.com\/?p=103322"},"modified":"2023-11-18T18:37:20","modified_gmt":"2023-11-18T21:37:20","slug":"la-casa-blanca-critico-a-elon-musk-por-difundir-una-espantosa-mentira-antisemita","status":"publish","type":"post","link":"https:\/\/corrientesdetarde.com\/index.php\/internacionales\/la-casa-blanca-critico-a-elon-musk-por-difundir-una-espantosa-mentira-antisemita\/","title":{"rendered":"La Casa Blanca critic\u00f3 a Elon Musk por difundir una &#8220;espantosa&#8221; mentira antisemita"},"content":{"rendered":"\n<p>El magnate hab\u00eda apoyado una dudosa publicaci\u00f3n en X, seg\u00fan la cual los jud\u00edos &#8220;est\u00e1n avivando el odio contra los blancos&#8221;.<\/p>\n\n\n\n<p>La Casa Blanca acus\u00f3\u00a0este viernes a\u00a0<strong>Elon Musk<\/strong>\u00a0de repetir una<strong>\u00a0&#8220;espantosa&#8221; mentira\u00a0antisemita<\/strong>\u00a0en su sitio de redes sociales X esta semana, calific\u00e1ndola de &#8220;aborrecible promoci\u00f3n del odio antisemita y\u00a0racista&#8221;.<\/p>\n\n\n\n<p>La declaraci\u00f3n de la Casa Blanca sigue a las decisiones de al&nbsp;menos dos grandes corporaciones m\u00e1s de&nbsp;<strong>retirar sus d\u00f3lares de&nbsp;publicidad de X<\/strong>&nbsp;despu\u00e9s de que el organismo de control Media&nbsp;Matters descubriera que anuncios de IBM, Apple y otros se&nbsp;colocaron junto con contenido que promocionaba a&nbsp;<strong>Adolf Hitler y el&nbsp;Partido Nazi.<\/strong><\/p>\n\n\n\n<p><strong>En respuesta a la publicaci\u00f3n de Musk el mi\u00e9rcoles, la Casa&nbsp;Blanca conden\u00f3 lo que llam\u00f3 una &#8220;aborrecible promoci\u00f3n del odio&nbsp;antisemita y racista&#8221; que &#8220;va en contra de los valores&nbsp;fundamentales como estadounidenses&#8221;.<\/strong><\/p>\n\n\n\n<p><strong>Musk<\/strong>&nbsp;respald\u00f3 el mi\u00e9rcoles una publicaci\u00f3n en X que afirmaba&nbsp;falsamente que los jud\u00edos estaban<strong>&nbsp;avivando el odio contra los&nbsp;blancos,<\/strong>&nbsp;diciendo que el usuario que hizo referencia a la teor\u00eda&nbsp;de la conspiraci\u00f3n del &#8220;Gran Reemplazo&#8221; estaba diciendo &#8220;la verdad&nbsp;real&#8221;.<\/p>\n\n\n\n<p>Esa teor\u00eda de la conspiraci\u00f3n sostiene que los jud\u00edos y los&nbsp;izquierdistas est\u00e1n dise\u00f1ando el reemplazo \u00e9tnico y cultural de&nbsp;las poblaciones blancas con inmigrantes no blancos que conducir\u00e1 a&nbsp;un&nbsp;<strong>&#8220;genocidio blanco&#8221;.<\/strong><\/p>\n\n\n\n<p>&#8220;Es inaceptable repetir la horrible mentira&#8230; un mes despu\u00e9s&nbsp;del d\u00eda m\u00e1s mort\u00edfero para el pueblo jud\u00edo desde el Holocausto&#8221;,&nbsp;dijo un portavoz de la Casa Blanca.<strong>Escrito por Noticias Argentinas<\/strong><\/p>\n","protected":false},"excerpt":{"rendered":"<p>El magnate hab\u00eda apoyado una dudosa publicaci\u00f3n en X, seg\u00fan la cual los jud\u00edos &#8220;est\u00e1n avivando el odio contra los blancos&#8221;. La Casa Blanca acus\u00f3\u00a0este viernes a\u00a0Elon Musk\u00a0de repetir una\u00a0&#8220;espantosa&#8221;&hellip; <\/p>\n","protected":false},"author":4,"featured_media":103323,"comment_status":"closed","ping_status":"open","sticky":false,"template":"","format":"standard","meta":{"footnotes":""},"categories":[11],"tags":[],"class_list":["post-103322","post","type-post","status-publish","format-standard","has-post-thumbnail","hentry","category-internacionales"],"_links":{"self":[{"href":"https:\/\/corrientesdetarde.com\/index.php\/wp-json\/wp\/v2\/posts\/103322","targetHints":{"allow":["GET"]}}],"collection":[{"href":"https:\/\/corrientesdetarde.com\/index.php\/wp-json\/wp\/v2\/posts"}],"about":[{"href":"https:\/\/corrientesdetarde.com\/index.php\/wp-json\/wp\/v2\/types\/post"}],"author":[{"embeddable":true,"href":"https:\/\/corrientesdetarde.com\/index.php\/wp-json\/wp\/v2\/users\/4"}],"replies":[{"embeddable":true,"href":"https:\/\/corrientesdetarde.com\/index.php\/wp-json\/wp\/v2\/comments?post=103322"}],"version-history":[{"count":1,"href":"https:\/\/corrientesdetarde.com\/index.php\/wp-json\/wp\/v2\/posts\/103322\/revisions"}],"predecessor-version":[{"id":103324,"href":"https:\/\/corrientesdetarde.com\/index.php\/wp-json\/wp\/v2\/posts\/103322\/revisions\/103324"}],"wp:featuredmedia":[{"embeddable":true,"href":"https:\/\/corrientesdetarde.com\/index.php\/wp-json\/wp\/v2\/media\/103323"}],"wp:attachment":[{"href":"https:\/\/corrientesdetarde.com\/index.php\/wp-json\/wp\/v2\/media?parent=103322"}],"wp:term":[{"taxonomy":"category","embeddable":true,"href":"https:\/\/corrientesdetarde.com\/index.php\/wp-json\/wp\/v2\/categories?post=103322"},{"taxonomy":"post_tag","embeddable":true,"href":"https:\/\/corrientesdetarde.com\/index.php\/wp-json\/wp\/v2\/tags?post=103322"}],"curies":[{"name":"wp","href":"https:\/\/api.w.org\/{rel}","templated":true}]}}