{"id":103344,"date":"2023-11-18T19:53:21","date_gmt":"2023-11-18T22:53:21","guid":{"rendered":"https:\/\/corrientesdetarde.com\/?p=103344"},"modified":"2023-11-18T19:53:32","modified_gmt":"2023-11-18T22:53:32","slug":"misiones-fuerte-temporal-produjo-voladura-de-techos-en-leandro-alem","status":"publish","type":"post","link":"https:\/\/corrientesdetarde.com\/index.php\/actualidad\/misiones-fuerte-temporal-produjo-voladura-de-techos-en-leandro-alem\/","title":{"rendered":"Misiones: fuerte temporal produjo voladura de techos en Leandro Alem"},"content":{"rendered":"\n<p>Tambi\u00e9n hubo ocho heridos leves, todos fuera de peligro.<\/p>\n\n\n\n<p><strong>Ocho personas<\/strong>&nbsp;<strong>fueron&nbsp;hospitalizadas y alrededor de 40 propiedades, entre viviendas y&nbsp;establecimientos fabriles, sufrieron graves da\u00f1os como&nbsp;<\/strong><strong>consecuencia de un temporal que se abati\u00f3 este s\u00e1bado en Leandro&nbsp;N.Alem y otras ciudades de la provincia de Misiones.<\/strong><\/p>\n\n\n\n<p>El epicentro estuvo en&nbsp;<strong>Alem,<\/strong>&nbsp;ubicada a unos 83 kil\u00f3metros al&nbsp;sur de la capital provincial, donde se registraron fuertes lluvias&nbsp;y r\u00e1fagas de viento que alcanzaron los&nbsp;<strong>150 kil\u00f3metros.<\/strong><\/p>\n\n\n\n<p>Como consecuencia de los fuertes vientos se produjo la&nbsp;<strong>voladura<\/strong>&nbsp;<strong>de techos,<\/strong>&nbsp;especialmente en varios galpones industriales,&nbsp;pero tambi\u00e9n en muchas viviendas, y adem\u00e1s<strong>&nbsp;gran parte de la ciudad&nbsp;se qued\u00f3 sin suministro el\u00e9ctrico.<\/strong><\/p>\n\n\n\n<p>En tanto,&nbsp;<strong>ocho personas debieron ser asistidas por haber&nbsp;sufrido distintos pe<\/strong><strong>rcances durante el temporal, aunque se&nbsp;encuentran fuera de peligro.<\/strong><\/p>\n\n\n\n<p>Personal de Defensa Civil, Bomberos y efectivos policiales&nbsp;asistieron a los damnificados, algunos de los cuales decidieron&nbsp;autoevacuarse.<\/p>\n\n\n\n<p>Por su parte, el gobernador de Misiones,&nbsp;<strong>Oscar Herrera Ahuad,&nbsp;<\/strong>se traslad\u00f3 hasta Alem para reunirse con el intendente electo,&nbsp;Mat\u00edas Sebely, quien es el director del hospital local, para diagramar las tareas de ayuda.<\/p>\n\n\n\n<p>En&nbsp;<strong>Posadas,<\/strong>&nbsp;m\u00e1s precisamente la zona de&nbsp;<strong>Pueblo Chico,<\/strong>&nbsp;hubo&nbsp;postes de media tensi\u00f3n afectados, mientras que en&nbsp;<strong>Villa Bonita,&nbsp;Itameb\u00e9 Min\u00ed y Pellegrini<\/strong>&nbsp;tambi\u00e9n hubo problemas en el tendido&nbsp;el\u00e9ctrico.&nbsp;Una situaci\u00f3n similar se produjo en las localidades de&nbsp;<strong>Bonpland, Fachinal, San Pedero y San Vicente,<\/strong>&nbsp;donde la mayor\u00eda de&nbsp;los vecinos se qued\u00f3 sin luz durante varias horas.<\/p>\n","protected":false},"excerpt":{"rendered":"<p>Tambi\u00e9n hubo ocho heridos leves, todos fuera de peligro. Ocho personas&nbsp;fueron&nbsp;hospitalizadas y alrededor de 40 propiedades, entre viviendas y&nbsp;establecimientos fabriles, sufrieron graves da\u00f1os como&nbsp;consecuencia de un temporal que se abati\u00f3&hellip; <\/p>\n","protected":false},"author":4,"featured_media":103345,"comment_status":"closed","ping_status":"open","sticky":false,"template":"","format":"standard","meta":{"footnotes":""},"categories":[23],"tags":[],"class_list":["post-103344","post","type-post","status-publish","format-standard","has-post-thumbnail","hentry","category-actualidad"],"_links":{"self":[{"href":"https:\/\/corrientesdetarde.com\/index.php\/wp-json\/wp\/v2\/posts\/103344","targetHints":{"allow":["GET"]}}],"collection":[{"href":"https:\/\/corrientesdetarde.com\/index.php\/wp-json\/wp\/v2\/posts"}],"about":[{"href":"https:\/\/corrientesdetarde.com\/index.php\/wp-json\/wp\/v2\/types\/post"}],"author":[{"embeddable":true,"href":"https:\/\/corrientesdetarde.com\/index.php\/wp-json\/wp\/v2\/users\/4"}],"replies":[{"embeddable":true,"href":"https:\/\/corrientesdetarde.com\/index.php\/wp-json\/wp\/v2\/comments?post=103344"}],"version-history":[{"count":1,"href":"https:\/\/corrientesdetarde.com\/index.php\/wp-json\/wp\/v2\/posts\/103344\/revisions"}],"predecessor-version":[{"id":103346,"href":"https:\/\/corrientesdetarde.com\/index.php\/wp-json\/wp\/v2\/posts\/103344\/revisions\/103346"}],"wp:featuredmedia":[{"embeddable":true,"href":"https:\/\/corrientesdetarde.com\/index.php\/wp-json\/wp\/v2\/media\/103345"}],"wp:attachment":[{"href":"https:\/\/corrientesdetarde.com\/index.php\/wp-json\/wp\/v2\/media?parent=103344"}],"wp:term":[{"taxonomy":"category","embeddable":true,"href":"https:\/\/corrientesdetarde.com\/index.php\/wp-json\/wp\/v2\/categories?post=103344"},{"taxonomy":"post_tag","embeddable":true,"href":"https:\/\/corrientesdetarde.com\/index.php\/wp-json\/wp\/v2\/tags?post=103344"}],"curies":[{"name":"wp","href":"https:\/\/api.w.org\/{rel}","templated":true}]}}