{"id":103351,"date":"2023-11-18T20:08:39","date_gmt":"2023-11-18T23:08:39","guid":{"rendered":"https:\/\/corrientesdetarde.com\/?p=103351"},"modified":"2023-11-18T20:08:51","modified_gmt":"2023-11-18T23:08:51","slug":"la-mayor-protesta-en-espana-contra-la-ley-de-amnistia-catalana-reunio-a-170-000-personas","status":"publish","type":"post","link":"https:\/\/corrientesdetarde.com\/index.php\/internacionales\/la-mayor-protesta-en-espana-contra-la-ley-de-amnistia-catalana-reunio-a-170-000-personas\/","title":{"rendered":"La mayor protesta en Espa\u00f1a contra la ley de amnist\u00eda catalana reuni\u00f3 a 170.000 personas"},"content":{"rendered":"\n<p>Una multitud volvi\u00f3 a manifestarse en contra del pacto entre S\u00e1nchez y los separatistas catalanes.<\/p>\n\n\n\n<p>Unas<strong>&nbsp;170.000 personas&nbsp;marcharon este s\u00e1bado por Madrid<\/strong>&nbsp;en la mayor protesta hasta la&nbsp;fecha&nbsp;<strong>contra una ley de amnist\u00eda<\/strong>&nbsp;que los socialistas espa\u00f1oles acordaron, referida a la campa\u00f1a separatista de Catalu\u00f1a en 2017,&nbsp;para poder formar gobierno.<\/p>\n\n\n\n<p>La manifestaci\u00f3n, la \u00faltima de una serie de protestas en&nbsp;ciudades de todo el pa\u00eds contra la amnist\u00eda, tuvo lugar dos d\u00edas&nbsp;despu\u00e9s de que el presidente del Gobierno espa\u00f1ol, el socialista<strong>&nbsp;Pedro S\u00e1nchez,<\/strong>&nbsp;gan\u00f3 un mandato de cuatro a\u00f1os con el respaldo de&nbsp;partidos nacionalistas catalanes y vascos a cambio de aceptar la&nbsp;ley.<\/p>\n\n\n\n<p>Los manifestantes, muchos de los cuales ondeaban banderas&nbsp;espa\u00f1olas y portaban pancartas en las que se le\u00eda&nbsp;<strong>&#8220;S\u00e1nchez&nbsp;traidor&#8221; y &#8220;No vendas Espa\u00f1a&#8221;,<\/strong>&nbsp;se manifestaron contra la ley que,&nbsp;seg\u00fan cuatro asociaciones judiciales, partidos pol\u00edticos de la&nbsp;oposici\u00f3n y l\u00edderes empresariales, amenaza el Estado de derecho y&nbsp;la separaci\u00f3n de poderes.<\/p>\n\n\n\n<p><strong>Las autoridades cifraron en 170.000 el n\u00famero de manifestantes.<\/strong><\/p>\n\n\n\n<p><strong>Alberto N\u00fa\u00f1ez Feijoo<\/strong>, l\u00edder del opositor Partido Popular&nbsp;conservador, y&nbsp;<strong>Santiago Abascal,<\/strong>&nbsp;l\u00edder del partido de extrema&nbsp;derecha Vox, tambi\u00e9n asistieron a la marcha, organizada por grupos&nbsp;civiles.<\/p>\n\n\n\n<p>Tras la concentraci\u00f3n, cientos de personas protestaron en la&nbsp;autopista, cerca del Palacio de la Moncloa, residencia del&nbsp;presidente del Gobierno en Madrid. La autopista A6 permaneci\u00f3&nbsp;cortada durante una hora, pero se reabri\u00f3 despu\u00e9s de que la&nbsp;polic\u00eda despej\u00f3 la zona.<\/p>\n\n\n\n<p><strong>Asimismo, tambi\u00e9n se celebr\u00f3 una peque\u00f1a protesta ante la&nbsp;embajada espa\u00f1ola en Londres.<\/strong><\/p>\n\n\n\n<p><strong>La amnist\u00eda abarcar\u00e1 a unas 400 personas implicadas en la&nbsp;campa\u00f1a de independencia que lleg\u00f3 a su punto \u00e1lgido en 2017,&nbsp;incluidos separatistas, pero tambi\u00e9n polic\u00edas implicados en&nbsp;enfrentamientos con activistas.<\/strong><\/p>\n\n\n\n<p>El refer\u00e9ndum independentista fue declarado ilegal por los&nbsp;tribunales y desemboc\u00f3 en la<strong>&nbsp;peor crisis pol\u00edtica de Espa\u00f1a<\/strong>&nbsp;en&nbsp;d\u00e9cadas.<\/p>\n\n\n\n<p>La amnist\u00eda ser\u00e1 la mayor en Espa\u00f1a desde la amnist\u00eda general&nbsp;de 1977 para los cr\u00edmenes cometidos durante la dictadura de&nbsp;Francisco Franco, y la primera ley de amnist\u00eda aprobada en la Uni\u00f3n Europea desde 1991, seg\u00fan el Consejo Superior de&nbsp;Investigaciones Cient\u00edficas (CSIC).<\/p>\n\n\n\n<p><strong>S\u00e1nchez, que gan\u00f3 la votaci\u00f3n parlamentaria para formar un&nbsp;nuevo gobierno el jueves por 179 votos a favor y 171 en contra, ha&nbsp;defendido la ley afirmando que una amnist\u00eda ayudar\u00eda a rebajar las&nbsp;tensiones en Catalu\u00f1a.<\/strong><\/p>\n\n\n\n<p><strong>Los manifestantes,<\/strong>&nbsp;entre los que se incluyen grupos neonazis,&nbsp;<strong>han celebrado ruidosas manifestaciones frente a la sede socialista&nbsp;en Madrid durante 15 noches consecutivas<\/strong>&nbsp;desde que se anunci\u00f3 el&nbsp;acuerdo. Se han producido enfrentamientos con la polic\u00eda que han&nbsp;dejado heridos a agentes y manifestantes, pero en general las&nbsp;protestas han sido pac\u00edficas.<\/p>\n\n\n\n<p>En una encuesta realizada por Metroscopia a mediados de&nbsp;septiembre, alrededor del 70% de los encuestados -el 59% de ellos&nbsp;simpatizantes socialistas- se declararon contrarios a la idea de&nbsp;una amnist\u00eda.<\/p>\n","protected":false},"excerpt":{"rendered":"<p>Una multitud volvi\u00f3 a manifestarse en contra del pacto entre S\u00e1nchez y los separatistas catalanes. Unas&nbsp;170.000 personas&nbsp;marcharon este s\u00e1bado por Madrid&nbsp;en la mayor protesta hasta la&nbsp;fecha&nbsp;contra una ley de amnist\u00eda&nbsp;que&hellip; <\/p>\n","protected":false},"author":4,"featured_media":103352,"comment_status":"closed","ping_status":"open","sticky":false,"template":"","format":"standard","meta":{"footnotes":""},"categories":[11],"tags":[],"class_list":["post-103351","post","type-post","status-publish","format-standard","has-post-thumbnail","hentry","category-internacionales"],"_links":{"self":[{"href":"https:\/\/corrientesdetarde.com\/index.php\/wp-json\/wp\/v2\/posts\/103351","targetHints":{"allow":["GET"]}}],"collection":[{"href":"https:\/\/corrientesdetarde.com\/index.php\/wp-json\/wp\/v2\/posts"}],"about":[{"href":"https:\/\/corrientesdetarde.com\/index.php\/wp-json\/wp\/v2\/types\/post"}],"author":[{"embeddable":true,"href":"https:\/\/corrientesdetarde.com\/index.php\/wp-json\/wp\/v2\/users\/4"}],"replies":[{"embeddable":true,"href":"https:\/\/corrientesdetarde.com\/index.php\/wp-json\/wp\/v2\/comments?post=103351"}],"version-history":[{"count":1,"href":"https:\/\/corrientesdetarde.com\/index.php\/wp-json\/wp\/v2\/posts\/103351\/revisions"}],"predecessor-version":[{"id":103353,"href":"https:\/\/corrientesdetarde.com\/index.php\/wp-json\/wp\/v2\/posts\/103351\/revisions\/103353"}],"wp:featuredmedia":[{"embeddable":true,"href":"https:\/\/corrientesdetarde.com\/index.php\/wp-json\/wp\/v2\/media\/103352"}],"wp:attachment":[{"href":"https:\/\/corrientesdetarde.com\/index.php\/wp-json\/wp\/v2\/media?parent=103351"}],"wp:term":[{"taxonomy":"category","embeddable":true,"href":"https:\/\/corrientesdetarde.com\/index.php\/wp-json\/wp\/v2\/categories?post=103351"},{"taxonomy":"post_tag","embeddable":true,"href":"https:\/\/corrientesdetarde.com\/index.php\/wp-json\/wp\/v2\/tags?post=103351"}],"curies":[{"name":"wp","href":"https:\/\/api.w.org\/{rel}","templated":true}]}}