{"id":103357,"date":"2023-11-18T20:30:39","date_gmt":"2023-11-18T23:30:39","guid":{"rendered":"https:\/\/corrientesdetarde.com\/?p=103357"},"modified":"2023-11-18T20:30:50","modified_gmt":"2023-11-18T23:30:50","slug":"el-calor-y-la-muerte-de-una-espectadora-obligaron-a-aplazar-la-presentacion-de-taylor-swift-en-rio-de-janeiro","status":"publish","type":"post","link":"https:\/\/corrientesdetarde.com\/index.php\/espectaculos\/el-calor-y-la-muerte-de-una-espectadora-obligaron-a-aplazar-la-presentacion-de-taylor-swift-en-rio-de-janeiro\/","title":{"rendered":"El calor y la muerte de una espectadora obligaron a aplazar la presentaci\u00f3n de Taylor Swift en R\u00edo de Janeiro"},"content":{"rendered":"\n<p>El viernes se registr\u00f3 en la urbe carioca m\u00e1s de 59 grados de sensaci\u00f3n t\u00e9rmica.<\/p>\n\n\n\n<p>La cantante estadounidense Taylor Swift aplaz\u00f3 su espect\u00e1culo de este s\u00e1bado en R\u00edo de Janeiro debido al calor abrasador, un d\u00eda despu\u00e9s de la muerte de una aficionada que enferm\u00f3 en el sofocante recinto del concierto.<\/p>\n\n\n\n<p><strong>&#8220;Se ha tomado la decisi\u00f3n de posponer el espect\u00e1culo de esta noche debido a las temperaturas extremas en R\u00ed<\/strong>o&#8221;, escribi\u00f3 Swift en Instagram unas dos horas antes de que saliera al escenario. &#8220;<strong>La seguridad y el bienestar de mis admiradores, compa\u00f1eros de actuaci\u00f3n y equipo tiene que ser, y siempre ser\u00e1, lo primero&#8221;.<\/strong><\/p>\n\n\n\n<p>Ana Clara Benevides, de 23 a\u00f1os, enferm\u00f3 en el estadio Nilton Santos durante el espect\u00e1culo del viernes, escribi\u00f3 en Instagram el organizador del evento, T4F. Muri\u00f3 m\u00e1s tarde en el hospital. La causa de su muerte a\u00fan se desconoce y ser\u00e1 investigada, inform\u00f3 el servicio estatal de salud de R\u00edo.<\/p>\n\n\n\n<p><strong>El viernes, R\u00edo alcanz\u00f3 un r\u00e9cord en el \u00edndice de calor, que combina temperatura y humedad, con 59,3 grados cent\u00edgrados (138,7 grados Fahrenheit). El s\u00e1bado, el \u00edndice de calor alcanz\u00f3 un m\u00e1ximo de 59,7 grados Celsius (139,5).<\/strong><\/p>\n\n\n\n<p>Unos 60.000 admiradores se hab\u00edan reunido el viernes para el primer concierto de Swift, con entradas agotadas, en un estadio al aire libre que est\u00e1 lejos de las playas de R\u00edo, en un barrio del norte, m\u00e1s caluroso.<\/p>\n\n\n\n<p>Swift tambi\u00e9n ten\u00eda previsto actuar en R\u00edo el domingo, seguido de tres conciertos en S\u00e3o Paulo del 24 al 26 de noviembre. T4F dijo que el espect\u00e1culo del s\u00e1bado se pospuso al lunes.<\/p>\n\n\n\n<p><strong>Durante el concierto del viernes, varios seguidores enfermaron, lo que llev\u00f3 a Swift a interrumpir su actuaci\u00f3n y pedir que el equipo de producci\u00f3n les proporcionara agua, seg\u00fan mostraron los videos.<\/strong><\/p>\n\n\n\n<p>El secretario nacional de Consumo, Wadih Damous, public\u00f3 en X que el gobierno hab\u00eda ordenado a T4F que garantizara el acceso al agua en todos los conciertos de Swift en Brasil.<\/p>\n\n\n\n<p>Tras la muerte de Benevides, el ministro de Justicia, Flavio Dino, anunci\u00f3 que el gobierno emitir\u00eda una orden que permitir\u00eda llevar botellas de agua a los conciertos.<\/p>\n\n\n\n<p><strong>&#8220;Las empresas que produzcan espect\u00e1culos con alta exposici\u00f3n al calor deber\u00e1n proporcionar agua potable gratuita en \u00b4islas de hidrataci\u00f3n\u00b4 de f\u00e1cil acceso La medida es efectiva de inmediato&#8221;<\/strong>, a\u00f1adi\u00f3 en X, antes conocido como Twitter.<\/p>\n\n\n\n<p>Los seguidores de Swift que se encontraban el s\u00e1bado fuera del estadio sufr\u00edan el calor mientras esperaban para acceder al espect\u00e1culo. Al difundirse la noticia del aplazamiento del espect\u00e1culo, muchas j\u00f3venes rompieron a llorar.<\/p>\n\n\n\n<p>El agotamiento por calor, que puede incluir mareos, dolores de cabeza, temblores y sed, no suele ser grave, siempre que la persona se enfr\u00ede en 30 minutos.<\/p>\n\n\n\n<p>La versi\u00f3n m\u00e1s grave es el golpe de calor, cuando la temperatura central del cuerpo supera los 40,6 grados cent\u00edgrados (105 grados Fahrenheit). Se trata de una urgencia m\u00e9dica que puede provocar da\u00f1os org\u00e1nicos a largo plazo e incluso la muerte.<\/p>\n","protected":false},"excerpt":{"rendered":"<p>El viernes se registr\u00f3 en la urbe carioca m\u00e1s de 59 grados de sensaci\u00f3n t\u00e9rmica. La cantante estadounidense Taylor Swift aplaz\u00f3 su espect\u00e1culo de este s\u00e1bado en R\u00edo de Janeiro&hellip; <\/p>\n","protected":false},"author":4,"featured_media":103358,"comment_status":"closed","ping_status":"open","sticky":false,"template":"","format":"standard","meta":{"footnotes":""},"categories":[19],"tags":[],"class_list":["post-103357","post","type-post","status-publish","format-standard","has-post-thumbnail","hentry","category-espectaculos"],"_links":{"self":[{"href":"https:\/\/corrientesdetarde.com\/index.php\/wp-json\/wp\/v2\/posts\/103357","targetHints":{"allow":["GET"]}}],"collection":[{"href":"https:\/\/corrientesdetarde.com\/index.php\/wp-json\/wp\/v2\/posts"}],"about":[{"href":"https:\/\/corrientesdetarde.com\/index.php\/wp-json\/wp\/v2\/types\/post"}],"author":[{"embeddable":true,"href":"https:\/\/corrientesdetarde.com\/index.php\/wp-json\/wp\/v2\/users\/4"}],"replies":[{"embeddable":true,"href":"https:\/\/corrientesdetarde.com\/index.php\/wp-json\/wp\/v2\/comments?post=103357"}],"version-history":[{"count":1,"href":"https:\/\/corrientesdetarde.com\/index.php\/wp-json\/wp\/v2\/posts\/103357\/revisions"}],"predecessor-version":[{"id":103359,"href":"https:\/\/corrientesdetarde.com\/index.php\/wp-json\/wp\/v2\/posts\/103357\/revisions\/103359"}],"wp:featuredmedia":[{"embeddable":true,"href":"https:\/\/corrientesdetarde.com\/index.php\/wp-json\/wp\/v2\/media\/103358"}],"wp:attachment":[{"href":"https:\/\/corrientesdetarde.com\/index.php\/wp-json\/wp\/v2\/media?parent=103357"}],"wp:term":[{"taxonomy":"category","embeddable":true,"href":"https:\/\/corrientesdetarde.com\/index.php\/wp-json\/wp\/v2\/categories?post=103357"},{"taxonomy":"post_tag","embeddable":true,"href":"https:\/\/corrientesdetarde.com\/index.php\/wp-json\/wp\/v2\/tags?post=103357"}],"curies":[{"name":"wp","href":"https:\/\/api.w.org\/{rel}","templated":true}]}}