{"id":103362,"date":"2023-11-18T21:00:50","date_gmt":"2023-11-19T00:00:50","guid":{"rendered":"https:\/\/corrientesdetarde.com\/?p=103362"},"modified":"2023-11-18T21:11:17","modified_gmt":"2023-11-19T00:11:17","slug":"la-agencia-gubernamental-de-control-levanto-la-clausura-de-la-bombonera","status":"publish","type":"post","link":"https:\/\/corrientesdetarde.com\/index.php\/deportes\/la-agencia-gubernamental-de-control-levanto-la-clausura-de-la-bombonera\/","title":{"rendered":"La Agencia Gubernamental de Control levant\u00f3 la clausura de La Bombonera"},"content":{"rendered":"\n<p>La sanci\u00f3n al estadio de Boca Juniors fue por un supuesto &#8220;exceso de aforo&#8221; en el partido entre la Selecci\u00f3n argentina y su par uruguayo.<\/p>\n\n\n\n<p>La&nbsp;<strong>Agencia Gubernamental de Control de la Ciudad Aut\u00f3noma de Buenos Aires levant\u00f3 la clausura que le hab\u00eda impuesto<\/strong>, en la ma\u00f1ana del viernes,&nbsp;<strong>a La Bombonera<\/strong>&nbsp;por un supuesto \u201cexceso de aforo\u201d en el partido entre la&nbsp;<strong>Selecci\u00f3n argentina y su par uruguayo&nbsp;este jueves por la quinta fecha de las Eliminatorias Sudamericanas<\/strong>&nbsp;para la Copa del Mundo de Estados Unidos, M\u00e9xico y Canad\u00e1 2026.<\/p>\n\n\n\n<p>Luego de que esta ma\u00f1ana Boca se amanezca con la noticia de que el ente porte\u00f1o clausur\u00f3 el estadio \u201cxeneize\u201d, la misma Agencia Gubernamental de Control de la Ciudad Aut\u00f3noma de Buenos Aires\u00a0<strong>levant\u00f3 la sanci\u00f3n que hab\u00eda impuesto por un supuesto \u201cexceso de aforo\u201d<\/strong>\u00a0en el encuentro entre Argentina y Uruguay por las Eliminatorias Sudamericanas.<\/p>\n\n\n\n<figure class=\"wp-block-image size-full\"><img loading=\"lazy\" decoding=\"async\" width=\"419\" height=\"581\" src=\"https:\/\/corrientesdetarde.com\/wp-content\/uploads\/2023\/11\/image-422.png\" alt=\"\" class=\"wp-image-103366\" srcset=\"https:\/\/corrientesdetarde.com\/wp-content\/uploads\/2023\/11\/image-422.png 419w, https:\/\/corrientesdetarde.com\/wp-content\/uploads\/2023\/11\/image-422-216x300.png 216w\" sizes=\"auto, (max-width: 419px) 100vw, 419px\" \/><\/figure>\n\n\n\n<p><em>El documento que Boca present\u00f3 ante la AGC.<\/em><\/p>\n\n\n\n<p>El organismo estatal decidi\u00f3 levantar la clausura tras las<strong>&nbsp;presentaciones de documentos que hizo el club en la Justicia demostrando que el estadio estaba a un 97% de su capacidad.<\/strong>&nbsp;Desde la dirigencia<strong>&nbsp;hicieron circular estos documentos por las redes sociales<\/strong>&nbsp;que comprueban que en el recinto<strong>&nbsp;hab\u00eda lugar para m\u00e1s de 1000 espectadores.<\/strong><\/p>\n\n\n\n<p>Adem\u00e1s, otro de los motivos del levantamiento fueron las declaraciones del abogado del club\u00a0<strong>Sebasti\u00e1n Rodr\u00edguez que, en \u201cEl Canal de Boca\u201d -plataforma oficial del club- denunci\u00f3 una \u201cpersecuci\u00f3n\u201d contra \u201cBoca Juniors y sus dirigentes\u201d.<\/strong><\/p>\n\n\n\n<figure class=\"wp-block-embed is-type-rich is-provider-twitter wp-block-embed-twitter\"><div class=\"wp-block-embed__wrapper\">\n<blockquote class=\"twitter-tweet\" data-width=\"550\" data-dnt=\"true\"><p lang=\"es\" dir=\"ltr\">Queremos comunicar a hinchas, socios y socias del Club Atl\u00e9tico Boca Juniors que cuando hemos hablado de una persecuci\u00f3n contra el club y su gente, esa afirmaci\u00f3n se transforma en una realidad al observar lo que viene pasando a diario.<br><br>Despu\u00e9s de la clausura del estadio sin\u2026 <a href=\"https:\/\/t.co\/az1HoUIuxL\">pic.twitter.com\/az1HoUIuxL<\/a><\/p>&mdash; Boca Juniors (@BocaJrsOficial) <a href=\"https:\/\/twitter.com\/BocaJrsOficial\/status\/1725680061322289280?ref_src=twsrc%5Etfw\">November 18, 2023<\/a><\/blockquote><script async src=\"https:\/\/platform.twitter.com\/widgets.js\" charset=\"utf-8\"><\/script>\n<\/div><\/figure>\n\n\n\n<p><strong>&#8220;Esto es un l\u00edmite. No puede seguir pasando. Es claro que es una persecuci\u00f3n pol\u00edtica hacia Boca y la familia de Riquelme&#8221;<\/strong>\u00a0sentenci\u00f3 el letrado que forma parte del cuerpo de legales del Club Atl\u00e9tico Boca Juniors.<\/p>\n","protected":false},"excerpt":{"rendered":"<p>La sanci\u00f3n al estadio de Boca Juniors fue por un supuesto &#8220;exceso de aforo&#8221; en el partido entre la Selecci\u00f3n argentina y su par uruguayo. La&nbsp;Agencia Gubernamental de Control de&hellip; <\/p>\n","protected":false},"author":4,"featured_media":103363,"comment_status":"closed","ping_status":"open","sticky":false,"template":"","format":"standard","meta":{"footnotes":""},"categories":[4],"tags":[],"class_list":["post-103362","post","type-post","status-publish","format-standard","has-post-thumbnail","hentry","category-deportes"],"_links":{"self":[{"href":"https:\/\/corrientesdetarde.com\/index.php\/wp-json\/wp\/v2\/posts\/103362","targetHints":{"allow":["GET"]}}],"collection":[{"href":"https:\/\/corrientesdetarde.com\/index.php\/wp-json\/wp\/v2\/posts"}],"about":[{"href":"https:\/\/corrientesdetarde.com\/index.php\/wp-json\/wp\/v2\/types\/post"}],"author":[{"embeddable":true,"href":"https:\/\/corrientesdetarde.com\/index.php\/wp-json\/wp\/v2\/users\/4"}],"replies":[{"embeddable":true,"href":"https:\/\/corrientesdetarde.com\/index.php\/wp-json\/wp\/v2\/comments?post=103362"}],"version-history":[{"count":2,"href":"https:\/\/corrientesdetarde.com\/index.php\/wp-json\/wp\/v2\/posts\/103362\/revisions"}],"predecessor-version":[{"id":103368,"href":"https:\/\/corrientesdetarde.com\/index.php\/wp-json\/wp\/v2\/posts\/103362\/revisions\/103368"}],"wp:featuredmedia":[{"embeddable":true,"href":"https:\/\/corrientesdetarde.com\/index.php\/wp-json\/wp\/v2\/media\/103363"}],"wp:attachment":[{"href":"https:\/\/corrientesdetarde.com\/index.php\/wp-json\/wp\/v2\/media?parent=103362"}],"wp:term":[{"taxonomy":"category","embeddable":true,"href":"https:\/\/corrientesdetarde.com\/index.php\/wp-json\/wp\/v2\/categories?post=103362"},{"taxonomy":"post_tag","embeddable":true,"href":"https:\/\/corrientesdetarde.com\/index.php\/wp-json\/wp\/v2\/tags?post=103362"}],"curies":[{"name":"wp","href":"https:\/\/api.w.org\/{rel}","templated":true}]}}