{"id":103369,"date":"2023-11-18T21:43:25","date_gmt":"2023-11-19T00:43:25","guid":{"rendered":"https:\/\/corrientesdetarde.com\/?p=103369"},"modified":"2023-11-18T21:43:28","modified_gmt":"2023-11-19T00:43:28","slug":"baja-confirmada-en-brasil-vinicius-no-jugara-ante-argentina","status":"publish","type":"post","link":"https:\/\/corrientesdetarde.com\/index.php\/deportes\/baja-confirmada-en-brasil-vinicius-no-jugara-ante-argentina\/","title":{"rendered":"Baja confirmada en Brasil: Vinicius no jugar\u00e1 ante Argentina"},"content":{"rendered":"\n<p>Los ex\u00e1menes m\u00e9dicos confirmaron que el atacante tiene una lesi\u00f3n muscular.<\/p>\n\n\n\n<p>El delantero&nbsp;<strong>Vin\u00edcius Jr. se ausentar\u00e1 por lesi\u00f3n del cl\u00e1sico contra Argentina en el estadio Maracan\u00e1,<\/strong>&nbsp;por la sexta fecha de las Eliminatorias Sudamericanas, inform\u00f3 este viernes la Confederaci\u00f3n Brasile\u00f1a de F\u00fatbol (CBF).<\/p>\n\n\n\n<p>Vin\u00edcius Jr, del Real Madrid,<strong>&nbsp;fue desconvocado de la selecci\u00f3n brasile\u00f1a&#8221;, luego de que este viernes se le realizaran ex\u00e1menes m\u00e9dicos que comprueban &#8220;una lesi\u00f3n en el m\u00fasculo posterior del muslo izquierdo&#8221;,<\/strong>&nbsp;indic\u00f3 la CBF en un comunicado.<\/p>\n\n\n\n<p>Apenas lleg\u00f3 a R\u00edo de Janeiro, despu\u00e9s del partido de anoche, el jugador se realiz\u00f3 ex\u00e1menes y se confirm\u00f3 la lesi\u00f3n en el&nbsp; muslo izquierdo.&nbsp;Por lo tanto,<strong>&nbsp;Vin\u00edcius regresar\u00e1 a Espa\u00f1a para realizar su recuperaci\u00f3n con el&nbsp;<\/strong><strong>equipo m\u00e9dico del Real Madrid.<\/strong><\/p>\n\n\n\n<p>El atacante<strong>\u00a0se lesion\u00f3 en el partido de la v\u00edspera,\u00a0<\/strong>en el cual\u00a0Vinicius asisti\u00f3 a Gabriel Martinelli, para abrir el marcador, pero minutos despu\u00e9s no pudo continuar. El extremo se tir\u00f3 al c\u00e9sped en mitad de cancha y esper\u00f3 la atenci\u00f3n m\u00e9dica. Inmediatamente, en su lugar, ingres\u00f3 Jo\u00e3o Pedro.<\/p>\n\n\n\n<figure class=\"wp-block-embed is-type-rich is-provider-twitter wp-block-embed-twitter\"><div class=\"wp-block-embed__wrapper\">\n<blockquote class=\"twitter-tweet\" data-width=\"550\" data-dnt=\"true\"><p lang=\"es\" dir=\"ltr\">VINICIUS NO JUEGA VS. ARGENTINA \ud83d\udea8 \ud83c\udde7\ud83c\uddf7<br><br>Seg\u00fan informan medios brasile\u00f1os, el delantero del Real Madrid abandon\u00f3 la concentraci\u00f3n tras la lesi\u00f3n que sufri\u00f3 anoche vs. Colombia y no estar\u00e1 presente ante la Scaloneta el pr\u00f3ximo martes. <a href=\"https:\/\/t.co\/hxYDzz06xP\">pic.twitter.com\/hxYDzz06xP<\/a><\/p>&mdash; TNT Sports Argentina (@TNTSportsAR) <a href=\"https:\/\/twitter.com\/TNTSportsAR\/status\/1725559287055896859?ref_src=twsrc%5Etfw\">November 17, 2023<\/a><\/blockquote><script async src=\"https:\/\/platform.twitter.com\/widgets.js\" charset=\"utf-8\"><\/script>\n<\/div><\/figure>\n\n\n\n<p><strong>De esta manera, Brasil suma su quinta baja consecutiva con la lesi\u00f3n Vin\u00edcius Jr.<\/strong>\u00a0Su entrenador Fernando Diniz para esta doble fecha por Eliminatorias no pudo contar con el\u00a0<strong>arquero Ederson<\/strong>\u00a0por un traumatismo en su pie izquierdo,<strong>\u00a0el lateral Danilo<\/strong>\u00a0por problema muscular, el mediocampista y\u00a0<strong>capit\u00e1n Casemiro\u00a0<\/strong>por lesi\u00f3n en el tobillo y<strong>\u00a0el atacante Neymar<\/strong>\u00a0por rotura de ligamentos.<\/p>\n\n\n\n<p>Por otra parte, los jugadores de&nbsp;<strong>la selecci\u00f3n brasile\u00f1a tuvieron descanso este viernes y el s\u00e1bado volver\u00e1n a entrenarse<\/strong>&nbsp;en los campos de la CBF en Teres\u00f3polis, de cara al cl\u00e1sico contra Argentina, que se juega el pr\u00f3ximo martes en el Maracan\u00e1 desde las 21.30.<\/p>\n","protected":false},"excerpt":{"rendered":"<p>Los ex\u00e1menes m\u00e9dicos confirmaron que el atacante tiene una lesi\u00f3n muscular. El delantero&nbsp;Vin\u00edcius Jr. se ausentar\u00e1 por lesi\u00f3n del cl\u00e1sico contra Argentina en el estadio Maracan\u00e1,&nbsp;por la sexta fecha de&hellip; <\/p>\n","protected":false},"author":4,"featured_media":103370,"comment_status":"closed","ping_status":"open","sticky":false,"template":"","format":"standard","meta":{"footnotes":""},"categories":[4],"tags":[],"class_list":["post-103369","post","type-post","status-publish","format-standard","has-post-thumbnail","hentry","category-deportes"],"_links":{"self":[{"href":"https:\/\/corrientesdetarde.com\/index.php\/wp-json\/wp\/v2\/posts\/103369","targetHints":{"allow":["GET"]}}],"collection":[{"href":"https:\/\/corrientesdetarde.com\/index.php\/wp-json\/wp\/v2\/posts"}],"about":[{"href":"https:\/\/corrientesdetarde.com\/index.php\/wp-json\/wp\/v2\/types\/post"}],"author":[{"embeddable":true,"href":"https:\/\/corrientesdetarde.com\/index.php\/wp-json\/wp\/v2\/users\/4"}],"replies":[{"embeddable":true,"href":"https:\/\/corrientesdetarde.com\/index.php\/wp-json\/wp\/v2\/comments?post=103369"}],"version-history":[{"count":1,"href":"https:\/\/corrientesdetarde.com\/index.php\/wp-json\/wp\/v2\/posts\/103369\/revisions"}],"predecessor-version":[{"id":103371,"href":"https:\/\/corrientesdetarde.com\/index.php\/wp-json\/wp\/v2\/posts\/103369\/revisions\/103371"}],"wp:featuredmedia":[{"embeddable":true,"href":"https:\/\/corrientesdetarde.com\/index.php\/wp-json\/wp\/v2\/media\/103370"}],"wp:attachment":[{"href":"https:\/\/corrientesdetarde.com\/index.php\/wp-json\/wp\/v2\/media?parent=103369"}],"wp:term":[{"taxonomy":"category","embeddable":true,"href":"https:\/\/corrientesdetarde.com\/index.php\/wp-json\/wp\/v2\/categories?post=103369"},{"taxonomy":"post_tag","embeddable":true,"href":"https:\/\/corrientesdetarde.com\/index.php\/wp-json\/wp\/v2\/tags?post=103369"}],"curies":[{"name":"wp","href":"https:\/\/api.w.org\/{rel}","templated":true}]}}