{"id":103376,"date":"2023-11-18T21:46:35","date_gmt":"2023-11-19T00:46:35","guid":{"rendered":"https:\/\/corrientesdetarde.com\/?p=103376"},"modified":"2023-11-18T21:46:47","modified_gmt":"2023-11-19T00:46:47","slug":"jorge-sampaoli-suena-para-ser-el-entrenador-de-la-seleccion-de-peru","status":"publish","type":"post","link":"https:\/\/corrientesdetarde.com\/index.php\/deportes\/jorge-sampaoli-suena-para-ser-el-entrenador-de-la-seleccion-de-peru\/","title":{"rendered":"Jorge Sampaoli suena para ser el entrenador de la selecci\u00f3n de Per\u00fa"},"content":{"rendered":"\n<p>El ex entrenador de Flamengo podr\u00eda ser el sexto director t\u00e9cnico argentino en las Eliminatorias.<\/p>\n\n\n\n<p>El entrenador argentino<strong>&nbsp;Jorge Sampaoli est\u00e1 entre los candidatos que tiene en carpeta la Federaci\u00f3n Peruana de F\u00fatbol para reemplazar a Juan Reynoso<\/strong>&nbsp;en el cargo de director t\u00e9cnico del seleccionado inca.<\/p>\n\n\n\n<p>Tras el muy pobre inicio de Per\u00fa en las Eliminatorias Sudamericanas donde cosech\u00f3 cuatro derrotas y un empate,\u00a0<strong>la ca\u00edda ante Bolivia en La Paz\u00a0fue la gota que rebals\u00f3 el vaso y los dirigentes de la FPF decidieron darle un ultim\u00e1tum a Juan Reynoso<\/strong>\u00a0como entrenador de la selecci\u00f3n.<\/p>\n\n\n\n<p><strong>El partido ante Venezuela en Lima ser\u00e1 trascendental para el director t\u00e9cnico<\/strong>&nbsp;que tendr\u00eda las horas contadas al mando del seleccionado inca. Por ello, en la FPF ya sondearon al argentino&nbsp;<strong>Jorge Sampaoli para reemplazarlo.<\/strong><\/p>\n\n\n\n<p>El oriundo del pueblo santafesino de Casilda viene de tener su&nbsp;<strong>\u00faltima experiencia en el Flamengo de Brasil donde dirigi\u00f3 39 partidos en cinco meses y rescindi\u00f3 contrato tras perder la Copa de Brasil<\/strong>. A nivel selecciones, Sampaoli estuvo&nbsp;<strong>al mando de Chile entre 2012 y 2016,<\/strong>&nbsp;donde cosech\u00f3 dos Copas Am\u00e9ricas, y entre&nbsp;<strong>2017 y 2018 dirigi\u00f3 a la Argentina.<\/strong><\/p>\n\n\n\n<p>En caso de que el santafesino tome el cargo de entrenador, ser\u00e1n<strong>&nbsp;seis los directores t\u00e9cnicos al mando de selecciones sudamericanas.<\/strong>&nbsp;Sampaoli se sumar\u00eda a&nbsp;<strong>Lionel Scaloni en Argentina, Marcelo Bielsa en Uruguay, Daniel Garnero en Paraguay, N\u00e9stor Lorenzo en Colombia y Fernando Batista en Venezuela.<\/strong><\/p>\n","protected":false},"excerpt":{"rendered":"<p>El ex entrenador de Flamengo podr\u00eda ser el sexto director t\u00e9cnico argentino en las Eliminatorias. El entrenador argentino&nbsp;Jorge Sampaoli est\u00e1 entre los candidatos que tiene en carpeta la Federaci\u00f3n Peruana&hellip; <\/p>\n","protected":false},"author":4,"featured_media":103377,"comment_status":"closed","ping_status":"open","sticky":false,"template":"","format":"standard","meta":{"footnotes":""},"categories":[4],"tags":[],"class_list":["post-103376","post","type-post","status-publish","format-standard","has-post-thumbnail","hentry","category-deportes"],"_links":{"self":[{"href":"https:\/\/corrientesdetarde.com\/index.php\/wp-json\/wp\/v2\/posts\/103376","targetHints":{"allow":["GET"]}}],"collection":[{"href":"https:\/\/corrientesdetarde.com\/index.php\/wp-json\/wp\/v2\/posts"}],"about":[{"href":"https:\/\/corrientesdetarde.com\/index.php\/wp-json\/wp\/v2\/types\/post"}],"author":[{"embeddable":true,"href":"https:\/\/corrientesdetarde.com\/index.php\/wp-json\/wp\/v2\/users\/4"}],"replies":[{"embeddable":true,"href":"https:\/\/corrientesdetarde.com\/index.php\/wp-json\/wp\/v2\/comments?post=103376"}],"version-history":[{"count":1,"href":"https:\/\/corrientesdetarde.com\/index.php\/wp-json\/wp\/v2\/posts\/103376\/revisions"}],"predecessor-version":[{"id":103378,"href":"https:\/\/corrientesdetarde.com\/index.php\/wp-json\/wp\/v2\/posts\/103376\/revisions\/103378"}],"wp:featuredmedia":[{"embeddable":true,"href":"https:\/\/corrientesdetarde.com\/index.php\/wp-json\/wp\/v2\/media\/103377"}],"wp:attachment":[{"href":"https:\/\/corrientesdetarde.com\/index.php\/wp-json\/wp\/v2\/media?parent=103376"}],"wp:term":[{"taxonomy":"category","embeddable":true,"href":"https:\/\/corrientesdetarde.com\/index.php\/wp-json\/wp\/v2\/categories?post=103376"},{"taxonomy":"post_tag","embeddable":true,"href":"https:\/\/corrientesdetarde.com\/index.php\/wp-json\/wp\/v2\/tags?post=103376"}],"curies":[{"name":"wp","href":"https:\/\/api.w.org\/{rel}","templated":true}]}}