{"id":103508,"date":"2023-11-19T15:31:43","date_gmt":"2023-11-19T18:31:43","guid":{"rendered":"https:\/\/corrientesdetarde.com\/?p=103508"},"modified":"2023-11-19T15:31:47","modified_gmt":"2023-11-19T18:31:47","slug":"voto-patricia-bullrich-y-alerto-sobre-la-aparicion-de-boletas-sin-numero-de-milei","status":"publish","type":"post","link":"https:\/\/corrientesdetarde.com\/index.php\/nacionales\/voto-patricia-bullrich-y-alerto-sobre-la-aparicion-de-boletas-sin-numero-de-milei\/","title":{"rendered":"Vot\u00f3 Patricia Bullrich y alert\u00f3 sobre la aparici\u00f3n de boletas &#8220;sin n\u00famero&#8221; de Milei"},"content":{"rendered":"\n<p>(Corresponsal\u00eda Buenos Aires) <\/p>\n\n\n\n<p>&#8220;Quiero contarles que en muchos lugares de la provincia de Buenos Aires y del interior est\u00e1n apareciendo boletas sin n\u00famero y con n\u00fameros cambiados y boletas de las PASO&#8221;, alert\u00f3 la titular del PRO, Patricia Bullrich.<br>Lo hizo hace minutos -vot\u00f3 14.15- en el predio de la Sociedad Rural porte\u00f1a, ubicada en Av. Sarmiento 2704, CABA, en la mesa n\u00famero 6441. M\u00e1s all\u00e1 de la declaraci\u00f3n en clave de alerta por ciertas irregularidades en el comicio que definir\u00e1 al presidente de los argentinos por los pr\u00f3ximos cuatro a\u00f1os y que tiene a Javier Milei y Sergio Massa como contendientes, Bullrich admiti\u00f3 con un dej\u00f3 de pena: \u201cMe hubiera gustado estar en esta instancia\u201d.<br>La excandidata se acerc\u00f3 en soledad a su mesa de votaci\u00f3n y salud\u00f3 a oficiales de la Polic\u00eda de la Ciudad de Buenos Aires en la previa a su ingreso al cuarto oscuro. Tras emitir su voto Bullrich -quien trabaj\u00f3 en coordinaci\u00f3n con La Libertad Avanza en la fiscalizaci\u00f3n del comicio- habl\u00f3 con la prensa y advirti\u00f3 que &#8220;se est\u00e1 haciendo una presentaci\u00f3n para que se tome en cuenta que se respete la voluntad popular. Que se den por v\u00e1lidos los votos&#8221; esos votos que supuestamente tienen irregularidades en su impresi\u00f3n. &#8220;Eso es mera picard\u00eda&#8221;, complet\u00f3 Bullrich.<br>La excandidata habl\u00f3 de &#8220;un largo proceso, primero con PASO, elecci\u00f3n y balotaje&#8221; y admiti\u00f3 que desde una perspectiva personal le hubiese gustado estar en esta instancia, aunque &#8220;la realidad fue otra&#8221;. &#8220;Hemos planteada la importancia de que la democracia contin\u00fae, se profundice y es lo m\u00e1s importante que tenemos en este d\u00eda, que la Argentina pueda tener un cambio que merecemos&#8221;, agreg\u00f3.<br>Respecto de su relaci\u00f3n con el candidato de la Libertad Avanza una vez conocido el resultado, la presidente del Pro dijo que &#8220;Milei ser\u00e1 su propio vocero. Creo que es una elecci\u00f3n en la que LLA y el PRO han hecho un esfuerzo enorme por una fiscalizaci\u00f3n in\u00e9dita. Est\u00e1n cubiertas el 100% de las mesas, fiscales a la espera del ser llamados, ha habido una respuesta de la ciudadan\u00eda&#8221;.<br>Por \u00faltimo, pidi\u00f3 que el pr\u00f3ximo lunes sea &#8220;un d\u00eda en el que la gente tenga la esperanza que desde hace cuatro a\u00f1os no tiene&#8221;.<\/p>\n","protected":false},"excerpt":{"rendered":"<p>(Corresponsal\u00eda Buenos Aires) &#8220;Quiero contarles que en muchos lugares de la provincia de Buenos Aires y del interior est\u00e1n apareciendo boletas sin n\u00famero y con n\u00fameros cambiados y boletas de&hellip; <\/p>\n","protected":false},"author":11,"featured_media":103509,"comment_status":"closed","ping_status":"open","sticky":false,"template":"","format":"standard","meta":{"footnotes":""},"categories":[26,10],"tags":[],"class_list":["post-103508","post","type-post","status-publish","format-standard","has-post-thumbnail","hentry","category-destacados","category-nacionales"],"_links":{"self":[{"href":"https:\/\/corrientesdetarde.com\/index.php\/wp-json\/wp\/v2\/posts\/103508","targetHints":{"allow":["GET"]}}],"collection":[{"href":"https:\/\/corrientesdetarde.com\/index.php\/wp-json\/wp\/v2\/posts"}],"about":[{"href":"https:\/\/corrientesdetarde.com\/index.php\/wp-json\/wp\/v2\/types\/post"}],"author":[{"embeddable":true,"href":"https:\/\/corrientesdetarde.com\/index.php\/wp-json\/wp\/v2\/users\/11"}],"replies":[{"embeddable":true,"href":"https:\/\/corrientesdetarde.com\/index.php\/wp-json\/wp\/v2\/comments?post=103508"}],"version-history":[{"count":1,"href":"https:\/\/corrientesdetarde.com\/index.php\/wp-json\/wp\/v2\/posts\/103508\/revisions"}],"predecessor-version":[{"id":103510,"href":"https:\/\/corrientesdetarde.com\/index.php\/wp-json\/wp\/v2\/posts\/103508\/revisions\/103510"}],"wp:featuredmedia":[{"embeddable":true,"href":"https:\/\/corrientesdetarde.com\/index.php\/wp-json\/wp\/v2\/media\/103509"}],"wp:attachment":[{"href":"https:\/\/corrientesdetarde.com\/index.php\/wp-json\/wp\/v2\/media?parent=103508"}],"wp:term":[{"taxonomy":"category","embeddable":true,"href":"https:\/\/corrientesdetarde.com\/index.php\/wp-json\/wp\/v2\/categories?post=103508"},{"taxonomy":"post_tag","embeddable":true,"href":"https:\/\/corrientesdetarde.com\/index.php\/wp-json\/wp\/v2\/tags?post=103508"}],"curies":[{"name":"wp","href":"https:\/\/api.w.org\/{rel}","templated":true}]}}