{"id":103511,"date":"2023-11-19T15:40:15","date_gmt":"2023-11-19T18:40:15","guid":{"rendered":"https:\/\/corrientesdetarde.com\/?p=103511"},"modified":"2023-11-19T15:40:19","modified_gmt":"2023-11-19T18:40:19","slug":"milei-voto-satisfecho-por-el-trabajo-de-su-espacio-y-postulo-ahora-que-hablen-las-urnas","status":"publish","type":"post","link":"https:\/\/corrientesdetarde.com\/index.php\/nacionales\/milei-voto-satisfecho-por-el-trabajo-de-su-espacio-y-postulo-ahora-que-hablen-las-urnas\/","title":{"rendered":"Milei vot\u00f3 &#8220;satisfecho&#8221; por el trabajo de su espacio y postul\u00f3: &#8220;Ahora, que hablen las urnas&#8221;"},"content":{"rendered":"\n<p>El candidato a presidente por La Libertad Avanza (LLA), Javier Milei, emiti\u00f3 su voto, se mostr\u00f3 satisfecho por el trabajo realizado por su fuerza &#8220;a pesar de la campa\u00f1a del miedo&#8221; y estim\u00f3 que &#8220;es el momento de que hable la gente&#8221;.<br>El postulante libertario lleg\u00f3 a la sede de la UTN en el barrio de Almagro pasadas las 12.35 de este domingo donde lo esperaba una nutrida guardia de periodistas de medios nacionales e internacionales y cerca de un centenar de sus seguidores que lo recibieron al grito de &#8220;libertad, libertad&#8221;.<br>Su llegada fue tan ca\u00f3tica como la de octubre, pero accedi\u00f3 al lugar de votaci\u00f3n a trav\u00e9s de un vallado que iba desde la esquina de Medrano y Lavalle hasta la puerta de la instituci\u00f3n.<br>&#8220;Hicimos todo el esfuerzo que pod\u00edamos hacer, ahora que hablen las urnas&#8221;, dijo luego de votar.<br>El candidato destac\u00f3 el &#8220;enorme trabajo&#8221; realizado durante la campa\u00f1a y apunt\u00f3 contra &#8220;la campa\u00f1a del miedo, la campa\u00f1a sucia que hicieron&#8221; desde el oficialismo.<br>&#8220;Es el momento que hable la gente, todo lo que hab\u00eda que hacer, ya se hizo&#8221;, afirm\u00f3.<br>Consultado por sus expectativas, dijo esperar que &#8220;los n\u00fameros sean tan claros como para tener un nuevo presidente electo&#8221; y que &#8220;ma\u00f1ana haya esperanza y no continuidad de decadencia&#8221;.<\/p>\n","protected":false},"excerpt":{"rendered":"<p>El candidato a presidente por La Libertad Avanza (LLA), Javier Milei, emiti\u00f3 su voto, se mostr\u00f3 satisfecho por el trabajo realizado por su fuerza &#8220;a pesar de la campa\u00f1a del&hellip; <\/p>\n","protected":false},"author":11,"featured_media":103512,"comment_status":"closed","ping_status":"open","sticky":false,"template":"","format":"standard","meta":{"footnotes":""},"categories":[26,10],"tags":[],"class_list":["post-103511","post","type-post","status-publish","format-standard","has-post-thumbnail","hentry","category-destacados","category-nacionales"],"_links":{"self":[{"href":"https:\/\/corrientesdetarde.com\/index.php\/wp-json\/wp\/v2\/posts\/103511","targetHints":{"allow":["GET"]}}],"collection":[{"href":"https:\/\/corrientesdetarde.com\/index.php\/wp-json\/wp\/v2\/posts"}],"about":[{"href":"https:\/\/corrientesdetarde.com\/index.php\/wp-json\/wp\/v2\/types\/post"}],"author":[{"embeddable":true,"href":"https:\/\/corrientesdetarde.com\/index.php\/wp-json\/wp\/v2\/users\/11"}],"replies":[{"embeddable":true,"href":"https:\/\/corrientesdetarde.com\/index.php\/wp-json\/wp\/v2\/comments?post=103511"}],"version-history":[{"count":1,"href":"https:\/\/corrientesdetarde.com\/index.php\/wp-json\/wp\/v2\/posts\/103511\/revisions"}],"predecessor-version":[{"id":103513,"href":"https:\/\/corrientesdetarde.com\/index.php\/wp-json\/wp\/v2\/posts\/103511\/revisions\/103513"}],"wp:featuredmedia":[{"embeddable":true,"href":"https:\/\/corrientesdetarde.com\/index.php\/wp-json\/wp\/v2\/media\/103512"}],"wp:attachment":[{"href":"https:\/\/corrientesdetarde.com\/index.php\/wp-json\/wp\/v2\/media?parent=103511"}],"wp:term":[{"taxonomy":"category","embeddable":true,"href":"https:\/\/corrientesdetarde.com\/index.php\/wp-json\/wp\/v2\/categories?post=103511"},{"taxonomy":"post_tag","embeddable":true,"href":"https:\/\/corrientesdetarde.com\/index.php\/wp-json\/wp\/v2\/tags?post=103511"}],"curies":[{"name":"wp","href":"https:\/\/api.w.org\/{rel}","templated":true}]}}