{"id":103514,"date":"2023-11-19T18:33:54","date_gmt":"2023-11-19T21:33:54","guid":{"rendered":"https:\/\/corrientesdetarde.com\/?p=103514"},"modified":"2023-11-19T18:34:06","modified_gmt":"2023-11-19T21:34:06","slug":"encontraron-el-cuerpo-de-un-hombre-bajo-el-puente-gral-belgrano","status":"publish","type":"post","link":"https:\/\/corrientesdetarde.com\/index.php\/policiales\/encontraron-el-cuerpo-de-un-hombre-bajo-el-puente-gral-belgrano\/","title":{"rendered":"Encontraron el cuerpo de un hombre bajo el puente Gral. Belgrano."},"content":{"rendered":"\n<h2 class=\"wp-block-heading\">La Polic\u00eda de Corrientes, Gendarmer\u00eda y Prefectura hallaron el cuerpo en una de las bases del puente. Sospechan que se habr\u00eda quitado la vida.<\/h2>\n\n\n\n<p>Durante la tarde de este domingo 19 de noviembre, efectivos de la Polic\u00eda de Corrientes, Prefectura y Gendarmer\u00eda hallaron el cuerpo de un hombre en una de las bases estructurales del Puente General Belgrano.<\/p>\n\n\n\n<p>De acuerdo a las c\u00e1maras de seguridad SISE, los efectivos realizaron un operativo que dio con el hombre ya fallecido, el cual se sospecha que se habr\u00eda quitado la vida.<\/p>\n","protected":false},"excerpt":{"rendered":"<p>La Polic\u00eda de Corrientes, Gendarmer\u00eda y Prefectura hallaron el cuerpo en una de las bases del puente. Sospechan que se habr\u00eda quitado la vida. Durante la tarde de este domingo&hellip; <\/p>\n","protected":false},"author":6,"featured_media":103515,"comment_status":"closed","ping_status":"open","sticky":false,"template":"","format":"standard","meta":{"footnotes":""},"categories":[33],"tags":[],"class_list":["post-103514","post","type-post","status-publish","format-standard","has-post-thumbnail","hentry","category-policiales"],"_links":{"self":[{"href":"https:\/\/corrientesdetarde.com\/index.php\/wp-json\/wp\/v2\/posts\/103514","targetHints":{"allow":["GET"]}}],"collection":[{"href":"https:\/\/corrientesdetarde.com\/index.php\/wp-json\/wp\/v2\/posts"}],"about":[{"href":"https:\/\/corrientesdetarde.com\/index.php\/wp-json\/wp\/v2\/types\/post"}],"author":[{"embeddable":true,"href":"https:\/\/corrientesdetarde.com\/index.php\/wp-json\/wp\/v2\/users\/6"}],"replies":[{"embeddable":true,"href":"https:\/\/corrientesdetarde.com\/index.php\/wp-json\/wp\/v2\/comments?post=103514"}],"version-history":[{"count":1,"href":"https:\/\/corrientesdetarde.com\/index.php\/wp-json\/wp\/v2\/posts\/103514\/revisions"}],"predecessor-version":[{"id":103516,"href":"https:\/\/corrientesdetarde.com\/index.php\/wp-json\/wp\/v2\/posts\/103514\/revisions\/103516"}],"wp:featuredmedia":[{"embeddable":true,"href":"https:\/\/corrientesdetarde.com\/index.php\/wp-json\/wp\/v2\/media\/103515"}],"wp:attachment":[{"href":"https:\/\/corrientesdetarde.com\/index.php\/wp-json\/wp\/v2\/media?parent=103514"}],"wp:term":[{"taxonomy":"category","embeddable":true,"href":"https:\/\/corrientesdetarde.com\/index.php\/wp-json\/wp\/v2\/categories?post=103514"},{"taxonomy":"post_tag","embeddable":true,"href":"https:\/\/corrientesdetarde.com\/index.php\/wp-json\/wp\/v2\/tags?post=103514"}],"curies":[{"name":"wp","href":"https:\/\/api.w.org\/{rel}","templated":true}]}}