{"id":103518,"date":"2023-11-19T18:45:25","date_gmt":"2023-11-19T21:45:25","guid":{"rendered":"https:\/\/corrientesdetarde.com\/?p=103518"},"modified":"2023-11-19T18:45:36","modified_gmt":"2023-11-19T21:45:36","slug":"elecciones-2023-voto-el-76-del-padron","status":"publish","type":"post","link":"https:\/\/corrientesdetarde.com\/index.php\/politica\/elecciones-2023-voto-el-76-del-padron\/","title":{"rendered":"Elecciones 2023: vot\u00f3 el 76% del padr\u00f3n."},"content":{"rendered":"\n<h2 class=\"wp-block-heading\">La C\u00e1mara Nacional Electoral difundi\u00f3 el \u00faltimo corte de la jornada, aunque el porcentaje se actualizar\u00e1 con el escrutinio; en la primera vuelta sufrag\u00f3 el 77,6%.<\/h2>\n\n\n\n<p>En la \u00faltima elecci\u00f3n del a\u00f1o en la Argentina, un 76% del padr\u00f3n vot\u00f3 hasta las 18 en el balotaje entre Sergio Massa (Uni\u00f3n por la Patria) y Javier Milei (La Libertad Avanza), seg\u00fan los datos difundidos por la C\u00e1mara Nacional Electoral (CNE) cuando cerraban las urnas. Es un porcentaje mayor al de la primera vuelta del 22 de octubre, cuando un 74% hab\u00eda votado hasta esta hora.<\/p>\n\n\n\n<p>&nbsp;&#8220;Todav\u00eda hay lugares del pa\u00eds con ciudadanos y ciudadanas que se encuentran votando as\u00ed que seguramente ese n\u00famero se va a elevar&#8221;, dijo Julio Vitobello, secretario general de la presidencia, poco despu\u00e9s del cierre de urnas.<\/p>\n\n\n\n<p>En el primer corte de participaci\u00f3n, al mediod\u00eda, un 30% de los votantes hab\u00eda acudido a las urnas, un n\u00famero muy parecido al de las elecciones generales (29,6%). En el segundo parte, de las 14, la diferencia se empez\u00f3 a ampliar: de un 44,4% en las generales a un 45% en esta segunda vuelta. A las 16, era de tres puntos (59% en octubre y 62% hoy).<\/p>\n\n\n\n<p>La participaci\u00f3n electoral aument\u00f3 en octubre desde las primarias abiertas simult\u00e1neas y obligatorias (PASO) del 13 de agosto, cuando hubo un r\u00e9cord hist\u00f3rico de ausentismo: el 69% de los ciudadanos habilitados vot\u00f3 en esa instancia. Es decir, 10.474.831 las personas que no sufragaron.<\/p>\n\n\n\n<p>Mientras tanto, en las elecciones generales del mes pasado sufrag\u00f3 el 77,6% del padr\u00f3n, lo que represent\u00f3 un aumento del 7,6% en la participaci\u00f3n.<\/p>\n\n\n\n<p>Para esta vuelta, los encuestadores preve\u00edan una participaci\u00f3n de alrededor del 75% y que una mayor afluencia a las urnas beneficiar\u00eda a Milei.<\/p>\n\n\n\n<p>La m\u00e1xima afluencia a las urnas se registr\u00f3 en las elecciones de 1983 y de 1989, luego del regreso de la democracia, con una presencia superior al 85% del padr\u00f3n. En los a\u00f1os 90 los porcentajes bajaron, pero hasta el 82 por ciento. Luego de la crisis de 2001, el porcentaje perfor\u00f3 el piso del 80 por ciento.<\/p>\n\n\n\n<p>Pero la \u00faltima elecci\u00f3n comparable con esta son las presidenciales de 2019, cuando acudi\u00f3 a las urnas el 80,42% de los votantes. Esa elecci\u00f3n se resolvi\u00f3 en primera vuelta.<\/p>\n","protected":false},"excerpt":{"rendered":"<p>La C\u00e1mara Nacional Electoral difundi\u00f3 el \u00faltimo corte de la jornada, aunque el porcentaje se actualizar\u00e1 con el escrutinio; en la primera vuelta sufrag\u00f3 el 77,6%. En la \u00faltima elecci\u00f3n&hellip; <\/p>\n","protected":false},"author":6,"featured_media":103520,"comment_status":"closed","ping_status":"open","sticky":false,"template":"","format":"standard","meta":{"footnotes":""},"categories":[10,3],"tags":[],"class_list":["post-103518","post","type-post","status-publish","format-standard","has-post-thumbnail","hentry","category-nacionales","category-politica"],"_links":{"self":[{"href":"https:\/\/corrientesdetarde.com\/index.php\/wp-json\/wp\/v2\/posts\/103518","targetHints":{"allow":["GET"]}}],"collection":[{"href":"https:\/\/corrientesdetarde.com\/index.php\/wp-json\/wp\/v2\/posts"}],"about":[{"href":"https:\/\/corrientesdetarde.com\/index.php\/wp-json\/wp\/v2\/types\/post"}],"author":[{"embeddable":true,"href":"https:\/\/corrientesdetarde.com\/index.php\/wp-json\/wp\/v2\/users\/6"}],"replies":[{"embeddable":true,"href":"https:\/\/corrientesdetarde.com\/index.php\/wp-json\/wp\/v2\/comments?post=103518"}],"version-history":[{"count":1,"href":"https:\/\/corrientesdetarde.com\/index.php\/wp-json\/wp\/v2\/posts\/103518\/revisions"}],"predecessor-version":[{"id":103521,"href":"https:\/\/corrientesdetarde.com\/index.php\/wp-json\/wp\/v2\/posts\/103518\/revisions\/103521"}],"wp:featuredmedia":[{"embeddable":true,"href":"https:\/\/corrientesdetarde.com\/index.php\/wp-json\/wp\/v2\/media\/103520"}],"wp:attachment":[{"href":"https:\/\/corrientesdetarde.com\/index.php\/wp-json\/wp\/v2\/media?parent=103518"}],"wp:term":[{"taxonomy":"category","embeddable":true,"href":"https:\/\/corrientesdetarde.com\/index.php\/wp-json\/wp\/v2\/categories?post=103518"},{"taxonomy":"post_tag","embeddable":true,"href":"https:\/\/corrientesdetarde.com\/index.php\/wp-json\/wp\/v2\/tags?post=103518"}],"curies":[{"name":"wp","href":"https:\/\/api.w.org\/{rel}","templated":true}]}}