{"id":10355,"date":"2022-10-11T16:10:55","date_gmt":"2022-10-11T19:10:55","guid":{"rendered":"https:\/\/corrientesdetarde.com\/?p=10355"},"modified":"2022-10-11T16:10:58","modified_gmt":"2022-10-11T19:10:58","slug":"inauguracion-de-la-muestra-urgencia-de-un-paisaje-que-nos-habita-de-mizdraji-y-morcon","status":"publish","type":"post","link":"https:\/\/corrientesdetarde.com\/index.php\/cultura\/inauguracion-de-la-muestra-urgencia-de-un-paisaje-que-nos-habita-de-mizdraji-y-morcon\/","title":{"rendered":"Inauguraci\u00f3n de la muestra \u201cUrgencia de un paisaje que nos habita\u201d de Mizdraji y Morc\u00f3n"},"content":{"rendered":"\n<p>El Gobierno de la Provincia, a trav\u00e9s del Instituto de Cultura, invita a la inauguraci\u00f3n de la muestra \u201cUrgencia de un paisaje que nos habita\u201d de los artistas Jos\u00e9 Mizdraji y Osvaldo Morc\u00f3n. La misma se realizar\u00e1 este mi\u00e9rcoles 12 de octubre, a las 20, en la Sala Jos\u00e9 Negro del Museo de Bellas Artes \u201cDr. Juan R. Vidal\u201d. El acceso es libre y gratuito.<\/p>\n\n\n\n<p>Al referirse a esta muestra, Gustavo Insaurralde expresa:<\/p>\n\n\n\n<p>Bit\u00e1cora compartida de un viaje pict\u00f3rico<\/p>\n\n\n\n<p>Osvaldo Morc\u00f3n y Jos\u00e9 Mizdraji presentan una exposici\u00f3n que re\u00fane sus m\u00e1s recientes obras donde comparten sus impresiones del paisaje. Aqu\u00ed es preciso definir ese territorio \u2013real y sensorial- como un extenso horizonte donde confluye agua, tierra y cielo pero tambi\u00e9n ese enclave atravesado por la historia colectiva y la memoria personal.<\/p>\n\n\n\n<p>Los artistas, con la premura de colores encendidos en sus ojos, nos recuerdan en esta muestra a los expedicionarios de otros siglos y sus ilustradas bit\u00e1coras de viajes. Los trabajos presentados permiten intuir el recorrido realizado, aportan sus observaciones sobre la naturaleza y tambi\u00e9n podemos percibir breves estudios marcados por los saberes nativos. Hay una manera idealizada de ver el paisaje, y aqu\u00ed, tanto Morc\u00f3n como Mizdraji contribuyen desde una comprendida contemplaci\u00f3n con una serie que prueban la diversidad biocultural en tensi\u00f3n con las evidencias de conquista, de exploraci\u00f3n y de explotaci\u00f3n.<\/p>\n\n\n\n<p>Osvaldo Morc\u00f3n trabaja sobre un papel vegetal de inquietante transparencia. Sus obras parecen manuscritos, una bit\u00e1cora perdida durante siglos. Trazos gestuales, anotaciones y bocetos conforman un sutil hallazgo pict\u00f3rico para describir el paisaje natural y humano con notable sensibilidad. En esta producci\u00f3n se incorpora la palabra como elemento de sentido, entre la opini\u00f3n y la reflexi\u00f3n.<\/p>\n\n\n\n<p>Jos\u00e9 Mizdraji realiza texturas de color, con pocas y justas pinceladas logra conjugar sensaciones y sentimientos del entorno cercano puesto en el centro de la escena ante la creciente crisis ambiental. Las im\u00e1genes alteran entre lo que es y podr\u00eda ser, y en esa coyuntura aparecen sugestivas llamaradas florecientes como un augurio auspicioso. Por otra parte, el artista crea algunas obras desde una abstracci\u00f3n evidente y consolida un singular expresionismo que conmueve e impacienta porque uno puede intuir la flora y fauna latente en una geograf\u00eda siempre amenazada.<\/p>\n\n\n\n<p>Desde una genuina mirada po\u00e9tica, los artistas Jos\u00e9 Mizdraji y Osvaldo Morc\u00f3n proponen un ineludible llamado de atenci\u00f3n frente al actual y alarmante diagn\u00f3stico de nuestro medioambiente.<\/p>\n\n\n\n<figure class=\"wp-block-image size-large\"><img loading=\"lazy\" decoding=\"async\" width=\"707\" height=\"1024\" src=\"https:\/\/corrientesdetarde.com\/wp-content\/uploads\/2022\/10\/image-95-707x1024.png\" alt=\"\" class=\"wp-image-10356\" srcset=\"https:\/\/corrientesdetarde.com\/wp-content\/uploads\/2022\/10\/image-95-707x1024.png 707w, https:\/\/corrientesdetarde.com\/wp-content\/uploads\/2022\/10\/image-95-207x300.png 207w, https:\/\/corrientesdetarde.com\/wp-content\/uploads\/2022\/10\/image-95-768x1112.png 768w, https:\/\/corrientesdetarde.com\/wp-content\/uploads\/2022\/10\/image-95.png 884w\" sizes=\"auto, (max-width: 707px) 100vw, 707px\" \/><\/figure>\n\n\n\n<figure class=\"wp-block-image size-large\"><img loading=\"lazy\" decoding=\"async\" width=\"1024\" height=\"686\" src=\"https:\/\/corrientesdetarde.com\/wp-content\/uploads\/2022\/10\/image-96-1024x686.png\" alt=\"\" class=\"wp-image-10357\" srcset=\"https:\/\/corrientesdetarde.com\/wp-content\/uploads\/2022\/10\/image-96-1024x686.png 1024w, https:\/\/corrientesdetarde.com\/wp-content\/uploads\/2022\/10\/image-96-300x201.png 300w, https:\/\/corrientesdetarde.com\/wp-content\/uploads\/2022\/10\/image-96-768x515.png 768w, https:\/\/corrientesdetarde.com\/wp-content\/uploads\/2022\/10\/image-96-272x182.png 272w, https:\/\/corrientesdetarde.com\/wp-content\/uploads\/2022\/10\/image-96.png 1112w\" sizes=\"auto, (max-width: 1024px) 100vw, 1024px\" \/><\/figure>\n\n\n\n<figure class=\"wp-block-image size-full\"><img loading=\"lazy\" decoding=\"async\" width=\"720\" height=\"406\" src=\"https:\/\/corrientesdetarde.com\/wp-content\/uploads\/2022\/10\/image-97.png\" alt=\"\" class=\"wp-image-10358\" srcset=\"https:\/\/corrientesdetarde.com\/wp-content\/uploads\/2022\/10\/image-97.png 720w, https:\/\/corrientesdetarde.com\/wp-content\/uploads\/2022\/10\/image-97-300x169.png 300w\" sizes=\"auto, (max-width: 720px) 100vw, 720px\" \/><\/figure>\n","protected":false},"excerpt":{"rendered":"<p>El Gobierno de la Provincia, a trav\u00e9s del Instituto de Cultura, invita a la inauguraci\u00f3n de la muestra \u201cUrgencia de un paisaje que nos habita\u201d de los artistas Jos\u00e9 Mizdraji&hellip; <\/p>\n","protected":false},"author":8,"featured_media":10359,"comment_status":"closed","ping_status":"open","sticky":false,"template":"","format":"standard","meta":{"footnotes":""},"categories":[15],"tags":[],"class_list":["post-10355","post","type-post","status-publish","format-standard","has-post-thumbnail","hentry","category-cultura"],"_links":{"self":[{"href":"https:\/\/corrientesdetarde.com\/index.php\/wp-json\/wp\/v2\/posts\/10355","targetHints":{"allow":["GET"]}}],"collection":[{"href":"https:\/\/corrientesdetarde.com\/index.php\/wp-json\/wp\/v2\/posts"}],"about":[{"href":"https:\/\/corrientesdetarde.com\/index.php\/wp-json\/wp\/v2\/types\/post"}],"author":[{"embeddable":true,"href":"https:\/\/corrientesdetarde.com\/index.php\/wp-json\/wp\/v2\/users\/8"}],"replies":[{"embeddable":true,"href":"https:\/\/corrientesdetarde.com\/index.php\/wp-json\/wp\/v2\/comments?post=10355"}],"version-history":[{"count":1,"href":"https:\/\/corrientesdetarde.com\/index.php\/wp-json\/wp\/v2\/posts\/10355\/revisions"}],"predecessor-version":[{"id":10360,"href":"https:\/\/corrientesdetarde.com\/index.php\/wp-json\/wp\/v2\/posts\/10355\/revisions\/10360"}],"wp:featuredmedia":[{"embeddable":true,"href":"https:\/\/corrientesdetarde.com\/index.php\/wp-json\/wp\/v2\/media\/10359"}],"wp:attachment":[{"href":"https:\/\/corrientesdetarde.com\/index.php\/wp-json\/wp\/v2\/media?parent=10355"}],"wp:term":[{"taxonomy":"category","embeddable":true,"href":"https:\/\/corrientesdetarde.com\/index.php\/wp-json\/wp\/v2\/categories?post=10355"},{"taxonomy":"post_tag","embeddable":true,"href":"https:\/\/corrientesdetarde.com\/index.php\/wp-json\/wp\/v2\/tags?post=10355"}],"curies":[{"name":"wp","href":"https:\/\/api.w.org\/{rel}","templated":true}]}}