{"id":103597,"date":"2023-11-19T22:15:19","date_gmt":"2023-11-20T01:15:19","guid":{"rendered":"https:\/\/corrientesdetarde.com\/?p=103597"},"modified":"2023-11-19T22:15:31","modified_gmt":"2023-11-20T01:15:31","slug":"el-primer-discurso-del-presidente-electo-javier-milei","status":"publish","type":"post","link":"https:\/\/corrientesdetarde.com\/index.php\/politica\/el-primer-discurso-del-presidente-electo-javier-milei\/","title":{"rendered":"EL PRIMER DISCURSO DEL PRESIDENTE ELECTO, JAVIER MILEI."},"content":{"rendered":"\n<h2 class=\"wp-block-heading\">&#8220;Hoy comienza la reconstrucci\u00f3n de Argentina&#8221;, expres\u00f3 Javier Milei tras ganar las elecciones presidenciales.<\/h2>\n\n\n\n<p>El Presidente electo Javier Milei habl\u00f3 cerca de las 10 de la noche y asegur\u00f3: &#8220;hoy comienza la transici\u00f3n de la Argentina, pero tambi\u00e9n empieza el fin de la decadencia&#8221;. &#8220;Se termina el poder del estado considerado como un bot\u00edn de los pol\u00edticos. Volvemos a abrazar las ideas de la libertad, las ideas de Alberdi&#8221;, dijo el l\u00edder libertario.\u00a0<\/p>\n\n\n\n<p>El primer discurso de Javier Milei como presidente electo. Las frases m\u00e1s destacadas:<\/p>\n\n\n\n<p><br>&#8220;Buenas noches a todos los argentinos de bien, porque hoy comienza la reconstrucci\u00f3n de Argentina&#8221;.<\/p>\n\n\n\n<p>&#8220;Gracias por lograr el milagro de tener un presidente liberal libertario&#8221;.<\/p>\n\n\n\n<p>&#8220;Dijimos que los votos estaban y que hab\u00eda que cuidarlos. Y vaya si los cuidamos&#8221;.<\/p>\n\n\n\n<p>&#8220;Quiero agradecer el presidente Macri y ala se\u00f1ora Bullrich que desinteresadamente, como nunca se ha visto en la historia, pusieron el cuerpo para defender el cambio que la Argentina necesita&#8221;.<\/p>\n\n\n\n<p>&#8220;Hoy comienza el fin de la decadencia argentina. Hoy empezamos a dar vuelta la p\u00e1gina, hoy termina el Estado empobrecedor&#8221;.<\/p>\n\n\n\n<p>&#8220;Hoy volvemos a abrazar las ideas de la libertad. En definitivamente, las ideas de nuestros padres fundadores. Esas ideas se basan en tres premisas: un gobierno limitado, que cumple a rajatabla con los compromisos que ha tomado, respeto a la propiedad privada y comercio libre&#8221;.<\/p>\n\n\n\n<p>&#8220;Quiero decirles que todos se quieran sumar al PRO ser\u00e1n bienvenidos. Es m\u00e1s importante lo que nos une que lo que nos separa&#8221;.<\/p>\n\n\n\n<p>&#8220;En esta nueva Argentina no hay lugar para los violentos, al Gobierno quermeos pedirles que sean responsables y que se hagan cargo de su responsabilidad hasta el final de su mandato&#8221;.<\/p>\n\n\n\n<p>&#8220;La situaci\u00f3n de Argentina es cr\u00edtica, no hay lugar para gradualismo. No hay lugar para la tibieza, ni para medias tintas. Si no avanzamos en cambios estructurales, nos dirigimos a la peor crisis de toda la historia. Trabajemos juntos a partir del 10 de diciembre y podamos darle respuesta a una sociedad que ha sido abandonada por una clase pol\u00edtica&#8221;.<\/p>\n\n\n\n<figure class=\"wp-block-image\"><img decoding=\"async\" src=\"https:\/\/www.radiodos.com.ar\/content\/bucket\/0\/216440w770h430c.jpg.webp\" alt=\"\"\/><\/figure>\n","protected":false},"excerpt":{"rendered":"<p>&#8220;Hoy comienza la reconstrucci\u00f3n de Argentina&#8221;, expres\u00f3 Javier Milei tras ganar las elecciones presidenciales. El Presidente electo Javier Milei habl\u00f3 cerca de las 10 de la noche y asegur\u00f3: &#8220;hoy&hellip; <\/p>\n","protected":false},"author":6,"featured_media":103600,"comment_status":"closed","ping_status":"open","sticky":false,"template":"","format":"standard","meta":{"footnotes":""},"categories":[10,3],"tags":[],"class_list":["post-103597","post","type-post","status-publish","format-standard","has-post-thumbnail","hentry","category-nacionales","category-politica"],"_links":{"self":[{"href":"https:\/\/corrientesdetarde.com\/index.php\/wp-json\/wp\/v2\/posts\/103597","targetHints":{"allow":["GET"]}}],"collection":[{"href":"https:\/\/corrientesdetarde.com\/index.php\/wp-json\/wp\/v2\/posts"}],"about":[{"href":"https:\/\/corrientesdetarde.com\/index.php\/wp-json\/wp\/v2\/types\/post"}],"author":[{"embeddable":true,"href":"https:\/\/corrientesdetarde.com\/index.php\/wp-json\/wp\/v2\/users\/6"}],"replies":[{"embeddable":true,"href":"https:\/\/corrientesdetarde.com\/index.php\/wp-json\/wp\/v2\/comments?post=103597"}],"version-history":[{"count":1,"href":"https:\/\/corrientesdetarde.com\/index.php\/wp-json\/wp\/v2\/posts\/103597\/revisions"}],"predecessor-version":[{"id":103601,"href":"https:\/\/corrientesdetarde.com\/index.php\/wp-json\/wp\/v2\/posts\/103597\/revisions\/103601"}],"wp:featuredmedia":[{"embeddable":true,"href":"https:\/\/corrientesdetarde.com\/index.php\/wp-json\/wp\/v2\/media\/103600"}],"wp:attachment":[{"href":"https:\/\/corrientesdetarde.com\/index.php\/wp-json\/wp\/v2\/media?parent=103597"}],"wp:term":[{"taxonomy":"category","embeddable":true,"href":"https:\/\/corrientesdetarde.com\/index.php\/wp-json\/wp\/v2\/categories?post=103597"},{"taxonomy":"post_tag","embeddable":true,"href":"https:\/\/corrientesdetarde.com\/index.php\/wp-json\/wp\/v2\/tags?post=103597"}],"curies":[{"name":"wp","href":"https:\/\/api.w.org\/{rel}","templated":true}]}}