{"id":103657,"date":"2023-11-20T10:07:53","date_gmt":"2023-11-20T13:07:53","guid":{"rendered":"https:\/\/corrientesdetarde.com\/?p=103657"},"modified":"2023-11-20T10:08:04","modified_gmt":"2023-11-20T13:08:04","slug":"donald-trump-felicito-a-javier-milei-el-presidente-electo-de-argentina","status":"publish","type":"post","link":"https:\/\/corrientesdetarde.com\/index.php\/internacionales\/donald-trump-felicito-a-javier-milei-el-presidente-electo-de-argentina\/","title":{"rendered":"Donald Trump felicit\u00f3 a Javier Milei, el presidente electo de Argentina"},"content":{"rendered":"\n<h2 class=\"wp-block-heading\">El ex mandatario norteamericano celebr\u00f3 el triunfo del libertario<\/h2>\n\n\n\n<p>El expresidente de Estados Unidos\u00a0<strong>Donald Trump<\/strong>\u00a0(2017-2021) felicit\u00f3 este domingo al mandatario electo de Argentina, el libertarioJavier Milei, y se declar\u00f3 \u201corgulloso\u201d por su victoria.<\/p>\n\n\n\n<p>\u201cFelicitaciones a Javier Milei por una gran elecci\u00f3n como presidente de Argentina. \u00a1El mundo entero te estaba mirando! Estoy muy orgulloso de ti\u201d, expres\u00f3 el republicano en redes sociales.<\/p>\n\n\n\n<p>\u00a1Dar\u00e1s un giro a tu pa\u00eds y har\u00e1s que Argentina vuelva a ser grande!\u201d, agreg\u00f3 Trump, quien aspira a ser el candidato republicano en la presidenciales estadounidenses del pr\u00f3ximo a\u00f1o.<\/p>\n\n\n\n<p>En otro mensaje, el expresidente public\u00f3 una fotograf\u00eda de Milei y escribi\u00f3: \u201c<strong>Hagamos que Argentina sea grande otra vez\u201d, en referencia al lema popularizado por el republicano en las elecciones de 2016, \u201cHagamos que Estados Unidos sea grande otra vez\u201d.<\/strong><\/p>\n\n\n\n<p>Te puede interesar:<strong>Pablo Echarri: \u201cCreo profundamente que Sergio Massa es la persona que puede conducir los destinos de este pa\u00eds\u201d<\/strong><\/p>\n\n\n\n<p>El significativo mensaje ven\u00eda acompa\u00f1ado de una imagen del libertario argentino, una alerta noticiosa que consagra su triunfo frente a Sergio Massa.<\/p>\n\n\n\n<p>La felicitaci\u00f3n era muy esperada porque las comparaciones entre el argentino y el ex mandatario norteamericano coparon las portadas de los diarios mundiales y el propio Milei m\u00e1s de una vez admiti\u00f3 su admiraci\u00f3n por el magnate republicano.<\/p>\n\n\n\n<p><img loading=\"lazy\" decoding=\"async\" alt=\"Donal Trump, expresidente de EE.UU.,\" height=\"2354\" width=\"3529\" src=\"https:\/\/www.infobae.com\/new-resizer\/C0xBwofFwv6_pEhlTsM82LMDQTA=\/420x280\/filters:format(webp):quality(85)\/cloudfront-us-east-1.images.arcpublishing.com\/infobae\/BCXAI7E3Q5BSDK7GW3WLLH6O54.jpg%20420w\" srcset=\"https:\/\/www.infobae.com\/new-resizer\/C0xBwofFwv6_pEhlTsM82LMDQTA=\/420x280\/filters:format(webp):quality(85)\/cloudfront-us-east-1.images.arcpublishing.com\/infobae\/BCXAI7E3Q5BSDK7GW3WLLH6O54.jpg 420w,https:\/\/www.infobae.com\/new-resizer\/wZ1tTfOu_L84MV3lR8JNAL6-7Rk=\/768x512\/filters:format(webp):quality(85)\/cloudfront-us-east-1.images.arcpublishing.com\/infobae\/BCXAI7E3Q5BSDK7GW3WLLH6O54.jpg 768w,https:\/\/www.infobae.com\/new-resizer\/vFdjytiZJic0k8HuKUeMzGSKjK0=\/992x661\/filters:format(webp):quality(85)\/cloudfront-us-east-1.images.arcpublishing.com\/infobae\/BCXAI7E3Q5BSDK7GW3WLLH6O54.jpg 992w,https:\/\/www.infobae.com\/new-resizer\/u8lSyXRXovURYrdBl8hAWgjgIm8=\/1200x800\/filters:format(webp):quality(85)\/cloudfront-us-east-1.images.arcpublishing.com\/infobae\/BCXAI7E3Q5BSDK7GW3WLLH6O54.jpg 1200w,https:\/\/www.infobae.com\/new-resizer\/UNG_yVfhTtz1-Qc7M3c79gQh-FI=\/1440x960\/filters:format(webp):quality(85)\/cloudfront-us-east-1.images.arcpublishing.com\/infobae\/BCXAI7E3Q5BSDK7GW3WLLH6O54.jpg 1440w\">Donal Trump, expresidente de EE.UU.,<\/p>\n\n\n\n<p>El outsider -mismo mote con el que Trump lleg\u00f3 al poder en EEUU, gan\u00f3 este domingo las elecciones presidenciales de Argentina. Milei obtuvo 55% de los votos frente a 44% para el ministro de Econom\u00eda, el peronista de centro Sergio Massa, seg\u00fan resultados parciales oficiales.<\/p>\n\n\n\n<p>Los m\u00edtines de su campa\u00f1a presidencial han llenado estadios de conciertos con legiones de simpatizantes -muchos de ellos j\u00f3venes- con&nbsp;<strong>gorras de Make Argentina Great Again y juguetes de motosierra&nbsp;<\/strong>(el propio Milei ha aparecido en caravanas de campa\u00f1a con una motosierra, prometiendo recortar dr\u00e1sticamente la financiaci\u00f3n gubernamental). Sus v\u00eddeos virales en TikTok, su estilo inusual y sus comentarios sin filtro le han granjeado la popularidad de la Generaci\u00f3n Z.<\/p>\n\n\n\n<p><strong>Admirador de Trump, hizo campa\u00f1a con una versi\u00f3n argentina de \u201cDrenar el pantano\u201d, despotricando contra la \u201ccasta pol\u00edtica\u201d.<\/strong>\u00a0Promete cerrar el banco central, deshacerse del peso y adoptar el d\u00f3lar estadounidense como moneda oficial.<\/p>\n\n\n\n<p>Argentina navega por una inflaci\u00f3n anual de tres d\u00edgitos y una pobreza que toca al 40% de su poblaci\u00f3n. Es en el contexto de estos pesares econ\u00f3micos que los votantes eligieron su disruptivo programa en lugar de la propuesta de su rival, el ministro de Econom\u00eda Sergio Massa, un peronista de centro.<\/p>\n\n\n\n<p>Milei como \u2018influencer\u2019 naci\u00f3 en la televisi\u00f3n en 2015, participando en furibundas tertulias econ\u00f3micas. Luego, sus comentarios alimentaron las redes sociales y alcanzaron a los j\u00f3venes, para muchos de los cuales su discurso fue novedoso y rebelde.<\/p>\n\n\n\n<p>Trabaj\u00f3 en el sector privado hasta 2021, cuando fue elegido diputado del reci\u00e9n formado partido La Libertad Avanza. Desde entonces, quebr\u00f3 el bipartidismo argentino y domin\u00f3 la agenda medi\u00e1tica.<\/p>\n\n\n\n<p>Nacido en Buenos Aires en 1970, de joven jugaba f\u00fatbol y cantaba en una banda que versionaba canciones de los Rolling Stones.<\/p>\n\n\n\n<figure class=\"wp-block-image\"><img decoding=\"async\" src=\"https:\/\/www.semana.com\/resizer\/7FSrmHpfqwjTBumFkSEUJm-OSLQ=\/1280x720\/smart\/filters:format(jpg):quality(80)\/cloudfront-us-east-1.images.arcpublishing.com\/semana\/VPLHY2Z7N5EXBIUKXLDS4WKTMQ.jpg\" alt=\"Donald Trump felicita a Javier Milei por su victoria y anticipa que har\u00e1  que Argentina \u201cvuelva a ser grande\u201d\"\/><\/figure>\n\n\n\n<p><\/p>\n","protected":false},"excerpt":{"rendered":"<p>El ex mandatario norteamericano celebr\u00f3 el triunfo del libertario El expresidente de Estados Unidos\u00a0Donald Trump\u00a0(2017-2021) felicit\u00f3 este domingo al mandatario electo de Argentina, el libertarioJavier Milei, y se declar\u00f3 \u201corgulloso\u201d&hellip; <\/p>\n","protected":false},"author":3,"featured_media":103664,"comment_status":"closed","ping_status":"open","sticky":false,"template":"","format":"standard","meta":{"footnotes":""},"categories":[11],"tags":[],"class_list":["post-103657","post","type-post","status-publish","format-standard","has-post-thumbnail","hentry","category-internacionales"],"_links":{"self":[{"href":"https:\/\/corrientesdetarde.com\/index.php\/wp-json\/wp\/v2\/posts\/103657","targetHints":{"allow":["GET"]}}],"collection":[{"href":"https:\/\/corrientesdetarde.com\/index.php\/wp-json\/wp\/v2\/posts"}],"about":[{"href":"https:\/\/corrientesdetarde.com\/index.php\/wp-json\/wp\/v2\/types\/post"}],"author":[{"embeddable":true,"href":"https:\/\/corrientesdetarde.com\/index.php\/wp-json\/wp\/v2\/users\/3"}],"replies":[{"embeddable":true,"href":"https:\/\/corrientesdetarde.com\/index.php\/wp-json\/wp\/v2\/comments?post=103657"}],"version-history":[{"count":1,"href":"https:\/\/corrientesdetarde.com\/index.php\/wp-json\/wp\/v2\/posts\/103657\/revisions"}],"predecessor-version":[{"id":103675,"href":"https:\/\/corrientesdetarde.com\/index.php\/wp-json\/wp\/v2\/posts\/103657\/revisions\/103675"}],"wp:featuredmedia":[{"embeddable":true,"href":"https:\/\/corrientesdetarde.com\/index.php\/wp-json\/wp\/v2\/media\/103664"}],"wp:attachment":[{"href":"https:\/\/corrientesdetarde.com\/index.php\/wp-json\/wp\/v2\/media?parent=103657"}],"wp:term":[{"taxonomy":"category","embeddable":true,"href":"https:\/\/corrientesdetarde.com\/index.php\/wp-json\/wp\/v2\/categories?post=103657"},{"taxonomy":"post_tag","embeddable":true,"href":"https:\/\/corrientesdetarde.com\/index.php\/wp-json\/wp\/v2\/tags?post=103657"}],"curies":[{"name":"wp","href":"https:\/\/api.w.org\/{rel}","templated":true}]}}