{"id":103715,"date":"2023-11-20T12:21:46","date_gmt":"2023-11-20T15:21:46","guid":{"rendered":"https:\/\/corrientesdetarde.com\/?p=103715"},"modified":"2023-11-20T12:27:00","modified_gmt":"2023-11-20T15:27:00","slug":"hoy-20-de-noviembre-se-conmemora-el-dia-universal-de-los-derechos-de-ninas-ninos-y-adolescentes","status":"publish","type":"post","link":"https:\/\/corrientesdetarde.com\/index.php\/cultura\/hoy-20-de-noviembre-se-conmemora-el-dia-universal-de-los-derechos-de-ninas-ninos-y-adolescentes\/","title":{"rendered":"hoy 20 de noviembre\u00a0se conmemora el D\u00eda Universal de los derechos de ni\u00f1as\/ni\u00f1os y adolescentes"},"content":{"rendered":"<div class=\"wp-block-image\">\n<figure class=\"alignleft size-full is-resized\"><img loading=\"lazy\" decoding=\"async\" src=\"https:\/\/corrientesdetarde.com\/wp-content\/uploads\/2023\/11\/image-430.png\" alt=\"\" class=\"wp-image-103721\" width=\"268\" height=\"618\" srcset=\"https:\/\/corrientesdetarde.com\/wp-content\/uploads\/2023\/11\/image-430.png 330w, https:\/\/corrientesdetarde.com\/wp-content\/uploads\/2023\/11\/image-430-130x300.png 130w\" sizes=\"auto, (max-width: 268px) 100vw, 268px\" \/><\/figure>\n<\/div>\n\n\n<p>Naciones Unidas celebra hoy 20 de noviembre\u00a0 el D\u00eda Universal de los derechos de ni\u00f1as\/ni\u00f1os y adolescentes aprobado en 1959\u00a0.<\/p>\n\n\n\n<p>Esta Declaraci\u00f3n no ten\u00eda legalmente car\u00e1cter vinculante, no era suficiente para proteger a la infancia. Tras 10 a\u00f1os de negociaciones con varios pa\u00edses, ONGs y otras instituciones, se acord\u00f3 el texto final de la Convenci\u00f3n de los Derechos del Ni\u00f1o<\/p>\n\n\n\n<p>Esta fecha nos recuerda que los ni\u00f1as y ni\u00f1as son el colectivo mas vulnerable de la sociedad , por lo tanto es el que mas sufre las crisis y problemas del mundo.<\/p>\n\n\n\n<p>&nbsp;El&nbsp; Dr. Edgardo Frutos, Juez de Ni\u00f1ez, adolescencia y familia N\u00aa 5 de la ciudad de Corrientes,&nbsp; nos dice que los \u201cagentes\u201d somos los adultos,&nbsp; docente, vecino, t\u00eda\/t\u00edo etc. somos los que debemos denunciar ante en una situaci\u00f3n irregular que viva un ni\u00f1o.&nbsp;&nbsp;<\/p>\n\n\n\n<p>Los Derechos son muchos, entre ellos esta el derecho a tener una familia, a saber quienes son sus padres bil\u00f3gicos, a tener un documento de identidad, a estudiar, a alimentaci\u00f3n sana, a jugar, a tener educaci\u00f3n sexual, a tener amigos, a ser escuchados, y otros tantos.<\/p>\n\n\n\n<p>Se celebra este d\u00eda para recordar que los adultos debemos bregar por el bienestar la infancia.<\/p>\n\n\n\n<p><\/p>\n\n\n\n<p class=\"has-text-align-center\">Prof. Y Presidente de la Fundaci\u00f3n SEMBRAR Mar\u00eda Silvia Pozo  &#8211;>   <a rel=\"noreferrer noopener\" href=\"https:\/\/www.instagram.com\/silvia__pozo\/\" data-type=\"URL\" data-id=\"https:\/\/www.instagram.com\/silvia__pozo\/\" target=\"_blank\">INSTAGRAM<\/a> \ud83c\udf39<\/p>\n\n\n\n<p><\/p>\n\n\n\n<figure class=\"wp-block-image size-large\"><img loading=\"lazy\" decoding=\"async\" width=\"1024\" height=\"538\" src=\"https:\/\/corrientesdetarde.com\/wp-content\/uploads\/2023\/11\/image-433-1024x538.png\" alt=\"\" class=\"wp-image-103725\" srcset=\"https:\/\/corrientesdetarde.com\/wp-content\/uploads\/2023\/11\/image-433-1024x538.png 1024w, https:\/\/corrientesdetarde.com\/wp-content\/uploads\/2023\/11\/image-433-300x158.png 300w, https:\/\/corrientesdetarde.com\/wp-content\/uploads\/2023\/11\/image-433-768x403.png 768w, https:\/\/corrientesdetarde.com\/wp-content\/uploads\/2023\/11\/image-433.png 1200w\" sizes=\"auto, (max-width: 1024px) 100vw, 1024px\" \/><\/figure>\n","protected":false},"excerpt":{"rendered":"<p>Naciones Unidas celebra hoy 20 de noviembre\u00a0 el D\u00eda Universal de los derechos de ni\u00f1as\/ni\u00f1os y adolescentes aprobado en 1959\u00a0. Esta Declaraci\u00f3n no ten\u00eda legalmente car\u00e1cter vinculante, no era suficiente&hellip; <\/p>\n","protected":false},"author":1,"featured_media":103719,"comment_status":"closed","ping_status":"open","sticky":false,"template":"","format":"standard","meta":{"footnotes":""},"categories":[15,17],"tags":[],"class_list":["post-103715","post","type-post","status-publish","format-standard","has-post-thumbnail","hentry","category-cultura","category-sociales"],"_links":{"self":[{"href":"https:\/\/corrientesdetarde.com\/index.php\/wp-json\/wp\/v2\/posts\/103715","targetHints":{"allow":["GET"]}}],"collection":[{"href":"https:\/\/corrientesdetarde.com\/index.php\/wp-json\/wp\/v2\/posts"}],"about":[{"href":"https:\/\/corrientesdetarde.com\/index.php\/wp-json\/wp\/v2\/types\/post"}],"author":[{"embeddable":true,"href":"https:\/\/corrientesdetarde.com\/index.php\/wp-json\/wp\/v2\/users\/1"}],"replies":[{"embeddable":true,"href":"https:\/\/corrientesdetarde.com\/index.php\/wp-json\/wp\/v2\/comments?post=103715"}],"version-history":[{"count":3,"href":"https:\/\/corrientesdetarde.com\/index.php\/wp-json\/wp\/v2\/posts\/103715\/revisions"}],"predecessor-version":[{"id":103728,"href":"https:\/\/corrientesdetarde.com\/index.php\/wp-json\/wp\/v2\/posts\/103715\/revisions\/103728"}],"wp:featuredmedia":[{"embeddable":true,"href":"https:\/\/corrientesdetarde.com\/index.php\/wp-json\/wp\/v2\/media\/103719"}],"wp:attachment":[{"href":"https:\/\/corrientesdetarde.com\/index.php\/wp-json\/wp\/v2\/media?parent=103715"}],"wp:term":[{"taxonomy":"category","embeddable":true,"href":"https:\/\/corrientesdetarde.com\/index.php\/wp-json\/wp\/v2\/categories?post=103715"},{"taxonomy":"post_tag","embeddable":true,"href":"https:\/\/corrientesdetarde.com\/index.php\/wp-json\/wp\/v2\/tags?post=103715"}],"curies":[{"name":"wp","href":"https:\/\/api.w.org\/{rel}","templated":true}]}}