{"id":103991,"date":"2023-11-21T16:51:35","date_gmt":"2023-11-21T19:51:35","guid":{"rendered":"https:\/\/corrientesdetarde.com\/?p=103991"},"modified":"2023-11-21T16:51:47","modified_gmt":"2023-11-21T19:51:47","slug":"toque-de-queda-en-twitter-elon-musk-habia-prohibido-las-reuniones-de-empleados-para-evitar-motines","status":"publish","type":"post","link":"https:\/\/corrientesdetarde.com\/index.php\/tecnologia\/toque-de-queda-en-twitter-elon-musk-habia-prohibido-las-reuniones-de-empleados-para-evitar-motines\/","title":{"rendered":"Toque de queda en Twitter: Elon Musk hab\u00eda prohibido las reuniones de empleados para evitar motines"},"content":{"rendered":"\n<p>Los recelos del empresario no son totalmente infundados, ya que muchos trabajadores de la firma intentaron derribarlo tras la compra de la red social.<\/p>\n\n\n\n<p>\u201cHay muchos casos que lo muestran a\u00a0<strong>Elon Musk\u00a0fuera de control<\/strong>\u201d. El comentario fue realizado por Ben Mezrich, autor de\u00a0<em>Breaking Twitter<\/em>, un libro que cuenta detalles de la adquisici\u00f3n de la red social ahora llamada X por parte del empresario, concretada en octubre del a\u00f1o pasado. En di\u00e1logo con\u00a0<em>Business Insider<\/em>, el escritor revel\u00f3 que\u00a0<strong>el magnate tem\u00eda que los empleados organicen un mot\u00edn<\/strong>,y que durante su estad\u00eda como CEO de la empresa prohibi\u00f3 las reuniones con m\u00e1s de dos trabajadores.<\/p>\n\n\n\n<h2 class=\"wp-block-heading\">La paranoia de Elon Musk, seg\u00fan el autor de&nbsp;<em>Breaking Twitter<\/em><\/h2>\n\n\n\n<p>Tras la primera oferta y una negociaci\u00f3n tirante, Musk confirm\u00f3 la compra de Twitter (ahora X) en octubre de 2022 por 44.000 millones de d\u00f3lares. Antes de delegar el mando \u2014al menos en los papeles\u2014 a la actual CEO, Linda Yaccarino, el fundador de Tesla y SpaceX ocup\u00f3 el cargo de director ejecutivo y revolucion\u00f3 a la compa\u00f1\u00eda.\u00a0<strong>Los primeros meses suyos en la empresa ser\u00e1n recordados por los despidos masivos y los cambios profundos en el funcionamiento de la red social<\/strong>, que ahora tiene otro nombre.<\/p>\n\n\n\n<p>Seg\u00fan Mezrich, durante aquellos d\u00edas de inestabilidad&nbsp;<strong>Musk no escap\u00f3 a la paranoia<\/strong>: tem\u00eda que los empleados organicen un complot en su contra y que saboteen el funcionamiento del servicio; por eso prohibi\u00f3 los encuentros multitudinarios dentro de las instalaciones.<\/p>\n\n\n\n<figure class=\"wp-block-image\"><img decoding=\"async\" src=\"https:\/\/tn.com.ar\/resizer\/hLSjWtLfFR_UPh52NTWMrKTBZp8=\/767x0\/smart\/filters:format(webp)\/cloudfront-us-east-1.images.arcpublishing.com\/artear\/ELO4YV2LNNAYJMLYYODQ44YCYY.jpg\" alt=\"Elon Musk revolucion\u00f3 Twitter desde su llegada a la compa\u00f1\u00eda en octubre de 2022. (Foto: Archivo) \"\/><\/figure>\n\n\n\n<p>El autor \u2014que dialog\u00f3 con empleados de X, extrabajadores de Twitter y confidentes del multimillonario\u2014 centr\u00f3 su investigaci\u00f3n en la \u201cca\u00f3tica adquisici\u00f3n\u201d de la compa\u00f1\u00eda, indic\u00f3 la fuente. Los representantes de Musk no respondieron a la solicitud de comentarios.<\/p>\n\n\n\n<h2 class=\"wp-block-heading\">Elon Musk: \u00bfuna paranoia justificada?<\/h2>\n\n\n\n<p>A comienzos de a\u00f1o, un trabajador de Twitter dijo a\u00a0<em>The Verge\u00a0<\/em>que\u00a0<strong>Musk amenaz\u00f3 con despidos a los empleados que organicen grandes reuniones<\/strong>. Aunque extrema, la posici\u00f3n del empresario puede haber tenido asidero: de acuerdo a Mezrich, integrantes de la firma hab\u00edan planeado renuncias en masa para sabotear a los nuevos l\u00edderes.<\/p>\n\n\n\n<p>Seg\u00fan el autor, este tipo de decisiones son habituales en Musk. \u201cCreo que es parte de la forma en que&nbsp;<strong>Elon contraataca al mundo cuando se siente acorralado<\/strong>. Esto se repite en sus comportamientos\u201d, concluy\u00f3.<\/p>\n\n\n\n<p>Ahora, aunque alejado del sill\u00f3n ejecutivo, el magnate contin\u00faa al frente de las decisiones de la red social. Esta semana, X ha protagonizado las noticias tras la retirada masiva de anunciantes poderosos\u2014entre ellos Apple, Disney, Paramount e IBM\u2014 luego de que el multimillonario avive tensiones con publicaciones que apoyaron teor\u00edas antisemitas.<\/p>\n","protected":false},"excerpt":{"rendered":"<p>Los recelos del empresario no son totalmente infundados, ya que muchos trabajadores de la firma intentaron derribarlo tras la compra de la red social. \u201cHay muchos casos que lo muestran&hellip; <\/p>\n","protected":false},"author":8,"featured_media":103992,"comment_status":"closed","ping_status":"open","sticky":false,"template":"","format":"standard","meta":{"footnotes":""},"categories":[24],"tags":[],"class_list":["post-103991","post","type-post","status-publish","format-standard","has-post-thumbnail","hentry","category-tecnologia"],"_links":{"self":[{"href":"https:\/\/corrientesdetarde.com\/index.php\/wp-json\/wp\/v2\/posts\/103991","targetHints":{"allow":["GET"]}}],"collection":[{"href":"https:\/\/corrientesdetarde.com\/index.php\/wp-json\/wp\/v2\/posts"}],"about":[{"href":"https:\/\/corrientesdetarde.com\/index.php\/wp-json\/wp\/v2\/types\/post"}],"author":[{"embeddable":true,"href":"https:\/\/corrientesdetarde.com\/index.php\/wp-json\/wp\/v2\/users\/8"}],"replies":[{"embeddable":true,"href":"https:\/\/corrientesdetarde.com\/index.php\/wp-json\/wp\/v2\/comments?post=103991"}],"version-history":[{"count":1,"href":"https:\/\/corrientesdetarde.com\/index.php\/wp-json\/wp\/v2\/posts\/103991\/revisions"}],"predecessor-version":[{"id":103993,"href":"https:\/\/corrientesdetarde.com\/index.php\/wp-json\/wp\/v2\/posts\/103991\/revisions\/103993"}],"wp:featuredmedia":[{"embeddable":true,"href":"https:\/\/corrientesdetarde.com\/index.php\/wp-json\/wp\/v2\/media\/103992"}],"wp:attachment":[{"href":"https:\/\/corrientesdetarde.com\/index.php\/wp-json\/wp\/v2\/media?parent=103991"}],"wp:term":[{"taxonomy":"category","embeddable":true,"href":"https:\/\/corrientesdetarde.com\/index.php\/wp-json\/wp\/v2\/categories?post=103991"},{"taxonomy":"post_tag","embeddable":true,"href":"https:\/\/corrientesdetarde.com\/index.php\/wp-json\/wp\/v2\/tags?post=103991"}],"curies":[{"name":"wp","href":"https:\/\/api.w.org\/{rel}","templated":true}]}}